{"id":9301,"date":"2022-12-01T16:35:09","date_gmt":"2022-12-01T15:35:09","guid":{"rendered":"https:\/\/fojab.se\/?p=9301"},"modified":"2022-12-01T16:35:09","modified_gmt":"2022-12-01T15:35:09","slug":"mobility-houses-that-reduce-car-traffic","status":"publish","type":"post","link":"https:\/\/fojab.se\/en\/topical\/mobility-houses-that-reduce-car-traffic\/","title":{"rendered":"Mobility houses that reduce car traffic"},"content":{"rendered":"<p><strong>Two mobility houses, designed by FOJAB for Hub Park, will be built in Uller\u00e5ker in Uppsala municipality. The mobility houses will play an important role in minimizing car traffic in the residential area and facilitating sustainable transport for the residents.<\/strong><\/p>\n<p>Uller\u00e5ker is Uppsala's next major urban development project. Construction has just started and will be completed in 2035. In the meantime, the plan is to create 6 000 new homes and a sustainable district where the majority of travel will be by sustainable transport.<\/p>\n<p>The first phase is called Centrala Uller\u00e5ker and two mobility houses are planned. These will accommodate all car parking for the residents of the phase, as well as for visitors. There will also be an electric car pool and the opportunity to rent a box bike, scooter, electric scooter or other sustainable means of transport.<\/p>\n<p>- We have a goal for the urban development project in Central Uller\u00e5ker that 80 percent of all trips should be made by sustainable means of transport. This requires smart solutions like these mobility houses that make it easy for both residents and visitors to make climate-smart choices in their travel,\" says Erik Pelling (S), Chairman of the Municipal Executive Board.<\/p>\n<p>The overall solution for the two mobility houses involves an integrated approach to buildings, vehicles, services and people with long-term climate-smart construction, collaboration with various stakeholders on attractive mobility offers, digital aids and behavioral change initiatives.<\/p>\n<p>- The great value, as we see it, is that we do this together with our partners and in dialog with the municipality, other property owners and future users. Then the mobility houses become part of the solution to the area's need for parking, easier everyday life, coordinated logistics and movement,\" says Annika Fernlund, mobility strategist at Hub Park.<\/p>\n<p>The mobility houses will be flexible and climate-smart buildings that respond to the area's changing mobility needs over time. The northern building will have around 120 apartments on three sides that contribute to life, movement and security. The ground floor premises provide local services, community spaces or services related to mobility. The southern building will have 35 apartments and large areas for center activities and activities.<\/p>\n<p>- We have designed the two blocks to achieve the lowest possible climate impact with long-term sustainability in mind. The northern block is built entirely in wood, a material that can be easily transformed and binds carbon dioxide. The southern block has a built-in flexibility in the structure, so that it can easily be converted to, for example, housing when the need for car parking decreases,\" says Anders Eriksson Modin, responsible architect at FOJAB.<\/p>","protected":false},"excerpt":{"rendered":"<p>Tv\u00e5 mobilitetshus, ritade av FOJAB f\u00f6r Hub Park, ska uppf\u00f6ras i Uller\u00e5ker i Uppsala kommun. Mobilitetshusen f\u00e5r viktiga roller f\u00f6r att minimera biltrafiken i bostadsomr\u00e5det och underl\u00e4tta h\u00e5llbara transporter f\u00f6r de boende. Uller\u00e5ker \u00e4r Uppsalas n\u00e4sta stora stadsbyggnadsprojekt. Byggandet har precis b\u00f6rjat och ska vara klart 2035. Tills dess \u00e4r planen att det ska bli [&hellip;]<\/p>\n","protected":false},"author":13,"featured_media":9304,"comment_status":"closed","ping_status":"open","sticky":false,"template":"","format":"standard","meta":{"_monsterinsights_skip_tracking":false,"_monsterinsights_sitenote_active":false,"_monsterinsights_sitenote_note":"","_monsterinsights_sitenote_category":0,"footnotes":""},"categories":[1],"tags":[],"class_list":["post-9301","post","type-post","status-publish","format-standard","has-post-thumbnail","hentry","category-uncategorized"],"acf":[],"yoast_head":"<!-- This site is optimized with the Yoast SEO plugin v27.5 - https:\/\/yoast.com\/product\/yoast-seo-wordpress\/ -->\n<title>Mobilitetshus som minskar biltrafiken | FOJAB<\/title>\n<meta name=\"robots\" content=\"index, follow, max-snippet:-1, max-image-preview:large, max-video-preview:-1\" \/>\n<link rel=\"canonical\" href=\"https:\/\/fojab.se\/en\/topical\/mobility-houses-that-reduce-car-traffic\/\" \/>\n<meta property=\"og:locale\" content=\"en_US\" \/>\n<meta property=\"og:type\" content=\"article\" \/>\n<meta property=\"og:title\" content=\"Mobilitetshus som minskar biltrafiken | FOJAB\" \/>\n<meta property=\"og:description\" content=\"Tv\u00e5 mobilitetshus, ritade av FOJAB f\u00f6r Hub Park, ska uppf\u00f6ras i Uller\u00e5ker i Uppsala kommun. Mobilitetshusen f\u00e5r viktiga roller f\u00f6r att minimera biltrafiken i bostadsomr\u00e5det och underl\u00e4tta h\u00e5llbara transporter f\u00f6r de boende. Uller\u00e5ker \u00e4r Uppsalas n\u00e4sta stora stadsbyggnadsprojekt. Byggandet har precis b\u00f6rjat och ska vara klart 2035. Tills dess \u00e4r planen att det ska bli [&hellip;]\" \/>\n<meta property=\"og:url\" content=\"https:\/\/fojab.se\/en\/topical\/mobility-houses-that-reduce-car-traffic\/\" \/>\n<meta property=\"og:site_name\" content=\"FOJAB\" \/>\n<meta property=\"article:published_time\" content=\"2022-12-01T15:35:09+00:00\" \/>\n<meta property=\"og:image\" content=\"https:\/\/media1.fojab.se\/2022\/12\/HubPark-Kv-Livsgladjen_crop.jpg\" \/>\n\t<meta property=\"og:image:width\" content=\"1710\" \/>\n\t<meta property=\"og:image:height\" content=\"962\" \/>\n\t<meta property=\"og:image:type\" content=\"image\/jpeg\" \/>\n<meta name=\"author\" content=\"Frida Roijer\" \/>\n<meta name=\"twitter:card\" content=\"summary_large_image\" \/>\n<meta name=\"twitter:label1\" content=\"Written by\" \/>\n\t<meta name=\"twitter:data1\" content=\"Frida Roijer\" \/>\n\t<meta name=\"twitter:label2\" content=\"Est. reading time\" \/>\n\t<meta name=\"twitter:data2\" content=\"2 minutes\" \/>\n<script type=\"application\/ld+json\" class=\"yoast-schema-graph\">{\"@context\":\"https:\\\/\\\/schema.org\",\"@graph\":[{\"@type\":\"Article\",\"@id\":\"https:\\\/\\\/fojab.se\\\/aktuellt\\\/mobilitetshus-som-minskar-biltrafiken\\\/#article\",\"isPartOf\":{\"@id\":\"https:\\\/\\\/fojab.se\\\/aktuellt\\\/mobilitetshus-som-minskar-biltrafiken\\\/\"},\"author\":{\"name\":\"Frida Roijer\",\"@id\":\"https:\\\/\\\/fojab.se\\\/#\\\/schema\\\/person\\\/54707f9ec80683b444c021e58fc3b87b\"},\"headline\":\"Mobilitetshus som minskar biltrafiken\",\"datePublished\":\"2022-12-01T15:35:09+00:00\",\"mainEntityOfPage\":{\"@id\":\"https:\\\/\\\/fojab.se\\\/aktuellt\\\/mobilitetshus-som-minskar-biltrafiken\\\/\"},\"wordCount\":461,\"image\":{\"@id\":\"https:\\\/\\\/fojab.se\\\/aktuellt\\\/mobilitetshus-som-minskar-biltrafiken\\\/#primaryimage\"},\"thumbnailUrl\":\"https:\\\/\\\/media1.fojab.se\\\/2022\\\/12\\\/HubPark-Kv-Livsgladjen_crop.jpg\",\"inLanguage\":\"en-US\"},{\"@type\":\"WebPage\",\"@id\":\"https:\\\/\\\/fojab.se\\\/aktuellt\\\/mobilitetshus-som-minskar-biltrafiken\\\/\",\"url\":\"https:\\\/\\\/fojab.se\\\/aktuellt\\\/mobilitetshus-som-minskar-biltrafiken\\\/\",\"name\":\"Mobilitetshus som minskar biltrafiken | FOJAB\",\"isPartOf\":{\"@id\":\"https:\\\/\\\/fojab.se\\\/#website\"},\"primaryImageOfPage\":{\"@id\":\"https:\\\/\\\/fojab.se\\\/aktuellt\\\/mobilitetshus-som-minskar-biltrafiken\\\/#primaryimage\"},\"image\":{\"@id\":\"https:\\\/\\\/fojab.se\\\/aktuellt\\\/mobilitetshus-som-minskar-biltrafiken\\\/#primaryimage\"},\"thumbnailUrl\":\"https:\\\/\\\/media1.fojab.se\\\/2022\\\/12\\\/HubPark-Kv-Livsgladjen_crop.jpg\",\"datePublished\":\"2022-12-01T15:35:09+00:00\",\"author\":{\"@id\":\"https:\\\/\\\/fojab.se\\\/#\\\/schema\\\/person\\\/54707f9ec80683b444c021e58fc3b87b\"},\"breadcrumb\":{\"@id\":\"https:\\\/\\\/fojab.se\\\/aktuellt\\\/mobilitetshus-som-minskar-biltrafiken\\\/#breadcrumb\"},\"inLanguage\":\"en-US\",\"potentialAction\":[{\"@type\":\"ReadAction\",\"target\":[\"https:\\\/\\\/fojab.se\\\/aktuellt\\\/mobilitetshus-som-minskar-biltrafiken\\\/\"]}]},{\"@type\":\"ImageObject\",\"inLanguage\":\"en-US\",\"@id\":\"https:\\\/\\\/fojab.se\\\/aktuellt\\\/mobilitetshus-som-minskar-biltrafiken\\\/#primaryimage\",\"url\":\"https:\\\/\\\/media1.fojab.se\\\/2022\\\/12\\\/HubPark-Kv-Livsgladjen_crop.jpg\",\"contentUrl\":\"https:\\\/\\\/media1.fojab.se\\\/2022\\\/12\\\/HubPark-Kv-Livsgladjen_crop.jpg\",\"width\":1710,\"height\":962},{\"@type\":\"BreadcrumbList\",\"@id\":\"https:\\\/\\\/fojab.se\\\/aktuellt\\\/mobilitetshus-som-minskar-biltrafiken\\\/#breadcrumb\",\"itemListElement\":[{\"@type\":\"ListItem\",\"position\":1,\"name\":\"Hem\",\"item\":\"https:\\\/\\\/fojab.se\\\/\"},{\"@type\":\"ListItem\",\"position\":2,\"name\":\"Mobilitetshus som minskar biltrafiken\"}]},{\"@type\":\"WebSite\",\"@id\":\"https:\\\/\\\/fojab.se\\\/#website\",\"url\":\"https:\\\/\\\/fojab.se\\\/\",\"name\":\"FOJAB\",\"description\":\"\",\"potentialAction\":[{\"@type\":\"SearchAction\",\"target\":{\"@type\":\"EntryPoint\",\"urlTemplate\":\"https:\\\/\\\/fojab.se\\\/?s={search_term_string}\"},\"query-input\":{\"@type\":\"PropertyValueSpecification\",\"valueRequired\":true,\"valueName\":\"search_term_string\"}}],\"inLanguage\":\"en-US\"},{\"@type\":\"Person\",\"@id\":\"https:\\\/\\\/fojab.se\\\/#\\\/schema\\\/person\\\/54707f9ec80683b444c021e58fc3b87b\",\"name\":\"Frida Roijer\",\"image\":{\"@type\":\"ImageObject\",\"inLanguage\":\"en-US\",\"@id\":\"https:\\\/\\\/secure.gravatar.com\\\/avatar\\\/73fc92bb137edd2c9c6b8c33107eb69f59aacacfaee9868d7f812a97a93b9d9a?s=96&d=mm&r=g\",\"url\":\"https:\\\/\\\/secure.gravatar.com\\\/avatar\\\/73fc92bb137edd2c9c6b8c33107eb69f59aacacfaee9868d7f812a97a93b9d9a?s=96&d=mm&r=g\",\"contentUrl\":\"https:\\\/\\\/secure.gravatar.com\\\/avatar\\\/73fc92bb137edd2c9c6b8c33107eb69f59aacacfaee9868d7f812a97a93b9d9a?s=96&d=mm&r=g\",\"caption\":\"Frida Roijer\"},\"url\":\"https:\\\/\\\/fojab.se\\\/en\\\/aktuellt\\\/author\\\/frida-roijer\\\/\"}]}<\/script>\n<!-- \/ Yoast SEO plugin. -->","yoast_head_json":{"title":"Mobility houses that reduce car traffic | FOJAB","robots":{"index":"index","follow":"follow","max-snippet":"max-snippet:-1","max-image-preview":"max-image-preview:large","max-video-preview":"max-video-preview:-1"},"canonical":"https:\/\/fojab.se\/en\/topical\/mobility-houses-that-reduce-car-traffic\/","og_locale":"en_US","og_type":"article","og_title":"Mobilitetshus som minskar biltrafiken | FOJAB","og_description":"Tv\u00e5 mobilitetshus, ritade av FOJAB f\u00f6r Hub Park, ska uppf\u00f6ras i Uller\u00e5ker i Uppsala kommun. Mobilitetshusen f\u00e5r viktiga roller f\u00f6r att minimera biltrafiken i bostadsomr\u00e5det och underl\u00e4tta h\u00e5llbara transporter f\u00f6r de boende. Uller\u00e5ker \u00e4r Uppsalas n\u00e4sta stora stadsbyggnadsprojekt. Byggandet har precis b\u00f6rjat och ska vara klart 2035. Tills dess \u00e4r planen att det ska bli [&hellip;]","og_url":"https:\/\/fojab.se\/en\/topical\/mobility-houses-that-reduce-car-traffic\/","og_site_name":"FOJAB","article_published_time":"2022-12-01T15:35:09+00:00","og_image":[{"width":1710,"height":962,"url":"https:\/\/media1.fojab.se\/2022\/12\/HubPark-Kv-Livsgladjen_crop.jpg","type":"image\/jpeg"}],"author":"Frida Roijer","twitter_card":"summary_large_image","twitter_misc":{"Written by":"Frida Roijer","Est. reading time":"2 minutes"},"schema":{"@context":"https:\/\/schema.org","@graph":[{"@type":"Article","@id":"https:\/\/fojab.se\/aktuellt\/mobilitetshus-som-minskar-biltrafiken\/#article","isPartOf":{"@id":"https:\/\/fojab.se\/aktuellt\/mobilitetshus-som-minskar-biltrafiken\/"},"author":{"name":"Frida Roijer","@id":"https:\/\/fojab.se\/#\/schema\/person\/54707f9ec80683b444c021e58fc3b87b"},"headline":"Mobilitetshus som minskar biltrafiken","datePublished":"2022-12-01T15:35:09+00:00","mainEntityOfPage":{"@id":"https:\/\/fojab.se\/aktuellt\/mobilitetshus-som-minskar-biltrafiken\/"},"wordCount":461,"image":{"@id":"https:\/\/fojab.se\/aktuellt\/mobilitetshus-som-minskar-biltrafiken\/#primaryimage"},"thumbnailUrl":"https:\/\/media1.fojab.se\/2022\/12\/HubPark-Kv-Livsgladjen_crop.jpg","inLanguage":"en-US"},{"@type":"WebPage","@id":"https:\/\/fojab.se\/aktuellt\/mobilitetshus-som-minskar-biltrafiken\/","url":"https:\/\/fojab.se\/aktuellt\/mobilitetshus-som-minskar-biltrafiken\/","name":"Mobility houses that reduce car traffic | FOJAB","isPartOf":{"@id":"https:\/\/fojab.se\/#website"},"primaryImageOfPage":{"@id":"https:\/\/fojab.se\/aktuellt\/mobilitetshus-som-minskar-biltrafiken\/#primaryimage"},"image":{"@id":"https:\/\/fojab.se\/aktuellt\/mobilitetshus-som-minskar-biltrafiken\/#primaryimage"},"thumbnailUrl":"https:\/\/media1.fojab.se\/2022\/12\/HubPark-Kv-Livsgladjen_crop.jpg","datePublished":"2022-12-01T15:35:09+00:00","author":{"@id":"https:\/\/fojab.se\/#\/schema\/person\/54707f9ec80683b444c021e58fc3b87b"},"breadcrumb":{"@id":"https:\/\/fojab.se\/aktuellt\/mobilitetshus-som-minskar-biltrafiken\/#breadcrumb"},"inLanguage":"en-US","potentialAction":[{"@type":"ReadAction","target":["https:\/\/fojab.se\/aktuellt\/mobilitetshus-som-minskar-biltrafiken\/"]}]},{"@type":"ImageObject","inLanguage":"en-US","@id":"https:\/\/fojab.se\/aktuellt\/mobilitetshus-som-minskar-biltrafiken\/#primaryimage","url":"https:\/\/media1.fojab.se\/2022\/12\/HubPark-Kv-Livsgladjen_crop.jpg","contentUrl":"https:\/\/media1.fojab.se\/2022\/12\/HubPark-Kv-Livsgladjen_crop.jpg","width":1710,"height":962},{"@type":"BreadcrumbList","@id":"https:\/\/fojab.se\/aktuellt\/mobilitetshus-som-minskar-biltrafiken\/#breadcrumb","itemListElement":[{"@type":"ListItem","position":1,"name":"Hem","item":"https:\/\/fojab.se\/"},{"@type":"ListItem","position":2,"name":"Mobilitetshus som minskar biltrafiken"}]},{"@type":"WebSite","@id":"https:\/\/fojab.se\/#website","url":"https:\/\/fojab.se\/","name":"FOJAB","description":"","potentialAction":[{"@type":"SearchAction","target":{"@type":"EntryPoint","urlTemplate":"https:\/\/fojab.se\/?s={search_term_string}"},"query-input":{"@type":"PropertyValueSpecification","valueRequired":true,"valueName":"search_term_string"}}],"inLanguage":"en-US"},{"@type":"Person","@id":"https:\/\/fojab.se\/#\/schema\/person\/54707f9ec80683b444c021e58fc3b87b","name":"Frida Roijer","image":{"@type":"ImageObject","inLanguage":"en-US","@id":"https:\/\/secure.gravatar.com\/avatar\/73fc92bb137edd2c9c6b8c33107eb69f59aacacfaee9868d7f812a97a93b9d9a?s=96&d=mm&r=g","url":"https:\/\/secure.gravatar.com\/avatar\/73fc92bb137edd2c9c6b8c33107eb69f59aacacfaee9868d7f812a97a93b9d9a?s=96&d=mm&r=g","contentUrl":"https:\/\/secure.gravatar.com\/avatar\/73fc92bb137edd2c9c6b8c33107eb69f59aacacfaee9868d7f812a97a93b9d9a?s=96&d=mm&r=g","caption":"Frida Roijer"},"url":"https:\/\/fojab.se\/en\/aktuellt\/author\/frida-roijer\/"}]}},"_links":{"self":[{"href":"https:\/\/fojab.se\/en\/wp-json\/wp\/v2\/posts\/9301","targetHints":{"allow":["GET"]}}],"collection":[{"href":"https:\/\/fojab.se\/en\/wp-json\/wp\/v2\/posts"}],"about":[{"href":"https:\/\/fojab.se\/en\/wp-json\/wp\/v2\/types\/post"}],"author":[{"embeddable":true,"href":"https:\/\/fojab.se\/en\/wp-json\/wp\/v2\/users\/13"}],"replies":[{"embeddable":true,"href":"https:\/\/fojab.se\/en\/wp-json\/wp\/v2\/comments?post=9301"}],"version-history":[{"count":4,"href":"https:\/\/fojab.se\/en\/wp-json\/wp\/v2\/posts\/9301\/revisions"}],"predecessor-version":[{"id":9308,"href":"https:\/\/fojab.se\/en\/wp-json\/wp\/v2\/posts\/9301\/revisions\/9308"}],"wp:featuredmedia":[{"embeddable":true,"href":"https:\/\/fojab.se\/en\/wp-json\/wp\/v2\/media\/9304"}],"wp:attachment":[{"href":"https:\/\/fojab.se\/en\/wp-json\/wp\/v2\/media?parent=9301"}],"wp:term":[{"taxonomy":"category","embeddable":true,"href":"https:\/\/fojab.se\/en\/wp-json\/wp\/v2\/categories?post=9301"},{"taxonomy":"post_tag","embeddable":true,"href":"https:\/\/fojab.se\/en\/wp-json\/wp\/v2\/tags?post=9301"}],"curies":[{"name":"wp","href":"https:\/\/api.w.org\/{rel}","templated":true}]}}