{"id":9149,"date":"2022-11-21T10:23:08","date_gmt":"2022-11-21T09:23:08","guid":{"rendered":"https:\/\/fojab.se\/?p=9149"},"modified":"2022-11-21T10:23:08","modified_gmt":"2022-11-21T09:23:08","slug":"fojabs-ylva-aborg-joins-swedish-architects-board-of-directors","status":"publish","type":"post","link":"https:\/\/fojab.se\/en\/topical\/fojabs-ylva-aborg-joins-swedish-architects-board-of-directors\/","title":{"rendered":"FOJAB's Ylva \u00c5borg joins the board of Architects Sweden"},"content":{"rendered":"<p><strong>Ylva \u00c5borg, an architect and office manager at FOJAB in Stockholm, is elected to the Board of Architects Sweden.<br \/>\n<\/strong><strong>- As a board member, I want to ensure that sustainability issues permeate all activities. The circular economy requires a major shift in the architectural profession.<\/strong><\/p>\n<p>Architects Sweden is a professional and trade organization for all architects in Sweden who work with interior design, buildings, landscape or planning. With nearly 14,000 members, Architects Sweden organizes about 90 percent of the total architectural profession. At the AGM on November 20, a new board was elected.<\/p>\n<p>As a member, Ylva \u00c5borg wants to work towards making the circular economy the clear objective of the union.<\/p>\n<p>- Our industry is facing a paradigm shift that requires huge changes for us as architects, in our role and practice. In such times, it is important to work together as a body, so that we can jointly take the lead in the development of a circular economy.<\/p>\n<p>- We have had a hundred years of focusing on new production, but now we must switch to preserving and refining the current stock. Here, Architects Sweden has an opportunity to pave the way. It is about how we use our common resources, how we work towards politics and how we are seen as a union in the public debate and in the industry context. The sustainability glasses must always be on.<\/p>\n<p>- The economic situation also creates tough challenges that we must face together. The radically deteriorating conditions for the construction industry as a whole also make demands on our union's ability to adapt, but above all, the role of the Swedish Architects as a trade union is particularly important.<\/p>\n<p>Ylva \u00c5borg leads and develops the work at FOJAB's Stockholm office. The office has grown steadily since its inception in 2013, and since Ylva took over as manager less than a year ago, it has gained market share in the Stockholm region in sectors such as knowledge environments, community properties and sports &amp; health. The focus on sustainability is constantly present at FOJAB, with the development of new tools and new methodology, for example in sustainable urban development and life cycle analysis in early stages.<\/p>\n<p>- Within FOJAB there is a joy of innovation in terms of sustainability and digitalization that I want to share. To move architecture forward, we need to work together.<strong><em><br \/>\n<\/em><\/strong><\/p>\n<p><strong><em>Facts: Swedish Architects' new board<br \/>\n<\/em><\/strong><em>Emina Kovacic, Chair, Bj\u00f6rn Ekelund, 1st Vice Chair, Anna Leonsson, 2nd Vice Chair, and Members Per Bornstein, Patrik Faming, Maja Olsson, Anna Krook, My Lekberg, Valter Fredstr\u00f6m, M\u00e5rten Claesson and Ylva \u00c5borg.\u00a0<\/em><em>The new board will take office on January 1, 2023 for a two-year term.<\/em><\/p>","protected":false},"excerpt":{"rendered":"<p>Ylva \u00c5borg, arkitekt och kontorschef p\u00e5 FOJAB i Stockholm, v\u00e4ljs in i Sveriges Arkitekters styrelse. \u2013 Som styrelseledamot vill jag bevaka att h\u00e5llbarhetsfr\u00e5gorna genomsyrar all verksamhet. Cirkul\u00e4r ekonomi kr\u00e4ver en omfattande omst\u00e4llning inom arkitektk\u00e5ren. Sveriges Arkitekter \u00e4r en fack- och branschorganisation f\u00f6r alla arkitekter i Sverige, som jobbar med inredning, hus, landskap eller planering. Med [&hellip;]<\/p>\n","protected":false},"author":13,"featured_media":9150,"comment_status":"closed","ping_status":"open","sticky":false,"template":"","format":"standard","meta":{"_monsterinsights_skip_tracking":false,"_monsterinsights_sitenote_active":false,"_monsterinsights_sitenote_note":"","_monsterinsights_sitenote_category":0,"footnotes":""},"categories":[1],"tags":[],"class_list":["post-9149","post","type-post","status-publish","format-standard","has-post-thumbnail","hentry","category-uncategorized"],"acf":[],"yoast_head":"<!-- This site is optimized with the Yoast SEO plugin v27.4 - https:\/\/yoast.com\/product\/yoast-seo-wordpress\/ -->\n<title>FOJABs Ylva \u00c5borg tar plats i Sveriges Arkitekters styrelse | FOJAB<\/title>\n<meta name=\"robots\" content=\"index, follow, max-snippet:-1, max-image-preview:large, max-video-preview:-1\" \/>\n<link rel=\"canonical\" href=\"https:\/\/fojab.se\/en\/topical\/fojabs-ylva-aborg-joins-swedish-architects-board-of-directors\/\" \/>\n<meta property=\"og:locale\" content=\"en_US\" \/>\n<meta property=\"og:type\" content=\"article\" \/>\n<meta property=\"og:title\" content=\"FOJABs Ylva \u00c5borg tar plats i Sveriges Arkitekters styrelse | FOJAB\" \/>\n<meta property=\"og:description\" content=\"Ylva \u00c5borg, arkitekt och kontorschef p\u00e5 FOJAB i Stockholm, v\u00e4ljs in i Sveriges Arkitekters styrelse. \u2013 Som styrelseledamot vill jag bevaka att h\u00e5llbarhetsfr\u00e5gorna genomsyrar all verksamhet. Cirkul\u00e4r ekonomi kr\u00e4ver en omfattande omst\u00e4llning inom arkitektk\u00e5ren. Sveriges Arkitekter \u00e4r en fack- och branschorganisation f\u00f6r alla arkitekter i Sverige, som jobbar med inredning, hus, landskap eller planering. Med [&hellip;]\" \/>\n<meta property=\"og:url\" content=\"https:\/\/fojab.se\/en\/topical\/fojabs-ylva-aborg-joins-swedish-architects-board-of-directors\/\" \/>\n<meta property=\"og:site_name\" content=\"FOJAB\" \/>\n<meta property=\"article:published_time\" content=\"2022-11-21T09:23:08+00:00\" \/>\n<meta property=\"og:image\" content=\"https:\/\/media1.fojab.se\/2022\/11\/Ylva-Aborg-FOJAB-e1669022537669.jpg\" \/>\n\t<meta property=\"og:image:width\" content=\"1280\" \/>\n\t<meta property=\"og:image:height\" content=\"934\" \/>\n\t<meta property=\"og:image:type\" content=\"image\/jpeg\" \/>\n<meta name=\"author\" content=\"Frida Roijer\" \/>\n<meta name=\"twitter:card\" content=\"summary_large_image\" \/>\n<meta name=\"twitter:label1\" content=\"Written by\" \/>\n\t<meta name=\"twitter:data1\" content=\"Frida Roijer\" \/>\n\t<meta name=\"twitter:label2\" content=\"Est. reading time\" \/>\n\t<meta name=\"twitter:data2\" content=\"2 minutes\" \/>\n<script type=\"application\/ld+json\" class=\"yoast-schema-graph\">{\"@context\":\"https:\\\/\\\/schema.org\",\"@graph\":[{\"@type\":\"Article\",\"@id\":\"https:\\\/\\\/fojab.se\\\/aktuellt\\\/fojabs-ylva-aborg-tar-plats-i-sveriges-arkitekters-styrelse\\\/#article\",\"isPartOf\":{\"@id\":\"https:\\\/\\\/fojab.se\\\/aktuellt\\\/fojabs-ylva-aborg-tar-plats-i-sveriges-arkitekters-styrelse\\\/\"},\"author\":{\"name\":\"Frida Roijer\",\"@id\":\"https:\\\/\\\/fojab.se\\\/#\\\/schema\\\/person\\\/54707f9ec80683b444c021e58fc3b87b\"},\"headline\":\"FOJABs Ylva \u00c5borg tar plats i Sveriges Arkitekters styrelse\",\"datePublished\":\"2022-11-21T09:23:08+00:00\",\"mainEntityOfPage\":{\"@id\":\"https:\\\/\\\/fojab.se\\\/aktuellt\\\/fojabs-ylva-aborg-tar-plats-i-sveriges-arkitekters-styrelse\\\/\"},\"wordCount\":460,\"image\":{\"@id\":\"https:\\\/\\\/fojab.se\\\/aktuellt\\\/fojabs-ylva-aborg-tar-plats-i-sveriges-arkitekters-styrelse\\\/#primaryimage\"},\"thumbnailUrl\":\"https:\\\/\\\/media1.fojab.se\\\/2022\\\/11\\\/Ylva-Aborg-FOJAB-e1669022537669.jpg\",\"inLanguage\":\"en-US\"},{\"@type\":\"WebPage\",\"@id\":\"https:\\\/\\\/fojab.se\\\/aktuellt\\\/fojabs-ylva-aborg-tar-plats-i-sveriges-arkitekters-styrelse\\\/\",\"url\":\"https:\\\/\\\/fojab.se\\\/aktuellt\\\/fojabs-ylva-aborg-tar-plats-i-sveriges-arkitekters-styrelse\\\/\",\"name\":\"FOJABs Ylva \u00c5borg tar plats i Sveriges Arkitekters styrelse | FOJAB\",\"isPartOf\":{\"@id\":\"https:\\\/\\\/fojab.se\\\/#website\"},\"primaryImageOfPage\":{\"@id\":\"https:\\\/\\\/fojab.se\\\/aktuellt\\\/fojabs-ylva-aborg-tar-plats-i-sveriges-arkitekters-styrelse\\\/#primaryimage\"},\"image\":{\"@id\":\"https:\\\/\\\/fojab.se\\\/aktuellt\\\/fojabs-ylva-aborg-tar-plats-i-sveriges-arkitekters-styrelse\\\/#primaryimage\"},\"thumbnailUrl\":\"https:\\\/\\\/media1.fojab.se\\\/2022\\\/11\\\/Ylva-Aborg-FOJAB-e1669022537669.jpg\",\"datePublished\":\"2022-11-21T09:23:08+00:00\",\"author\":{\"@id\":\"https:\\\/\\\/fojab.se\\\/#\\\/schema\\\/person\\\/54707f9ec80683b444c021e58fc3b87b\"},\"breadcrumb\":{\"@id\":\"https:\\\/\\\/fojab.se\\\/aktuellt\\\/fojabs-ylva-aborg-tar-plats-i-sveriges-arkitekters-styrelse\\\/#breadcrumb\"},\"inLanguage\":\"en-US\",\"potentialAction\":[{\"@type\":\"ReadAction\",\"target\":[\"https:\\\/\\\/fojab.se\\\/aktuellt\\\/fojabs-ylva-aborg-tar-plats-i-sveriges-arkitekters-styrelse\\\/\"]}]},{\"@type\":\"ImageObject\",\"inLanguage\":\"en-US\",\"@id\":\"https:\\\/\\\/fojab.se\\\/aktuellt\\\/fojabs-ylva-aborg-tar-plats-i-sveriges-arkitekters-styrelse\\\/#primaryimage\",\"url\":\"https:\\\/\\\/media1.fojab.se\\\/2022\\\/11\\\/Ylva-Aborg-FOJAB-e1669022537669.jpg\",\"contentUrl\":\"https:\\\/\\\/media1.fojab.se\\\/2022\\\/11\\\/Ylva-Aborg-FOJAB-e1669022537669.jpg\",\"width\":1280,\"height\":934},{\"@type\":\"BreadcrumbList\",\"@id\":\"https:\\\/\\\/fojab.se\\\/aktuellt\\\/fojabs-ylva-aborg-tar-plats-i-sveriges-arkitekters-styrelse\\\/#breadcrumb\",\"itemListElement\":[{\"@type\":\"ListItem\",\"position\":1,\"name\":\"Hem\",\"item\":\"https:\\\/\\\/fojab.se\\\/\"},{\"@type\":\"ListItem\",\"position\":2,\"name\":\"FOJABs Ylva \u00c5borg tar plats i Sveriges Arkitekters styrelse\"}]},{\"@type\":\"WebSite\",\"@id\":\"https:\\\/\\\/fojab.se\\\/#website\",\"url\":\"https:\\\/\\\/fojab.se\\\/\",\"name\":\"FOJAB\",\"description\":\"\",\"potentialAction\":[{\"@type\":\"SearchAction\",\"target\":{\"@type\":\"EntryPoint\",\"urlTemplate\":\"https:\\\/\\\/fojab.se\\\/?s={search_term_string}\"},\"query-input\":{\"@type\":\"PropertyValueSpecification\",\"valueRequired\":true,\"valueName\":\"search_term_string\"}}],\"inLanguage\":\"en-US\"},{\"@type\":\"Person\",\"@id\":\"https:\\\/\\\/fojab.se\\\/#\\\/schema\\\/person\\\/54707f9ec80683b444c021e58fc3b87b\",\"name\":\"Frida Roijer\",\"image\":{\"@type\":\"ImageObject\",\"inLanguage\":\"en-US\",\"@id\":\"https:\\\/\\\/secure.gravatar.com\\\/avatar\\\/73fc92bb137edd2c9c6b8c33107eb69f59aacacfaee9868d7f812a97a93b9d9a?s=96&d=mm&r=g\",\"url\":\"https:\\\/\\\/secure.gravatar.com\\\/avatar\\\/73fc92bb137edd2c9c6b8c33107eb69f59aacacfaee9868d7f812a97a93b9d9a?s=96&d=mm&r=g\",\"contentUrl\":\"https:\\\/\\\/secure.gravatar.com\\\/avatar\\\/73fc92bb137edd2c9c6b8c33107eb69f59aacacfaee9868d7f812a97a93b9d9a?s=96&d=mm&r=g\",\"caption\":\"Frida Roijer\"},\"url\":\"https:\\\/\\\/fojab.se\\\/en\\\/aktuellt\\\/author\\\/frida-roijer\\\/\"}]}<\/script>\n<!-- \/ Yoast SEO plugin. -->","yoast_head_json":{"title":"FOJAB's Ylva \u00c5borg joins the Board of Architects of Sweden | FOJAB","robots":{"index":"index","follow":"follow","max-snippet":"max-snippet:-1","max-image-preview":"max-image-preview:large","max-video-preview":"max-video-preview:-1"},"canonical":"https:\/\/fojab.se\/en\/topical\/fojabs-ylva-aborg-joins-swedish-architects-board-of-directors\/","og_locale":"en_US","og_type":"article","og_title":"FOJABs Ylva \u00c5borg tar plats i Sveriges Arkitekters styrelse | FOJAB","og_description":"Ylva \u00c5borg, arkitekt och kontorschef p\u00e5 FOJAB i Stockholm, v\u00e4ljs in i Sveriges Arkitekters styrelse. \u2013 Som styrelseledamot vill jag bevaka att h\u00e5llbarhetsfr\u00e5gorna genomsyrar all verksamhet. Cirkul\u00e4r ekonomi kr\u00e4ver en omfattande omst\u00e4llning inom arkitektk\u00e5ren. Sveriges Arkitekter \u00e4r en fack- och branschorganisation f\u00f6r alla arkitekter i Sverige, som jobbar med inredning, hus, landskap eller planering. Med [&hellip;]","og_url":"https:\/\/fojab.se\/en\/topical\/fojabs-ylva-aborg-joins-swedish-architects-board-of-directors\/","og_site_name":"FOJAB","article_published_time":"2022-11-21T09:23:08+00:00","og_image":[{"width":1280,"height":934,"url":"https:\/\/media1.fojab.se\/2022\/11\/Ylva-Aborg-FOJAB-e1669022537669.jpg","type":"image\/jpeg"}],"author":"Frida Roijer","twitter_card":"summary_large_image","twitter_misc":{"Written by":"Frida Roijer","Est. reading time":"2 minutes"},"schema":{"@context":"https:\/\/schema.org","@graph":[{"@type":"Article","@id":"https:\/\/fojab.se\/aktuellt\/fojabs-ylva-aborg-tar-plats-i-sveriges-arkitekters-styrelse\/#article","isPartOf":{"@id":"https:\/\/fojab.se\/aktuellt\/fojabs-ylva-aborg-tar-plats-i-sveriges-arkitekters-styrelse\/"},"author":{"name":"Frida Roijer","@id":"https:\/\/fojab.se\/#\/schema\/person\/54707f9ec80683b444c021e58fc3b87b"},"headline":"FOJABs Ylva \u00c5borg tar plats i Sveriges Arkitekters styrelse","datePublished":"2022-11-21T09:23:08+00:00","mainEntityOfPage":{"@id":"https:\/\/fojab.se\/aktuellt\/fojabs-ylva-aborg-tar-plats-i-sveriges-arkitekters-styrelse\/"},"wordCount":460,"image":{"@id":"https:\/\/fojab.se\/aktuellt\/fojabs-ylva-aborg-tar-plats-i-sveriges-arkitekters-styrelse\/#primaryimage"},"thumbnailUrl":"https:\/\/media1.fojab.se\/2022\/11\/Ylva-Aborg-FOJAB-e1669022537669.jpg","inLanguage":"en-US"},{"@type":"WebPage","@id":"https:\/\/fojab.se\/aktuellt\/fojabs-ylva-aborg-tar-plats-i-sveriges-arkitekters-styrelse\/","url":"https:\/\/fojab.se\/aktuellt\/fojabs-ylva-aborg-tar-plats-i-sveriges-arkitekters-styrelse\/","name":"FOJAB's Ylva \u00c5borg joins the Board of Architects of Sweden | FOJAB","isPartOf":{"@id":"https:\/\/fojab.se\/#website"},"primaryImageOfPage":{"@id":"https:\/\/fojab.se\/aktuellt\/fojabs-ylva-aborg-tar-plats-i-sveriges-arkitekters-styrelse\/#primaryimage"},"image":{"@id":"https:\/\/fojab.se\/aktuellt\/fojabs-ylva-aborg-tar-plats-i-sveriges-arkitekters-styrelse\/#primaryimage"},"thumbnailUrl":"https:\/\/media1.fojab.se\/2022\/11\/Ylva-Aborg-FOJAB-e1669022537669.jpg","datePublished":"2022-11-21T09:23:08+00:00","author":{"@id":"https:\/\/fojab.se\/#\/schema\/person\/54707f9ec80683b444c021e58fc3b87b"},"breadcrumb":{"@id":"https:\/\/fojab.se\/aktuellt\/fojabs-ylva-aborg-tar-plats-i-sveriges-arkitekters-styrelse\/#breadcrumb"},"inLanguage":"en-US","potentialAction":[{"@type":"ReadAction","target":["https:\/\/fojab.se\/aktuellt\/fojabs-ylva-aborg-tar-plats-i-sveriges-arkitekters-styrelse\/"]}]},{"@type":"ImageObject","inLanguage":"en-US","@id":"https:\/\/fojab.se\/aktuellt\/fojabs-ylva-aborg-tar-plats-i-sveriges-arkitekters-styrelse\/#primaryimage","url":"https:\/\/media1.fojab.se\/2022\/11\/Ylva-Aborg-FOJAB-e1669022537669.jpg","contentUrl":"https:\/\/media1.fojab.se\/2022\/11\/Ylva-Aborg-FOJAB-e1669022537669.jpg","width":1280,"height":934},{"@type":"BreadcrumbList","@id":"https:\/\/fojab.se\/aktuellt\/fojabs-ylva-aborg-tar-plats-i-sveriges-arkitekters-styrelse\/#breadcrumb","itemListElement":[{"@type":"ListItem","position":1,"name":"Hem","item":"https:\/\/fojab.se\/"},{"@type":"ListItem","position":2,"name":"FOJABs Ylva \u00c5borg tar plats i Sveriges Arkitekters styrelse"}]},{"@type":"WebSite","@id":"https:\/\/fojab.se\/#website","url":"https:\/\/fojab.se\/","name":"FOJAB","description":"","potentialAction":[{"@type":"SearchAction","target":{"@type":"EntryPoint","urlTemplate":"https:\/\/fojab.se\/?s={search_term_string}"},"query-input":{"@type":"PropertyValueSpecification","valueRequired":true,"valueName":"search_term_string"}}],"inLanguage":"en-US"},{"@type":"Person","@id":"https:\/\/fojab.se\/#\/schema\/person\/54707f9ec80683b444c021e58fc3b87b","name":"Frida Roijer","image":{"@type":"ImageObject","inLanguage":"en-US","@id":"https:\/\/secure.gravatar.com\/avatar\/73fc92bb137edd2c9c6b8c33107eb69f59aacacfaee9868d7f812a97a93b9d9a?s=96&d=mm&r=g","url":"https:\/\/secure.gravatar.com\/avatar\/73fc92bb137edd2c9c6b8c33107eb69f59aacacfaee9868d7f812a97a93b9d9a?s=96&d=mm&r=g","contentUrl":"https:\/\/secure.gravatar.com\/avatar\/73fc92bb137edd2c9c6b8c33107eb69f59aacacfaee9868d7f812a97a93b9d9a?s=96&d=mm&r=g","caption":"Frida Roijer"},"url":"https:\/\/fojab.se\/en\/aktuellt\/author\/frida-roijer\/"}]}},"_links":{"self":[{"href":"https:\/\/fojab.se\/en\/wp-json\/wp\/v2\/posts\/9149","targetHints":{"allow":["GET"]}}],"collection":[{"href":"https:\/\/fojab.se\/en\/wp-json\/wp\/v2\/posts"}],"about":[{"href":"https:\/\/fojab.se\/en\/wp-json\/wp\/v2\/types\/post"}],"author":[{"embeddable":true,"href":"https:\/\/fojab.se\/en\/wp-json\/wp\/v2\/users\/13"}],"replies":[{"embeddable":true,"href":"https:\/\/fojab.se\/en\/wp-json\/wp\/v2\/comments?post=9149"}],"version-history":[{"count":2,"href":"https:\/\/fojab.se\/en\/wp-json\/wp\/v2\/posts\/9149\/revisions"}],"predecessor-version":[{"id":9152,"href":"https:\/\/fojab.se\/en\/wp-json\/wp\/v2\/posts\/9149\/revisions\/9152"}],"wp:featuredmedia":[{"embeddable":true,"href":"https:\/\/fojab.se\/en\/wp-json\/wp\/v2\/media\/9150"}],"wp:attachment":[{"href":"https:\/\/fojab.se\/en\/wp-json\/wp\/v2\/media?parent=9149"}],"wp:term":[{"taxonomy":"category","embeddable":true,"href":"https:\/\/fojab.se\/en\/wp-json\/wp\/v2\/categories?post=9149"},{"taxonomy":"post_tag","embeddable":true,"href":"https:\/\/fojab.se\/en\/wp-json\/wp\/v2\/tags?post=9149"}],"curies":[{"name":"wp","href":"https:\/\/api.w.org\/{rel}","templated":true}]}}