{"id":8633,"date":"2022-10-21T16:54:47","date_gmt":"2022-10-21T14:54:47","guid":{"rendered":"https:\/\/fojab.se\/?p=8633"},"modified":"2022-10-24T11:55:11","modified_gmt":"2022-10-24T09:55:11","slug":"fojab-designs-brommas-new-sports-hall","status":"publish","type":"post","link":"https:\/\/fojab.se\/en\/topical\/fojab-designs-brommas-new-sports-hall\/","title":{"rendered":"FOJAB to design Bromma's new sports hall"},"content":{"rendered":"<p><strong>Together with Hems\u00f6, FOJAB is developing a new sports hall in Bromma with a focus on girl-dominated sports. <\/strong><\/p>\n<p>It will be Sweden's first specially adapted ice rink for figure skating and a gymnastics arena for team gymnastics - all under the same roof. FOJAB has assisted Hems\u00f6 in the work on the sports facility in the early stages, plan development, design and collaboration with the sports movement.<\/p>\n<p>- We have worked closely with the Swedish Figure Skating Federation and the Swedish Gymnastics Federation to understand their conditions,\" says architect Anna Belfrage.<\/p>\n<p>- As well as meeting their sporting requirements and wishes, it is equally important that the building is socially functional. Many of the children and young people come straight from school, train in long sessions and spend a lot of time in the sports hall. Facilitating everyday life for them and their parents has therefore been an important focus and we have planned a place to do homework and eat snacks or heat their evening meal - a bit like a leisure center.<\/p>\n<p>Photo: Dennis Wernersson<\/p>","protected":false},"excerpt":{"rendered":"<p>Tillsammans med Hems\u00f6 utvecklar FOJAB en ny idrottshall i Bromma med fokus p\u00e5 tjejdominerade sporter. Det blir Sveriges f\u00f6rsta specialanpassade isbana f\u00f6r konst\u00e5kning och en gymnastikarena f\u00f6r truppgymnastik \u2013 allt under samma tak. FOJAB har bist\u00e5tt Hems\u00f6 i arbetet med idrottsanl\u00e4ggningen i b\u00e5de tidigt skede, planutveckling, gestaltning och samverkan med idrottsr\u00f6relsen. \u2013 Vi har arbetat [&hellip;]<\/p>\n","protected":false},"author":13,"featured_media":8634,"comment_status":"closed","ping_status":"open","sticky":false,"template":"","format":"standard","meta":{"_monsterinsights_skip_tracking":false,"_monsterinsights_sitenote_active":false,"_monsterinsights_sitenote_note":"","_monsterinsights_sitenote_category":0,"footnotes":""},"categories":[1],"tags":[],"class_list":["post-8633","post","type-post","status-publish","format-standard","has-post-thumbnail","hentry","category-uncategorized"],"acf":[],"yoast_head":"<!-- This site is optimized with the Yoast SEO plugin v27.5 - https:\/\/yoast.com\/product\/yoast-seo-wordpress\/ -->\n<title>FOJAB ritar Brommas nya idrottshall | FOJAB<\/title>\n<meta name=\"robots\" content=\"index, follow, max-snippet:-1, max-image-preview:large, max-video-preview:-1\" \/>\n<link rel=\"canonical\" href=\"https:\/\/fojab.se\/en\/topical\/fojab-designs-brommas-new-sports-hall\/\" \/>\n<meta property=\"og:locale\" content=\"en_US\" \/>\n<meta property=\"og:type\" content=\"article\" \/>\n<meta property=\"og:title\" content=\"FOJAB ritar Brommas nya idrottshall | FOJAB\" \/>\n<meta property=\"og:description\" content=\"Tillsammans med Hems\u00f6 utvecklar FOJAB en ny idrottshall i Bromma med fokus p\u00e5 tjejdominerade sporter. Det blir Sveriges f\u00f6rsta specialanpassade isbana f\u00f6r konst\u00e5kning och en gymnastikarena f\u00f6r truppgymnastik \u2013 allt under samma tak. FOJAB har bist\u00e5tt Hems\u00f6 i arbetet med idrottsanl\u00e4ggningen i b\u00e5de tidigt skede, planutveckling, gestaltning och samverkan med idrottsr\u00f6relsen. \u2013 Vi har arbetat [&hellip;]\" \/>\n<meta property=\"og:url\" content=\"https:\/\/fojab.se\/en\/topical\/fojab-designs-brommas-new-sports-hall\/\" \/>\n<meta property=\"og:site_name\" content=\"FOJAB\" \/>\n<meta property=\"article:published_time\" content=\"2022-10-21T14:54:47+00:00\" \/>\n<meta property=\"article:modified_time\" content=\"2022-10-24T09:55:11+00:00\" \/>\n<meta property=\"og:image\" content=\"https:\/\/media1.fojab.se\/2022\/10\/SKF_SM_invigning_2013_Foto-Dennis-Wernersson_L07-2-scaled.jpg\" \/>\n\t<meta property=\"og:image:width\" content=\"2560\" \/>\n\t<meta property=\"og:image:height\" content=\"1707\" \/>\n\t<meta property=\"og:image:type\" content=\"image\/jpeg\" \/>\n<meta name=\"author\" content=\"Frida Roijer\" \/>\n<meta name=\"twitter:card\" content=\"summary_large_image\" \/>\n<meta name=\"twitter:label1\" content=\"Written by\" \/>\n\t<meta name=\"twitter:data1\" content=\"Frida Roijer\" \/>\n\t<meta name=\"twitter:label2\" content=\"Est. reading time\" \/>\n\t<meta name=\"twitter:data2\" content=\"1 minute\" \/>\n<script type=\"application\/ld+json\" class=\"yoast-schema-graph\">{\"@context\":\"https:\\\/\\\/schema.org\",\"@graph\":[{\"@type\":\"Article\",\"@id\":\"https:\\\/\\\/fojab.se\\\/aktuellt\\\/fojab-ritar-brommas-nya-idrottshall\\\/#article\",\"isPartOf\":{\"@id\":\"https:\\\/\\\/fojab.se\\\/aktuellt\\\/fojab-ritar-brommas-nya-idrottshall\\\/\"},\"author\":{\"name\":\"Frida Roijer\",\"@id\":\"https:\\\/\\\/fojab.se\\\/#\\\/schema\\\/person\\\/54707f9ec80683b444c021e58fc3b87b\"},\"headline\":\"FOJAB ritar Brommas nya idrottshall\",\"datePublished\":\"2022-10-21T14:54:47+00:00\",\"dateModified\":\"2022-10-24T09:55:11+00:00\",\"mainEntityOfPage\":{\"@id\":\"https:\\\/\\\/fojab.se\\\/aktuellt\\\/fojab-ritar-brommas-nya-idrottshall\\\/\"},\"wordCount\":182,\"image\":{\"@id\":\"https:\\\/\\\/fojab.se\\\/aktuellt\\\/fojab-ritar-brommas-nya-idrottshall\\\/#primaryimage\"},\"thumbnailUrl\":\"https:\\\/\\\/media1.fojab.se\\\/2022\\\/10\\\/SKF_SM_invigning_2013_Foto-Dennis-Wernersson_L07-2-scaled.jpg\",\"inLanguage\":\"en-US\"},{\"@type\":\"WebPage\",\"@id\":\"https:\\\/\\\/fojab.se\\\/aktuellt\\\/fojab-ritar-brommas-nya-idrottshall\\\/\",\"url\":\"https:\\\/\\\/fojab.se\\\/aktuellt\\\/fojab-ritar-brommas-nya-idrottshall\\\/\",\"name\":\"FOJAB ritar Brommas nya idrottshall | FOJAB\",\"isPartOf\":{\"@id\":\"https:\\\/\\\/fojab.se\\\/#website\"},\"primaryImageOfPage\":{\"@id\":\"https:\\\/\\\/fojab.se\\\/aktuellt\\\/fojab-ritar-brommas-nya-idrottshall\\\/#primaryimage\"},\"image\":{\"@id\":\"https:\\\/\\\/fojab.se\\\/aktuellt\\\/fojab-ritar-brommas-nya-idrottshall\\\/#primaryimage\"},\"thumbnailUrl\":\"https:\\\/\\\/media1.fojab.se\\\/2022\\\/10\\\/SKF_SM_invigning_2013_Foto-Dennis-Wernersson_L07-2-scaled.jpg\",\"datePublished\":\"2022-10-21T14:54:47+00:00\",\"dateModified\":\"2022-10-24T09:55:11+00:00\",\"author\":{\"@id\":\"https:\\\/\\\/fojab.se\\\/#\\\/schema\\\/person\\\/54707f9ec80683b444c021e58fc3b87b\"},\"breadcrumb\":{\"@id\":\"https:\\\/\\\/fojab.se\\\/aktuellt\\\/fojab-ritar-brommas-nya-idrottshall\\\/#breadcrumb\"},\"inLanguage\":\"en-US\",\"potentialAction\":[{\"@type\":\"ReadAction\",\"target\":[\"https:\\\/\\\/fojab.se\\\/aktuellt\\\/fojab-ritar-brommas-nya-idrottshall\\\/\"]}]},{\"@type\":\"ImageObject\",\"inLanguage\":\"en-US\",\"@id\":\"https:\\\/\\\/fojab.se\\\/aktuellt\\\/fojab-ritar-brommas-nya-idrottshall\\\/#primaryimage\",\"url\":\"https:\\\/\\\/media1.fojab.se\\\/2022\\\/10\\\/SKF_SM_invigning_2013_Foto-Dennis-Wernersson_L07-2-scaled.jpg\",\"contentUrl\":\"https:\\\/\\\/media1.fojab.se\\\/2022\\\/10\\\/SKF_SM_invigning_2013_Foto-Dennis-Wernersson_L07-2-scaled.jpg\",\"width\":2000,\"height\":1334},{\"@type\":\"BreadcrumbList\",\"@id\":\"https:\\\/\\\/fojab.se\\\/aktuellt\\\/fojab-ritar-brommas-nya-idrottshall\\\/#breadcrumb\",\"itemListElement\":[{\"@type\":\"ListItem\",\"position\":1,\"name\":\"Hem\",\"item\":\"https:\\\/\\\/fojab.se\\\/\"},{\"@type\":\"ListItem\",\"position\":2,\"name\":\"FOJAB ritar Brommas nya idrottshall\"}]},{\"@type\":\"WebSite\",\"@id\":\"https:\\\/\\\/fojab.se\\\/#website\",\"url\":\"https:\\\/\\\/fojab.se\\\/\",\"name\":\"FOJAB\",\"description\":\"\",\"potentialAction\":[{\"@type\":\"SearchAction\",\"target\":{\"@type\":\"EntryPoint\",\"urlTemplate\":\"https:\\\/\\\/fojab.se\\\/?s={search_term_string}\"},\"query-input\":{\"@type\":\"PropertyValueSpecification\",\"valueRequired\":true,\"valueName\":\"search_term_string\"}}],\"inLanguage\":\"en-US\"},{\"@type\":\"Person\",\"@id\":\"https:\\\/\\\/fojab.se\\\/#\\\/schema\\\/person\\\/54707f9ec80683b444c021e58fc3b87b\",\"name\":\"Frida Roijer\",\"image\":{\"@type\":\"ImageObject\",\"inLanguage\":\"en-US\",\"@id\":\"https:\\\/\\\/secure.gravatar.com\\\/avatar\\\/73fc92bb137edd2c9c6b8c33107eb69f59aacacfaee9868d7f812a97a93b9d9a?s=96&d=mm&r=g\",\"url\":\"https:\\\/\\\/secure.gravatar.com\\\/avatar\\\/73fc92bb137edd2c9c6b8c33107eb69f59aacacfaee9868d7f812a97a93b9d9a?s=96&d=mm&r=g\",\"contentUrl\":\"https:\\\/\\\/secure.gravatar.com\\\/avatar\\\/73fc92bb137edd2c9c6b8c33107eb69f59aacacfaee9868d7f812a97a93b9d9a?s=96&d=mm&r=g\",\"caption\":\"Frida Roijer\"},\"url\":\"https:\\\/\\\/fojab.se\\\/en\\\/aktuellt\\\/author\\\/frida-roijer\\\/\"}]}<\/script>\n<!-- \/ Yoast SEO plugin. -->","yoast_head_json":{"title":"FOJAB designs Bromma's new sports hall | FOJAB","robots":{"index":"index","follow":"follow","max-snippet":"max-snippet:-1","max-image-preview":"max-image-preview:large","max-video-preview":"max-video-preview:-1"},"canonical":"https:\/\/fojab.se\/en\/topical\/fojab-designs-brommas-new-sports-hall\/","og_locale":"en_US","og_type":"article","og_title":"FOJAB ritar Brommas nya idrottshall | FOJAB","og_description":"Tillsammans med Hems\u00f6 utvecklar FOJAB en ny idrottshall i Bromma med fokus p\u00e5 tjejdominerade sporter. Det blir Sveriges f\u00f6rsta specialanpassade isbana f\u00f6r konst\u00e5kning och en gymnastikarena f\u00f6r truppgymnastik \u2013 allt under samma tak. FOJAB har bist\u00e5tt Hems\u00f6 i arbetet med idrottsanl\u00e4ggningen i b\u00e5de tidigt skede, planutveckling, gestaltning och samverkan med idrottsr\u00f6relsen. \u2013 Vi har arbetat [&hellip;]","og_url":"https:\/\/fojab.se\/en\/topical\/fojab-designs-brommas-new-sports-hall\/","og_site_name":"FOJAB","article_published_time":"2022-10-21T14:54:47+00:00","article_modified_time":"2022-10-24T09:55:11+00:00","og_image":[{"width":2560,"height":1707,"url":"https:\/\/media1.fojab.se\/2022\/10\/SKF_SM_invigning_2013_Foto-Dennis-Wernersson_L07-2-scaled.jpg","type":"image\/jpeg"}],"author":"Frida Roijer","twitter_card":"summary_large_image","twitter_misc":{"Written by":"Frida Roijer","Est. reading time":"1 minute"},"schema":{"@context":"https:\/\/schema.org","@graph":[{"@type":"Article","@id":"https:\/\/fojab.se\/aktuellt\/fojab-ritar-brommas-nya-idrottshall\/#article","isPartOf":{"@id":"https:\/\/fojab.se\/aktuellt\/fojab-ritar-brommas-nya-idrottshall\/"},"author":{"name":"Frida Roijer","@id":"https:\/\/fojab.se\/#\/schema\/person\/54707f9ec80683b444c021e58fc3b87b"},"headline":"FOJAB ritar Brommas nya idrottshall","datePublished":"2022-10-21T14:54:47+00:00","dateModified":"2022-10-24T09:55:11+00:00","mainEntityOfPage":{"@id":"https:\/\/fojab.se\/aktuellt\/fojab-ritar-brommas-nya-idrottshall\/"},"wordCount":182,"image":{"@id":"https:\/\/fojab.se\/aktuellt\/fojab-ritar-brommas-nya-idrottshall\/#primaryimage"},"thumbnailUrl":"https:\/\/media1.fojab.se\/2022\/10\/SKF_SM_invigning_2013_Foto-Dennis-Wernersson_L07-2-scaled.jpg","inLanguage":"en-US"},{"@type":"WebPage","@id":"https:\/\/fojab.se\/aktuellt\/fojab-ritar-brommas-nya-idrottshall\/","url":"https:\/\/fojab.se\/aktuellt\/fojab-ritar-brommas-nya-idrottshall\/","name":"FOJAB designs Bromma's new sports hall | FOJAB","isPartOf":{"@id":"https:\/\/fojab.se\/#website"},"primaryImageOfPage":{"@id":"https:\/\/fojab.se\/aktuellt\/fojab-ritar-brommas-nya-idrottshall\/#primaryimage"},"image":{"@id":"https:\/\/fojab.se\/aktuellt\/fojab-ritar-brommas-nya-idrottshall\/#primaryimage"},"thumbnailUrl":"https:\/\/media1.fojab.se\/2022\/10\/SKF_SM_invigning_2013_Foto-Dennis-Wernersson_L07-2-scaled.jpg","datePublished":"2022-10-21T14:54:47+00:00","dateModified":"2022-10-24T09:55:11+00:00","author":{"@id":"https:\/\/fojab.se\/#\/schema\/person\/54707f9ec80683b444c021e58fc3b87b"},"breadcrumb":{"@id":"https:\/\/fojab.se\/aktuellt\/fojab-ritar-brommas-nya-idrottshall\/#breadcrumb"},"inLanguage":"en-US","potentialAction":[{"@type":"ReadAction","target":["https:\/\/fojab.se\/aktuellt\/fojab-ritar-brommas-nya-idrottshall\/"]}]},{"@type":"ImageObject","inLanguage":"en-US","@id":"https:\/\/fojab.se\/aktuellt\/fojab-ritar-brommas-nya-idrottshall\/#primaryimage","url":"https:\/\/media1.fojab.se\/2022\/10\/SKF_SM_invigning_2013_Foto-Dennis-Wernersson_L07-2-scaled.jpg","contentUrl":"https:\/\/media1.fojab.se\/2022\/10\/SKF_SM_invigning_2013_Foto-Dennis-Wernersson_L07-2-scaled.jpg","width":2000,"height":1334},{"@type":"BreadcrumbList","@id":"https:\/\/fojab.se\/aktuellt\/fojab-ritar-brommas-nya-idrottshall\/#breadcrumb","itemListElement":[{"@type":"ListItem","position":1,"name":"Hem","item":"https:\/\/fojab.se\/"},{"@type":"ListItem","position":2,"name":"FOJAB ritar Brommas nya idrottshall"}]},{"@type":"WebSite","@id":"https:\/\/fojab.se\/#website","url":"https:\/\/fojab.se\/","name":"FOJAB","description":"","potentialAction":[{"@type":"SearchAction","target":{"@type":"EntryPoint","urlTemplate":"https:\/\/fojab.se\/?s={search_term_string}"},"query-input":{"@type":"PropertyValueSpecification","valueRequired":true,"valueName":"search_term_string"}}],"inLanguage":"en-US"},{"@type":"Person","@id":"https:\/\/fojab.se\/#\/schema\/person\/54707f9ec80683b444c021e58fc3b87b","name":"Frida Roijer","image":{"@type":"ImageObject","inLanguage":"en-US","@id":"https:\/\/secure.gravatar.com\/avatar\/73fc92bb137edd2c9c6b8c33107eb69f59aacacfaee9868d7f812a97a93b9d9a?s=96&d=mm&r=g","url":"https:\/\/secure.gravatar.com\/avatar\/73fc92bb137edd2c9c6b8c33107eb69f59aacacfaee9868d7f812a97a93b9d9a?s=96&d=mm&r=g","contentUrl":"https:\/\/secure.gravatar.com\/avatar\/73fc92bb137edd2c9c6b8c33107eb69f59aacacfaee9868d7f812a97a93b9d9a?s=96&d=mm&r=g","caption":"Frida Roijer"},"url":"https:\/\/fojab.se\/en\/aktuellt\/author\/frida-roijer\/"}]}},"_links":{"self":[{"href":"https:\/\/fojab.se\/en\/wp-json\/wp\/v2\/posts\/8633","targetHints":{"allow":["GET"]}}],"collection":[{"href":"https:\/\/fojab.se\/en\/wp-json\/wp\/v2\/posts"}],"about":[{"href":"https:\/\/fojab.se\/en\/wp-json\/wp\/v2\/types\/post"}],"author":[{"embeddable":true,"href":"https:\/\/fojab.se\/en\/wp-json\/wp\/v2\/users\/13"}],"replies":[{"embeddable":true,"href":"https:\/\/fojab.se\/en\/wp-json\/wp\/v2\/comments?post=8633"}],"version-history":[{"count":10,"href":"https:\/\/fojab.se\/en\/wp-json\/wp\/v2\/posts\/8633\/revisions"}],"predecessor-version":[{"id":8670,"href":"https:\/\/fojab.se\/en\/wp-json\/wp\/v2\/posts\/8633\/revisions\/8670"}],"wp:featuredmedia":[{"embeddable":true,"href":"https:\/\/fojab.se\/en\/wp-json\/wp\/v2\/media\/8634"}],"wp:attachment":[{"href":"https:\/\/fojab.se\/en\/wp-json\/wp\/v2\/media?parent=8633"}],"wp:term":[{"taxonomy":"category","embeddable":true,"href":"https:\/\/fojab.se\/en\/wp-json\/wp\/v2\/categories?post=8633"},{"taxonomy":"post_tag","embeddable":true,"href":"https:\/\/fojab.se\/en\/wp-json\/wp\/v2\/tags?post=8633"}],"curies":[{"name":"wp","href":"https:\/\/api.w.org\/{rel}","templated":true}]}}