{"id":7956,"date":"2022-08-16T09:03:22","date_gmt":"2022-08-16T07:03:22","guid":{"rendered":"https:\/\/fojab.se\/?p=7956"},"modified":"2022-08-16T09:06:38","modified_gmt":"2022-08-16T07:06:38","slug":"victory-in-the-battle-for-the-last-quarter-of-the-tower-block","status":"publish","type":"post","link":"https:\/\/fojab.se\/en\/topical\/victory-in-the-battle-for-the-last-quarter-of-the-tower-block\/","title":{"rendered":"Victory in the competition for the last quarter of Masthausen"},"content":{"rendered":"<p class=\"04FBrdtext\"><b>Following parallel assignments, FOJAB has been appointed to design the final piece of the puzzle in Masthusen in Malm\u00f6, the first BREEAM-certified district in the Nordic region. Part of the block is intended to be a pilot project for climate-neutral construction according to LFM30. <\/b><\/p>\n<p class=\"04FBrdtext\">Kvarter 14 is the latest in Skandia Fastigheter's development of the area around Masttorget in Malm\u00f6's V\u00e4stra hamnen district. The winning proposal includes approximately 240 apartments (over 14,000 square meters of living space) and public premises.<\/p>\n<p class=\"04FBrdtext\">The design is based on - and builds on - the place where the sea meets the city, the West Harbour's palette of warm and natural materials and the public location by the square. \"An austere and elegant proposal with a sense of modern functionalism\", according to the jury's statement.<\/p>\n<p class=\"04FBrdtext\">- The block should give back to the city and the people of Malm\u00f6, and be a well-functioning part of its neighborhood. \"Together with Skandia Fastigheter, we have worked hard on the urban character, with active ground floors and a mixed program with business premises, community premises and different types of housing,\" says architect Ida Stavenow.<\/p>\n<p class=\"04FBrdtext\">The light and informal architecture is combined with innovative sustainability. Part of the block is planned to be a pilot project for climate-neutral construction according to LFM30 (Local Roadmap Malm\u00f6).<\/p>\n<p class=\"04FBrdtext\">- \"We are designing a solid wood house with housing, a bicycle garage, a greenhouse and a shared roof terrace. The wooden house stands like a recessed gem in the middle of the neighborhood and becomes the social hub for the neighborhood community,\" says architect Niklas Sonestad.<\/p>\n<p class=\"04FBrdtext\">- Using the architecture, we explore how to make the absolute smallest carbon footprint possible. We minimize the concrete by removing the parts that normally have to be concrete, i.e. the stairwell and the base plate. It is both more fun and more constructive to work with the climate challenges in this way, as an engine to explore and see what ideas and architecture it can generate. This is how we want to approach future challenges,\" says Ida Stavenow.<\/p>","protected":false},"excerpt":{"rendered":"<p>Efter parallella uppdrag har FOJAB utsetts att gestalta den sista pusselbiten i Masthusen i Malm\u00f6, Nordens f\u00f6rsta BREEAM-certifierade stadsdel. En del av kvarteret \u00e4r t\u00e4nkt att bli ett pilotprojekt f\u00f6r klimatneutralt byggande enligt LFM30. Kvarter 14 \u00e4r sist ut i Skandia Fastigheters utveckling av omr\u00e5det runt Masttorget i Malm\u00f6stadsdelen V\u00e4stra hamnen. Vinnarf\u00f6rslaget innefattar cirka 240 [&hellip;]<\/p>\n","protected":false},"author":13,"featured_media":7988,"comment_status":"closed","ping_status":"open","sticky":false,"template":"","format":"standard","meta":{"_monsterinsights_skip_tracking":false,"_monsterinsights_sitenote_active":false,"_monsterinsights_sitenote_note":"","_monsterinsights_sitenote_category":0,"footnotes":""},"categories":[1],"tags":[],"class_list":["post-7956","post","type-post","status-publish","format-standard","has-post-thumbnail","hentry","category-uncategorized"],"acf":[],"yoast_head":"<!-- This site is optimized with the Yoast SEO plugin v27.5 - https:\/\/yoast.com\/product\/yoast-seo-wordpress\/ -->\n<title>Vinst i t\u00e4vlingen om Masthusens sista kvarter | FOJAB<\/title>\n<meta name=\"robots\" content=\"index, follow, max-snippet:-1, max-image-preview:large, max-video-preview:-1\" \/>\n<link rel=\"canonical\" href=\"https:\/\/fojab.se\/en\/topical\/victory-in-the-battle-for-the-last-quarter-of-the-tower-block\/\" \/>\n<meta property=\"og:locale\" content=\"en_US\" \/>\n<meta property=\"og:type\" content=\"article\" \/>\n<meta property=\"og:title\" content=\"Vinst i t\u00e4vlingen om Masthusens sista kvarter | FOJAB\" \/>\n<meta property=\"og:description\" content=\"Efter parallella uppdrag har FOJAB utsetts att gestalta den sista pusselbiten i Masthusen i Malm\u00f6, Nordens f\u00f6rsta BREEAM-certifierade stadsdel. En del av kvarteret \u00e4r t\u00e4nkt att bli ett pilotprojekt f\u00f6r klimatneutralt byggande enligt LFM30. Kvarter 14 \u00e4r sist ut i Skandia Fastigheters utveckling av omr\u00e5det runt Masttorget i Malm\u00f6stadsdelen V\u00e4stra hamnen. Vinnarf\u00f6rslaget innefattar cirka 240 [&hellip;]\" \/>\n<meta property=\"og:url\" content=\"https:\/\/fojab.se\/en\/topical\/victory-in-the-battle-for-the-last-quarter-of-the-tower-block\/\" \/>\n<meta property=\"og:site_name\" content=\"FOJAB\" \/>\n<meta property=\"article:published_time\" content=\"2022-08-16T07:03:22+00:00\" \/>\n<meta property=\"article:modified_time\" content=\"2022-08-16T07:06:38+00:00\" \/>\n<meta property=\"og:image\" content=\"https:\/\/media1.fojab.se\/2022\/08\/SECCION-FINAL-01-beskuren-1-768x509.jpg\" \/>\n\t<meta property=\"og:image:width\" content=\"768\" \/>\n\t<meta property=\"og:image:height\" content=\"509\" \/>\n\t<meta property=\"og:image:type\" content=\"image\/jpeg\" \/>\n<meta name=\"author\" content=\"Frida Roijer\" \/>\n<meta name=\"twitter:card\" content=\"summary_large_image\" \/>\n<meta name=\"twitter:label1\" content=\"Written by\" \/>\n\t<meta name=\"twitter:data1\" content=\"Frida Roijer\" \/>\n\t<meta name=\"twitter:label2\" content=\"Est. reading time\" \/>\n\t<meta name=\"twitter:data2\" content=\"2 minutes\" \/>\n<script type=\"application\/ld+json\" class=\"yoast-schema-graph\">{\"@context\":\"https:\\\/\\\/schema.org\",\"@graph\":[{\"@type\":\"Article\",\"@id\":\"https:\\\/\\\/fojab.se\\\/aktuellt\\\/vinst-i-tavlingen-om-masthusens-sista-kvarter\\\/#article\",\"isPartOf\":{\"@id\":\"https:\\\/\\\/fojab.se\\\/aktuellt\\\/vinst-i-tavlingen-om-masthusens-sista-kvarter\\\/\"},\"author\":{\"name\":\"Frida Roijer\",\"@id\":\"https:\\\/\\\/fojab.se\\\/#\\\/schema\\\/person\\\/54707f9ec80683b444c021e58fc3b87b\"},\"headline\":\"Vinst i t\u00e4vlingen om Masthusens sista kvarter\",\"datePublished\":\"2022-08-16T07:03:22+00:00\",\"dateModified\":\"2022-08-16T07:06:38+00:00\",\"mainEntityOfPage\":{\"@id\":\"https:\\\/\\\/fojab.se\\\/aktuellt\\\/vinst-i-tavlingen-om-masthusens-sista-kvarter\\\/\"},\"wordCount\":339,\"image\":{\"@id\":\"https:\\\/\\\/fojab.se\\\/aktuellt\\\/vinst-i-tavlingen-om-masthusens-sista-kvarter\\\/#primaryimage\"},\"thumbnailUrl\":\"https:\\\/\\\/media1.fojab.se\\\/2022\\\/08\\\/SECCION-FINAL-01-beskuren-1.jpg\",\"inLanguage\":\"en-US\"},{\"@type\":\"WebPage\",\"@id\":\"https:\\\/\\\/fojab.se\\\/aktuellt\\\/vinst-i-tavlingen-om-masthusens-sista-kvarter\\\/\",\"url\":\"https:\\\/\\\/fojab.se\\\/aktuellt\\\/vinst-i-tavlingen-om-masthusens-sista-kvarter\\\/\",\"name\":\"Vinst i t\u00e4vlingen om Masthusens sista kvarter | FOJAB\",\"isPartOf\":{\"@id\":\"https:\\\/\\\/fojab.se\\\/#website\"},\"primaryImageOfPage\":{\"@id\":\"https:\\\/\\\/fojab.se\\\/aktuellt\\\/vinst-i-tavlingen-om-masthusens-sista-kvarter\\\/#primaryimage\"},\"image\":{\"@id\":\"https:\\\/\\\/fojab.se\\\/aktuellt\\\/vinst-i-tavlingen-om-masthusens-sista-kvarter\\\/#primaryimage\"},\"thumbnailUrl\":\"https:\\\/\\\/media1.fojab.se\\\/2022\\\/08\\\/SECCION-FINAL-01-beskuren-1.jpg\",\"datePublished\":\"2022-08-16T07:03:22+00:00\",\"dateModified\":\"2022-08-16T07:06:38+00:00\",\"author\":{\"@id\":\"https:\\\/\\\/fojab.se\\\/#\\\/schema\\\/person\\\/54707f9ec80683b444c021e58fc3b87b\"},\"breadcrumb\":{\"@id\":\"https:\\\/\\\/fojab.se\\\/aktuellt\\\/vinst-i-tavlingen-om-masthusens-sista-kvarter\\\/#breadcrumb\"},\"inLanguage\":\"en-US\",\"potentialAction\":[{\"@type\":\"ReadAction\",\"target\":[\"https:\\\/\\\/fojab.se\\\/aktuellt\\\/vinst-i-tavlingen-om-masthusens-sista-kvarter\\\/\"]}]},{\"@type\":\"ImageObject\",\"inLanguage\":\"en-US\",\"@id\":\"https:\\\/\\\/fojab.se\\\/aktuellt\\\/vinst-i-tavlingen-om-masthusens-sista-kvarter\\\/#primaryimage\",\"url\":\"https:\\\/\\\/media1.fojab.se\\\/2022\\\/08\\\/SECCION-FINAL-01-beskuren-1.jpg\",\"contentUrl\":\"https:\\\/\\\/media1.fojab.se\\\/2022\\\/08\\\/SECCION-FINAL-01-beskuren-1.jpg\",\"width\":2119,\"height\":1404},{\"@type\":\"BreadcrumbList\",\"@id\":\"https:\\\/\\\/fojab.se\\\/aktuellt\\\/vinst-i-tavlingen-om-masthusens-sista-kvarter\\\/#breadcrumb\",\"itemListElement\":[{\"@type\":\"ListItem\",\"position\":1,\"name\":\"Hem\",\"item\":\"https:\\\/\\\/fojab.se\\\/\"},{\"@type\":\"ListItem\",\"position\":2,\"name\":\"Vinst i t\u00e4vlingen om Masthusens sista kvarter\"}]},{\"@type\":\"WebSite\",\"@id\":\"https:\\\/\\\/fojab.se\\\/#website\",\"url\":\"https:\\\/\\\/fojab.se\\\/\",\"name\":\"FOJAB\",\"description\":\"\",\"potentialAction\":[{\"@type\":\"SearchAction\",\"target\":{\"@type\":\"EntryPoint\",\"urlTemplate\":\"https:\\\/\\\/fojab.se\\\/?s={search_term_string}\"},\"query-input\":{\"@type\":\"PropertyValueSpecification\",\"valueRequired\":true,\"valueName\":\"search_term_string\"}}],\"inLanguage\":\"en-US\"},{\"@type\":\"Person\",\"@id\":\"https:\\\/\\\/fojab.se\\\/#\\\/schema\\\/person\\\/54707f9ec80683b444c021e58fc3b87b\",\"name\":\"Frida Roijer\",\"image\":{\"@type\":\"ImageObject\",\"inLanguage\":\"en-US\",\"@id\":\"https:\\\/\\\/secure.gravatar.com\\\/avatar\\\/73fc92bb137edd2c9c6b8c33107eb69f59aacacfaee9868d7f812a97a93b9d9a?s=96&d=mm&r=g\",\"url\":\"https:\\\/\\\/secure.gravatar.com\\\/avatar\\\/73fc92bb137edd2c9c6b8c33107eb69f59aacacfaee9868d7f812a97a93b9d9a?s=96&d=mm&r=g\",\"contentUrl\":\"https:\\\/\\\/secure.gravatar.com\\\/avatar\\\/73fc92bb137edd2c9c6b8c33107eb69f59aacacfaee9868d7f812a97a93b9d9a?s=96&d=mm&r=g\",\"caption\":\"Frida Roijer\"},\"url\":\"https:\\\/\\\/fojab.se\\\/en\\\/aktuellt\\\/author\\\/frida-roijer\\\/\"}]}<\/script>\n<!-- \/ Yoast SEO plugin. -->","yoast_head_json":{"title":"Winning the competition for the last quarter of Masthuset | FOJAB","robots":{"index":"index","follow":"follow","max-snippet":"max-snippet:-1","max-image-preview":"max-image-preview:large","max-video-preview":"max-video-preview:-1"},"canonical":"https:\/\/fojab.se\/en\/topical\/victory-in-the-battle-for-the-last-quarter-of-the-tower-block\/","og_locale":"en_US","og_type":"article","og_title":"Vinst i t\u00e4vlingen om Masthusens sista kvarter | FOJAB","og_description":"Efter parallella uppdrag har FOJAB utsetts att gestalta den sista pusselbiten i Masthusen i Malm\u00f6, Nordens f\u00f6rsta BREEAM-certifierade stadsdel. En del av kvarteret \u00e4r t\u00e4nkt att bli ett pilotprojekt f\u00f6r klimatneutralt byggande enligt LFM30. Kvarter 14 \u00e4r sist ut i Skandia Fastigheters utveckling av omr\u00e5det runt Masttorget i Malm\u00f6stadsdelen V\u00e4stra hamnen. Vinnarf\u00f6rslaget innefattar cirka 240 [&hellip;]","og_url":"https:\/\/fojab.se\/en\/topical\/victory-in-the-battle-for-the-last-quarter-of-the-tower-block\/","og_site_name":"FOJAB","article_published_time":"2022-08-16T07:03:22+00:00","article_modified_time":"2022-08-16T07:06:38+00:00","og_image":[{"width":768,"height":509,"url":"https:\/\/media1.fojab.se\/2022\/08\/SECCION-FINAL-01-beskuren-1-768x509.jpg","type":"image\/jpeg"}],"author":"Frida Roijer","twitter_card":"summary_large_image","twitter_misc":{"Written by":"Frida Roijer","Est. reading time":"2 minutes"},"schema":{"@context":"https:\/\/schema.org","@graph":[{"@type":"Article","@id":"https:\/\/fojab.se\/aktuellt\/vinst-i-tavlingen-om-masthusens-sista-kvarter\/#article","isPartOf":{"@id":"https:\/\/fojab.se\/aktuellt\/vinst-i-tavlingen-om-masthusens-sista-kvarter\/"},"author":{"name":"Frida Roijer","@id":"https:\/\/fojab.se\/#\/schema\/person\/54707f9ec80683b444c021e58fc3b87b"},"headline":"Vinst i t\u00e4vlingen om Masthusens sista kvarter","datePublished":"2022-08-16T07:03:22+00:00","dateModified":"2022-08-16T07:06:38+00:00","mainEntityOfPage":{"@id":"https:\/\/fojab.se\/aktuellt\/vinst-i-tavlingen-om-masthusens-sista-kvarter\/"},"wordCount":339,"image":{"@id":"https:\/\/fojab.se\/aktuellt\/vinst-i-tavlingen-om-masthusens-sista-kvarter\/#primaryimage"},"thumbnailUrl":"https:\/\/media1.fojab.se\/2022\/08\/SECCION-FINAL-01-beskuren-1.jpg","inLanguage":"en-US"},{"@type":"WebPage","@id":"https:\/\/fojab.se\/aktuellt\/vinst-i-tavlingen-om-masthusens-sista-kvarter\/","url":"https:\/\/fojab.se\/aktuellt\/vinst-i-tavlingen-om-masthusens-sista-kvarter\/","name":"Winning the competition for the last quarter of Masthuset | FOJAB","isPartOf":{"@id":"https:\/\/fojab.se\/#website"},"primaryImageOfPage":{"@id":"https:\/\/fojab.se\/aktuellt\/vinst-i-tavlingen-om-masthusens-sista-kvarter\/#primaryimage"},"image":{"@id":"https:\/\/fojab.se\/aktuellt\/vinst-i-tavlingen-om-masthusens-sista-kvarter\/#primaryimage"},"thumbnailUrl":"https:\/\/media1.fojab.se\/2022\/08\/SECCION-FINAL-01-beskuren-1.jpg","datePublished":"2022-08-16T07:03:22+00:00","dateModified":"2022-08-16T07:06:38+00:00","author":{"@id":"https:\/\/fojab.se\/#\/schema\/person\/54707f9ec80683b444c021e58fc3b87b"},"breadcrumb":{"@id":"https:\/\/fojab.se\/aktuellt\/vinst-i-tavlingen-om-masthusens-sista-kvarter\/#breadcrumb"},"inLanguage":"en-US","potentialAction":[{"@type":"ReadAction","target":["https:\/\/fojab.se\/aktuellt\/vinst-i-tavlingen-om-masthusens-sista-kvarter\/"]}]},{"@type":"ImageObject","inLanguage":"en-US","@id":"https:\/\/fojab.se\/aktuellt\/vinst-i-tavlingen-om-masthusens-sista-kvarter\/#primaryimage","url":"https:\/\/media1.fojab.se\/2022\/08\/SECCION-FINAL-01-beskuren-1.jpg","contentUrl":"https:\/\/media1.fojab.se\/2022\/08\/SECCION-FINAL-01-beskuren-1.jpg","width":2119,"height":1404},{"@type":"BreadcrumbList","@id":"https:\/\/fojab.se\/aktuellt\/vinst-i-tavlingen-om-masthusens-sista-kvarter\/#breadcrumb","itemListElement":[{"@type":"ListItem","position":1,"name":"Hem","item":"https:\/\/fojab.se\/"},{"@type":"ListItem","position":2,"name":"Vinst i t\u00e4vlingen om Masthusens sista kvarter"}]},{"@type":"WebSite","@id":"https:\/\/fojab.se\/#website","url":"https:\/\/fojab.se\/","name":"FOJAB","description":"","potentialAction":[{"@type":"SearchAction","target":{"@type":"EntryPoint","urlTemplate":"https:\/\/fojab.se\/?s={search_term_string}"},"query-input":{"@type":"PropertyValueSpecification","valueRequired":true,"valueName":"search_term_string"}}],"inLanguage":"en-US"},{"@type":"Person","@id":"https:\/\/fojab.se\/#\/schema\/person\/54707f9ec80683b444c021e58fc3b87b","name":"Frida Roijer","image":{"@type":"ImageObject","inLanguage":"en-US","@id":"https:\/\/secure.gravatar.com\/avatar\/73fc92bb137edd2c9c6b8c33107eb69f59aacacfaee9868d7f812a97a93b9d9a?s=96&d=mm&r=g","url":"https:\/\/secure.gravatar.com\/avatar\/73fc92bb137edd2c9c6b8c33107eb69f59aacacfaee9868d7f812a97a93b9d9a?s=96&d=mm&r=g","contentUrl":"https:\/\/secure.gravatar.com\/avatar\/73fc92bb137edd2c9c6b8c33107eb69f59aacacfaee9868d7f812a97a93b9d9a?s=96&d=mm&r=g","caption":"Frida Roijer"},"url":"https:\/\/fojab.se\/en\/aktuellt\/author\/frida-roijer\/"}]}},"_links":{"self":[{"href":"https:\/\/fojab.se\/en\/wp-json\/wp\/v2\/posts\/7956","targetHints":{"allow":["GET"]}}],"collection":[{"href":"https:\/\/fojab.se\/en\/wp-json\/wp\/v2\/posts"}],"about":[{"href":"https:\/\/fojab.se\/en\/wp-json\/wp\/v2\/types\/post"}],"author":[{"embeddable":true,"href":"https:\/\/fojab.se\/en\/wp-json\/wp\/v2\/users\/13"}],"replies":[{"embeddable":true,"href":"https:\/\/fojab.se\/en\/wp-json\/wp\/v2\/comments?post=7956"}],"version-history":[{"count":4,"href":"https:\/\/fojab.se\/en\/wp-json\/wp\/v2\/posts\/7956\/revisions"}],"predecessor-version":[{"id":7963,"href":"https:\/\/fojab.se\/en\/wp-json\/wp\/v2\/posts\/7956\/revisions\/7963"}],"wp:featuredmedia":[{"embeddable":true,"href":"https:\/\/fojab.se\/en\/wp-json\/wp\/v2\/media\/7988"}],"wp:attachment":[{"href":"https:\/\/fojab.se\/en\/wp-json\/wp\/v2\/media?parent=7956"}],"wp:term":[{"taxonomy":"category","embeddable":true,"href":"https:\/\/fojab.se\/en\/wp-json\/wp\/v2\/categories?post=7956"},{"taxonomy":"post_tag","embeddable":true,"href":"https:\/\/fojab.se\/en\/wp-json\/wp\/v2\/tags?post=7956"}],"curies":[{"name":"wp","href":"https:\/\/api.w.org\/{rel}","templated":true}]}}