{"id":7859,"date":"2022-06-10T11:32:10","date_gmt":"2022-06-10T09:32:10","guid":{"rendered":"https:\/\/fojab.se\/?p=7859"},"modified":"2022-06-27T11:40:56","modified_gmt":"2022-06-27T09:40:56","slug":"spar-after-slaughterhouse-left-in-new-stockholm-neighborhood","status":"publish","type":"post","link":"https:\/\/fojab.se\/en\/topical\/spar-after-slaughterhouse-left-in-new-stockholm-neighborhood\/","title":{"rendered":"Traces of slaughterhouses remain in new Stockholm neighborhood"},"content":{"rendered":"<p><strong>FOJAB and Einar Mattsson are jointly developing rental apartments in Slakthusomr\u00e5det in Stockholm - a carefully designed block that is being designed for Milj\u00f6byggnad Gold, and is now out for consultation.<\/strong><\/p>\n<p>Slakthusomr\u00e5det is part of the urban development area S\u00f6derstaden in Stockholm and will be an urban district where housing, trade and workplaces interact with food, culture and experiences. Phase 3, called Kylrumskvarteren, is located in the southwestern part and includes approximately 600 homes, premises, offices and a small park. FOJAB and Einar Mattsson are developing a block with about 100 rental apartments of varying sizes.<\/p>\n<p>Lova Lagercrantz is the responsible architect at FOJAB and explains the architectural idea for the block:<\/p>\n<p>- It can be summarized in one word: relief. It can be seen both in the vibrant roofscape and the changing facade life that gives variety to the street.<\/p>\n<p>- But the relief is also about historical traces. We incorporate existing formal elements into the design, such as high glazed windows and industrial doors, and loading bays that become patios facing the street. The historical traces are also present in materials and details, but in a contemporary design.<\/p>\n<p>The neighborhood is designed for Milj\u00f6byggnad Gold with a focus on energy management, daylight qualities and good material choices. Great emphasis is also placed on sustainable mobility solutions where cycling is facilitated, for example with the help of a bicycle pool and easily accessible bicycle rooms. One of the commercial premises on the ground floor is used as a bicycle workshop.<\/p>\n<p>- The city has an ambitious agenda in Slakthusomr\u00e5det, which suits us as we plan for long-term management,\" says Bror Ekblom, project developer at Einar Mattsson.<\/p>\n<p>The design of the courtyard is inspired by nature and the adjacent pine forest area. On the roof there is a common terrace that is more garden-like with the possibility of cultivation both outdoors and in a greenhouse.<\/p>\n<p>- \"The courtyard has the character of a secret forest grove, and the winding paths form patterns reminiscent of the bark on the trunks of pine trees,\" says Malin Ingemarsdotter, responsible landscape architect at FOJAB.<\/p>","protected":false},"excerpt":{"rendered":"<p>FOJAB och Einar Mattsson utvecklar tillsammans hyresr\u00e4tter i Slakthusomr\u00e5det i Stockholm \u2013 ett omsorgsfullt gestaltat kvarter som projekteras f\u00f6r Milj\u00f6byggnad Guld, och som nu \u00e4r nu ute p\u00e5 samr\u00e5d. Slakthusomr\u00e5det ing\u00e5r i stadsutvecklingsomr\u00e5det S\u00f6derstaden i Stockholm och ska bli en urban stadsdel d\u00e4r bost\u00e4der, handel och arbetsplatser samverkar med mat, kultur och upplevelser. Etapp 3, [&hellip;]<\/p>\n","protected":false},"author":13,"featured_media":7861,"comment_status":"closed","ping_status":"open","sticky":false,"template":"","format":"standard","meta":{"_monsterinsights_skip_tracking":false,"_monsterinsights_sitenote_active":false,"_monsterinsights_sitenote_note":"","_monsterinsights_sitenote_category":0,"footnotes":""},"categories":[1],"tags":[],"class_list":["post-7859","post","type-post","status-publish","format-standard","has-post-thumbnail","hentry","category-uncategorized"],"acf":[],"yoast_head":"<!-- This site is optimized with the Yoast SEO plugin v27.5 - https:\/\/yoast.com\/product\/yoast-seo-wordpress\/ -->\n<title>Sp\u00e5r efter slakthusen kvar i nytt Stockholmskvarter | FOJAB<\/title>\n<meta name=\"robots\" content=\"index, follow, max-snippet:-1, max-image-preview:large, max-video-preview:-1\" \/>\n<link rel=\"canonical\" href=\"https:\/\/fojab.se\/en\/topical\/spar-after-slaughterhouse-left-in-new-stockholm-neighborhood\/\" \/>\n<meta property=\"og:locale\" content=\"en_US\" \/>\n<meta property=\"og:type\" content=\"article\" \/>\n<meta property=\"og:title\" content=\"Sp\u00e5r efter slakthusen kvar i nytt Stockholmskvarter | FOJAB\" \/>\n<meta property=\"og:description\" content=\"FOJAB och Einar Mattsson utvecklar tillsammans hyresr\u00e4tter i Slakthusomr\u00e5det i Stockholm \u2013 ett omsorgsfullt gestaltat kvarter som projekteras f\u00f6r Milj\u00f6byggnad Guld, och som nu \u00e4r nu ute p\u00e5 samr\u00e5d. Slakthusomr\u00e5det ing\u00e5r i stadsutvecklingsomr\u00e5det S\u00f6derstaden i Stockholm och ska bli en urban stadsdel d\u00e4r bost\u00e4der, handel och arbetsplatser samverkar med mat, kultur och upplevelser. Etapp 3, [&hellip;]\" \/>\n<meta property=\"og:url\" content=\"https:\/\/fojab.se\/en\/topical\/spar-after-slaughterhouse-left-in-new-stockholm-neighborhood\/\" \/>\n<meta property=\"og:site_name\" content=\"FOJAB\" \/>\n<meta property=\"article:published_time\" content=\"2022-06-10T09:32:10+00:00\" \/>\n<meta property=\"article:modified_time\" content=\"2022-06-27T09:40:56+00:00\" \/>\n<meta property=\"og:image\" content=\"https:\/\/media1.fojab.se\/2022\/06\/A_Bild-Boskapsva\u0308gen-beskuren-scaled.jpg\" \/>\n\t<meta property=\"og:image:width\" content=\"2560\" \/>\n\t<meta property=\"og:image:height\" content=\"1696\" \/>\n\t<meta property=\"og:image:type\" content=\"image\/jpeg\" \/>\n<meta name=\"author\" content=\"Frida Roijer\" \/>\n<meta name=\"twitter:card\" content=\"summary_large_image\" \/>\n<meta name=\"twitter:label1\" content=\"Written by\" \/>\n\t<meta name=\"twitter:data1\" content=\"Frida Roijer\" \/>\n\t<meta name=\"twitter:label2\" content=\"Est. reading time\" \/>\n\t<meta name=\"twitter:data2\" content=\"2 minutes\" \/>\n<script type=\"application\/ld+json\" class=\"yoast-schema-graph\">{\"@context\":\"https:\\\/\\\/schema.org\",\"@graph\":[{\"@type\":\"Article\",\"@id\":\"https:\\\/\\\/fojab.se\\\/aktuellt\\\/spar-efter-slakthus-kvar-i-nytt-stockholmskvarter\\\/#article\",\"isPartOf\":{\"@id\":\"https:\\\/\\\/fojab.se\\\/aktuellt\\\/spar-efter-slakthus-kvar-i-nytt-stockholmskvarter\\\/\"},\"author\":{\"name\":\"Frida Roijer\",\"@id\":\"https:\\\/\\\/fojab.se\\\/#\\\/schema\\\/person\\\/54707f9ec80683b444c021e58fc3b87b\"},\"headline\":\"Sp\u00e5r efter slakthusen kvar i nytt Stockholmskvarter\",\"datePublished\":\"2022-06-10T09:32:10+00:00\",\"dateModified\":\"2022-06-27T09:40:56+00:00\",\"mainEntityOfPage\":{\"@id\":\"https:\\\/\\\/fojab.se\\\/aktuellt\\\/spar-efter-slakthus-kvar-i-nytt-stockholmskvarter\\\/\"},\"wordCount\":347,\"image\":{\"@id\":\"https:\\\/\\\/fojab.se\\\/aktuellt\\\/spar-efter-slakthus-kvar-i-nytt-stockholmskvarter\\\/#primaryimage\"},\"thumbnailUrl\":\"https:\\\/\\\/media1.fojab.se\\\/2022\\\/06\\\/A_Bild-Boskapsva\u0308gen-beskuren-scaled.jpg\",\"inLanguage\":\"en-US\"},{\"@type\":\"WebPage\",\"@id\":\"https:\\\/\\\/fojab.se\\\/aktuellt\\\/spar-efter-slakthus-kvar-i-nytt-stockholmskvarter\\\/\",\"url\":\"https:\\\/\\\/fojab.se\\\/aktuellt\\\/spar-efter-slakthus-kvar-i-nytt-stockholmskvarter\\\/\",\"name\":\"Sp\u00e5r efter slakthusen kvar i nytt Stockholmskvarter | FOJAB\",\"isPartOf\":{\"@id\":\"https:\\\/\\\/fojab.se\\\/#website\"},\"primaryImageOfPage\":{\"@id\":\"https:\\\/\\\/fojab.se\\\/aktuellt\\\/spar-efter-slakthus-kvar-i-nytt-stockholmskvarter\\\/#primaryimage\"},\"image\":{\"@id\":\"https:\\\/\\\/fojab.se\\\/aktuellt\\\/spar-efter-slakthus-kvar-i-nytt-stockholmskvarter\\\/#primaryimage\"},\"thumbnailUrl\":\"https:\\\/\\\/media1.fojab.se\\\/2022\\\/06\\\/A_Bild-Boskapsva\u0308gen-beskuren-scaled.jpg\",\"datePublished\":\"2022-06-10T09:32:10+00:00\",\"dateModified\":\"2022-06-27T09:40:56+00:00\",\"author\":{\"@id\":\"https:\\\/\\\/fojab.se\\\/#\\\/schema\\\/person\\\/54707f9ec80683b444c021e58fc3b87b\"},\"breadcrumb\":{\"@id\":\"https:\\\/\\\/fojab.se\\\/aktuellt\\\/spar-efter-slakthus-kvar-i-nytt-stockholmskvarter\\\/#breadcrumb\"},\"inLanguage\":\"en-US\",\"potentialAction\":[{\"@type\":\"ReadAction\",\"target\":[\"https:\\\/\\\/fojab.se\\\/aktuellt\\\/spar-efter-slakthus-kvar-i-nytt-stockholmskvarter\\\/\"]}]},{\"@type\":\"ImageObject\",\"inLanguage\":\"en-US\",\"@id\":\"https:\\\/\\\/fojab.se\\\/aktuellt\\\/spar-efter-slakthus-kvar-i-nytt-stockholmskvarter\\\/#primaryimage\",\"url\":\"https:\\\/\\\/media1.fojab.se\\\/2022\\\/06\\\/A_Bild-Boskapsva\u0308gen-beskuren-scaled.jpg\",\"contentUrl\":\"https:\\\/\\\/media1.fojab.se\\\/2022\\\/06\\\/A_Bild-Boskapsva\u0308gen-beskuren-scaled.jpg\",\"width\":2560,\"height\":1696},{\"@type\":\"BreadcrumbList\",\"@id\":\"https:\\\/\\\/fojab.se\\\/aktuellt\\\/spar-efter-slakthus-kvar-i-nytt-stockholmskvarter\\\/#breadcrumb\",\"itemListElement\":[{\"@type\":\"ListItem\",\"position\":1,\"name\":\"Hem\",\"item\":\"https:\\\/\\\/fojab.se\\\/\"},{\"@type\":\"ListItem\",\"position\":2,\"name\":\"Sp\u00e5r efter slakthusen kvar i nytt Stockholmskvarter\"}]},{\"@type\":\"WebSite\",\"@id\":\"https:\\\/\\\/fojab.se\\\/#website\",\"url\":\"https:\\\/\\\/fojab.se\\\/\",\"name\":\"FOJAB\",\"description\":\"\",\"potentialAction\":[{\"@type\":\"SearchAction\",\"target\":{\"@type\":\"EntryPoint\",\"urlTemplate\":\"https:\\\/\\\/fojab.se\\\/?s={search_term_string}\"},\"query-input\":{\"@type\":\"PropertyValueSpecification\",\"valueRequired\":true,\"valueName\":\"search_term_string\"}}],\"inLanguage\":\"en-US\"},{\"@type\":\"Person\",\"@id\":\"https:\\\/\\\/fojab.se\\\/#\\\/schema\\\/person\\\/54707f9ec80683b444c021e58fc3b87b\",\"name\":\"Frida Roijer\",\"image\":{\"@type\":\"ImageObject\",\"inLanguage\":\"en-US\",\"@id\":\"https:\\\/\\\/secure.gravatar.com\\\/avatar\\\/73fc92bb137edd2c9c6b8c33107eb69f59aacacfaee9868d7f812a97a93b9d9a?s=96&d=mm&r=g\",\"url\":\"https:\\\/\\\/secure.gravatar.com\\\/avatar\\\/73fc92bb137edd2c9c6b8c33107eb69f59aacacfaee9868d7f812a97a93b9d9a?s=96&d=mm&r=g\",\"contentUrl\":\"https:\\\/\\\/secure.gravatar.com\\\/avatar\\\/73fc92bb137edd2c9c6b8c33107eb69f59aacacfaee9868d7f812a97a93b9d9a?s=96&d=mm&r=g\",\"caption\":\"Frida Roijer\"},\"url\":\"https:\\\/\\\/fojab.se\\\/en\\\/aktuellt\\\/author\\\/frida-roijer\\\/\"}]}<\/script>\n<!-- \/ Yoast SEO plugin. -->","yoast_head_json":{"title":"Traces of slaughterhouses remain in new Stockholm neighborhood | FOJAB","robots":{"index":"index","follow":"follow","max-snippet":"max-snippet:-1","max-image-preview":"max-image-preview:large","max-video-preview":"max-video-preview:-1"},"canonical":"https:\/\/fojab.se\/en\/topical\/spar-after-slaughterhouse-left-in-new-stockholm-neighborhood\/","og_locale":"en_US","og_type":"article","og_title":"Sp\u00e5r efter slakthusen kvar i nytt Stockholmskvarter | FOJAB","og_description":"FOJAB och Einar Mattsson utvecklar tillsammans hyresr\u00e4tter i Slakthusomr\u00e5det i Stockholm \u2013 ett omsorgsfullt gestaltat kvarter som projekteras f\u00f6r Milj\u00f6byggnad Guld, och som nu \u00e4r nu ute p\u00e5 samr\u00e5d. Slakthusomr\u00e5det ing\u00e5r i stadsutvecklingsomr\u00e5det S\u00f6derstaden i Stockholm och ska bli en urban stadsdel d\u00e4r bost\u00e4der, handel och arbetsplatser samverkar med mat, kultur och upplevelser. Etapp 3, [&hellip;]","og_url":"https:\/\/fojab.se\/en\/topical\/spar-after-slaughterhouse-left-in-new-stockholm-neighborhood\/","og_site_name":"FOJAB","article_published_time":"2022-06-10T09:32:10+00:00","article_modified_time":"2022-06-27T09:40:56+00:00","og_image":[{"width":2560,"height":1696,"url":"https:\/\/media1.fojab.se\/2022\/06\/A_Bild-Boskapsva\u0308gen-beskuren-scaled.jpg","type":"image\/jpeg"}],"author":"Frida Roijer","twitter_card":"summary_large_image","twitter_misc":{"Written by":"Frida Roijer","Est. reading time":"2 minutes"},"schema":{"@context":"https:\/\/schema.org","@graph":[{"@type":"Article","@id":"https:\/\/fojab.se\/aktuellt\/spar-efter-slakthus-kvar-i-nytt-stockholmskvarter\/#article","isPartOf":{"@id":"https:\/\/fojab.se\/aktuellt\/spar-efter-slakthus-kvar-i-nytt-stockholmskvarter\/"},"author":{"name":"Frida Roijer","@id":"https:\/\/fojab.se\/#\/schema\/person\/54707f9ec80683b444c021e58fc3b87b"},"headline":"Sp\u00e5r efter slakthusen kvar i nytt Stockholmskvarter","datePublished":"2022-06-10T09:32:10+00:00","dateModified":"2022-06-27T09:40:56+00:00","mainEntityOfPage":{"@id":"https:\/\/fojab.se\/aktuellt\/spar-efter-slakthus-kvar-i-nytt-stockholmskvarter\/"},"wordCount":347,"image":{"@id":"https:\/\/fojab.se\/aktuellt\/spar-efter-slakthus-kvar-i-nytt-stockholmskvarter\/#primaryimage"},"thumbnailUrl":"https:\/\/media1.fojab.se\/2022\/06\/A_Bild-Boskapsva\u0308gen-beskuren-scaled.jpg","inLanguage":"en-US"},{"@type":"WebPage","@id":"https:\/\/fojab.se\/aktuellt\/spar-efter-slakthus-kvar-i-nytt-stockholmskvarter\/","url":"https:\/\/fojab.se\/aktuellt\/spar-efter-slakthus-kvar-i-nytt-stockholmskvarter\/","name":"Traces of slaughterhouses remain in new Stockholm neighborhood | FOJAB","isPartOf":{"@id":"https:\/\/fojab.se\/#website"},"primaryImageOfPage":{"@id":"https:\/\/fojab.se\/aktuellt\/spar-efter-slakthus-kvar-i-nytt-stockholmskvarter\/#primaryimage"},"image":{"@id":"https:\/\/fojab.se\/aktuellt\/spar-efter-slakthus-kvar-i-nytt-stockholmskvarter\/#primaryimage"},"thumbnailUrl":"https:\/\/media1.fojab.se\/2022\/06\/A_Bild-Boskapsva\u0308gen-beskuren-scaled.jpg","datePublished":"2022-06-10T09:32:10+00:00","dateModified":"2022-06-27T09:40:56+00:00","author":{"@id":"https:\/\/fojab.se\/#\/schema\/person\/54707f9ec80683b444c021e58fc3b87b"},"breadcrumb":{"@id":"https:\/\/fojab.se\/aktuellt\/spar-efter-slakthus-kvar-i-nytt-stockholmskvarter\/#breadcrumb"},"inLanguage":"en-US","potentialAction":[{"@type":"ReadAction","target":["https:\/\/fojab.se\/aktuellt\/spar-efter-slakthus-kvar-i-nytt-stockholmskvarter\/"]}]},{"@type":"ImageObject","inLanguage":"en-US","@id":"https:\/\/fojab.se\/aktuellt\/spar-efter-slakthus-kvar-i-nytt-stockholmskvarter\/#primaryimage","url":"https:\/\/media1.fojab.se\/2022\/06\/A_Bild-Boskapsva\u0308gen-beskuren-scaled.jpg","contentUrl":"https:\/\/media1.fojab.se\/2022\/06\/A_Bild-Boskapsva\u0308gen-beskuren-scaled.jpg","width":2560,"height":1696},{"@type":"BreadcrumbList","@id":"https:\/\/fojab.se\/aktuellt\/spar-efter-slakthus-kvar-i-nytt-stockholmskvarter\/#breadcrumb","itemListElement":[{"@type":"ListItem","position":1,"name":"Hem","item":"https:\/\/fojab.se\/"},{"@type":"ListItem","position":2,"name":"Sp\u00e5r efter slakthusen kvar i nytt Stockholmskvarter"}]},{"@type":"WebSite","@id":"https:\/\/fojab.se\/#website","url":"https:\/\/fojab.se\/","name":"FOJAB","description":"","potentialAction":[{"@type":"SearchAction","target":{"@type":"EntryPoint","urlTemplate":"https:\/\/fojab.se\/?s={search_term_string}"},"query-input":{"@type":"PropertyValueSpecification","valueRequired":true,"valueName":"search_term_string"}}],"inLanguage":"en-US"},{"@type":"Person","@id":"https:\/\/fojab.se\/#\/schema\/person\/54707f9ec80683b444c021e58fc3b87b","name":"Frida Roijer","image":{"@type":"ImageObject","inLanguage":"en-US","@id":"https:\/\/secure.gravatar.com\/avatar\/73fc92bb137edd2c9c6b8c33107eb69f59aacacfaee9868d7f812a97a93b9d9a?s=96&d=mm&r=g","url":"https:\/\/secure.gravatar.com\/avatar\/73fc92bb137edd2c9c6b8c33107eb69f59aacacfaee9868d7f812a97a93b9d9a?s=96&d=mm&r=g","contentUrl":"https:\/\/secure.gravatar.com\/avatar\/73fc92bb137edd2c9c6b8c33107eb69f59aacacfaee9868d7f812a97a93b9d9a?s=96&d=mm&r=g","caption":"Frida Roijer"},"url":"https:\/\/fojab.se\/en\/aktuellt\/author\/frida-roijer\/"}]}},"_links":{"self":[{"href":"https:\/\/fojab.se\/en\/wp-json\/wp\/v2\/posts\/7859","targetHints":{"allow":["GET"]}}],"collection":[{"href":"https:\/\/fojab.se\/en\/wp-json\/wp\/v2\/posts"}],"about":[{"href":"https:\/\/fojab.se\/en\/wp-json\/wp\/v2\/types\/post"}],"author":[{"embeddable":true,"href":"https:\/\/fojab.se\/en\/wp-json\/wp\/v2\/users\/13"}],"replies":[{"embeddable":true,"href":"https:\/\/fojab.se\/en\/wp-json\/wp\/v2\/comments?post=7859"}],"version-history":[{"count":11,"href":"https:\/\/fojab.se\/en\/wp-json\/wp\/v2\/posts\/7859\/revisions"}],"predecessor-version":[{"id":7937,"href":"https:\/\/fojab.se\/en\/wp-json\/wp\/v2\/posts\/7859\/revisions\/7937"}],"wp:featuredmedia":[{"embeddable":true,"href":"https:\/\/fojab.se\/en\/wp-json\/wp\/v2\/media\/7861"}],"wp:attachment":[{"href":"https:\/\/fojab.se\/en\/wp-json\/wp\/v2\/media?parent=7859"}],"wp:term":[{"taxonomy":"category","embeddable":true,"href":"https:\/\/fojab.se\/en\/wp-json\/wp\/v2\/categories?post=7859"},{"taxonomy":"post_tag","embeddable":true,"href":"https:\/\/fojab.se\/en\/wp-json\/wp\/v2\/tags?post=7859"}],"curies":[{"name":"wp","href":"https:\/\/api.w.org\/{rel}","templated":true}]}}