{"id":7358,"date":"2021-12-21T13:14:03","date_gmt":"2021-12-21T12:14:03","guid":{"rendered":"https:\/\/fojab.se\/?p=7358"},"modified":"2021-12-21T13:14:03","modified_gmt":"2021-12-21T12:14:03","slug":"fojab-designs-new-housing-concept","status":"publish","type":"post","link":"https:\/\/fojab.se\/en\/topical\/fojab-designs-new-housing-concept\/","title":{"rendered":"FOJAB designs new housing concept"},"content":{"rendered":"<p>\"<strong><em>Live a little less, get a lot more<\/em><\/strong>\"<strong>\u00a0is the theme of a brand new concept home that FOJAB is designing for Ikano Bostad. An urban neighborhood is being built in Malm\u00f6 with strong sustainability credentials and an unusual wealth of social opportunities. <\/strong><\/p>\n<p>The concept is designed with the future of living in mind and is based on small private spaces paired with generously designed common rooms and shared services. It does not target a specific age group, but is aimed at anyone who is attracted to a sustainable, healthy and shared lifestyle.<\/p>\n<p>- Much of our social life takes place at home. At the same time, housing is expensive. We have developed a form of housing for those who do not want to spend all the money on a large apartment, but still do not want to compromise on social interaction. It is a challenge to build small in Sweden because many rules are adapted to traditional housing,\" says Stefan Johansson, responsible architect at FOJAB.<\/p>\n<p>In terms of construction, it provides sustainability benefits such as less material consumption and less heating. The concept also means that services such as cleaning, Wi-Fi, insurance, furniture and mobility are shared to a greater extent than in traditional forms of housing.<\/p>\n<p>- We call our co-living concept FlexHem. It is a square footage smart living where we try to keep down both housing costs and climate impact through space-efficient, slightly smaller homes, smart sharing solutions, conscious material choices and several common areas. Community is an important part of the concept and it will be a more sustainable way of living,\" says Lotta Sj\u00f6din, strategic innovation and development manager at Ikano Bostad.<\/p>\n<p>The block is being built in the Elineg\u00e5rd district of Malm\u00f6. The core of the building is a mobility building that will provide parking for many of the residents in the area. The mobility building is surrounded on three sides by housing, and the fourth has a facade of climbing greenery.<\/p>\n<p>The apartments - both rental apartments and mixed condominiums - are efficiently planned and flexibly furnished. At the entrances, there is a lobby with social areas and a laundry lounge, and large, well-equipped kitchens on the roof. The roof terrace, which is designed to resemble a neighborhood park or square, has a greenhouse, places to socialize, grow and play, solar panels and other spaces that residents can book.<\/p>\n<p>Design work will start in January 2022.<\/p>","protected":false},"excerpt":{"rendered":"<p>\u201dBo lite mindre, f\u00e5 mycket mer\u201d\u00a0\u00e4r temat f\u00f6r ett helt nytt konceptboende som FOJAB ritar \u00e5t Ikano Bostad. I Malm\u00f6 byggs ett stadskvarter med starka h\u00e5llbarhetsf\u00f6rtecken och en osedvanlig rikedom av sociala m\u00f6jligheter. Konceptet \u00e4r framtaget med framtidens boende f\u00f6r \u00f6gonen och bygger p\u00e5 sm\u00e5 privata ytor parat med gener\u00f6st utformade gemensamma rum och delade [&hellip;]<\/p>\n","protected":false},"author":13,"featured_media":7361,"comment_status":"closed","ping_status":"open","sticky":false,"template":"","format":"standard","meta":{"_monsterinsights_skip_tracking":false,"_monsterinsights_sitenote_active":false,"_monsterinsights_sitenote_note":"","_monsterinsights_sitenote_category":0,"footnotes":""},"categories":[1],"tags":[],"class_list":["post-7358","post","type-post","status-publish","format-standard","has-post-thumbnail","hentry","category-uncategorized"],"acf":[],"yoast_head":"<!-- This site is optimized with the Yoast SEO plugin v27.5 - https:\/\/yoast.com\/product\/yoast-seo-wordpress\/ -->\n<title>FOJAB ritar nytt boendekoncept | FOJAB<\/title>\n<meta name=\"robots\" content=\"index, follow, max-snippet:-1, max-image-preview:large, max-video-preview:-1\" \/>\n<link rel=\"canonical\" href=\"https:\/\/fojab.se\/en\/topical\/fojab-designs-new-housing-concept\/\" \/>\n<meta property=\"og:locale\" content=\"en_US\" \/>\n<meta property=\"og:type\" content=\"article\" \/>\n<meta property=\"og:title\" content=\"FOJAB ritar nytt boendekoncept | FOJAB\" \/>\n<meta property=\"og:description\" content=\"\u201dBo lite mindre, f\u00e5 mycket mer\u201d\u00a0\u00e4r temat f\u00f6r ett helt nytt konceptboende som FOJAB ritar \u00e5t Ikano Bostad. I Malm\u00f6 byggs ett stadskvarter med starka h\u00e5llbarhetsf\u00f6rtecken och en osedvanlig rikedom av sociala m\u00f6jligheter. Konceptet \u00e4r framtaget med framtidens boende f\u00f6r \u00f6gonen och bygger p\u00e5 sm\u00e5 privata ytor parat med gener\u00f6st utformade gemensamma rum och delade [&hellip;]\" \/>\n<meta property=\"og:url\" content=\"https:\/\/fojab.se\/en\/topical\/fojab-designs-new-housing-concept\/\" \/>\n<meta property=\"og:site_name\" content=\"FOJAB\" \/>\n<meta property=\"article:published_time\" content=\"2021-12-21T12:14:03+00:00\" \/>\n<meta property=\"og:image\" content=\"https:\/\/media1.fojab.se\/2021\/12\/211203-Vy-nordost-beskuren.jpg\" \/>\n\t<meta property=\"og:image:width\" content=\"1280\" \/>\n\t<meta property=\"og:image:height\" content=\"800\" \/>\n\t<meta property=\"og:image:type\" content=\"image\/jpeg\" \/>\n<meta name=\"author\" content=\"Frida Roijer\" \/>\n<meta name=\"twitter:card\" content=\"summary_large_image\" \/>\n<meta name=\"twitter:label1\" content=\"Written by\" \/>\n\t<meta name=\"twitter:data1\" content=\"Frida Roijer\" \/>\n\t<meta name=\"twitter:label2\" content=\"Est. reading time\" \/>\n\t<meta name=\"twitter:data2\" content=\"2 minutes\" \/>\n<script type=\"application\/ld+json\" class=\"yoast-schema-graph\">{\"@context\":\"https:\\\/\\\/schema.org\",\"@graph\":[{\"@type\":\"Article\",\"@id\":\"https:\\\/\\\/fojab.se\\\/aktuellt\\\/fojab-ritar-nytt-boendekoncept\\\/#article\",\"isPartOf\":{\"@id\":\"https:\\\/\\\/fojab.se\\\/aktuellt\\\/fojab-ritar-nytt-boendekoncept\\\/\"},\"author\":{\"name\":\"Frida Roijer\",\"@id\":\"https:\\\/\\\/fojab.se\\\/#\\\/schema\\\/person\\\/54707f9ec80683b444c021e58fc3b87b\"},\"headline\":\"FOJAB ritar nytt boendekoncept\",\"datePublished\":\"2021-12-21T12:14:03+00:00\",\"mainEntityOfPage\":{\"@id\":\"https:\\\/\\\/fojab.se\\\/aktuellt\\\/fojab-ritar-nytt-boendekoncept\\\/\"},\"wordCount\":421,\"image\":{\"@id\":\"https:\\\/\\\/fojab.se\\\/aktuellt\\\/fojab-ritar-nytt-boendekoncept\\\/#primaryimage\"},\"thumbnailUrl\":\"https:\\\/\\\/media1.fojab.se\\\/2021\\\/12\\\/211203-Vy-nordost-beskuren.jpg\",\"inLanguage\":\"en-US\"},{\"@type\":\"WebPage\",\"@id\":\"https:\\\/\\\/fojab.se\\\/aktuellt\\\/fojab-ritar-nytt-boendekoncept\\\/\",\"url\":\"https:\\\/\\\/fojab.se\\\/aktuellt\\\/fojab-ritar-nytt-boendekoncept\\\/\",\"name\":\"FOJAB ritar nytt boendekoncept | FOJAB\",\"isPartOf\":{\"@id\":\"https:\\\/\\\/fojab.se\\\/#website\"},\"primaryImageOfPage\":{\"@id\":\"https:\\\/\\\/fojab.se\\\/aktuellt\\\/fojab-ritar-nytt-boendekoncept\\\/#primaryimage\"},\"image\":{\"@id\":\"https:\\\/\\\/fojab.se\\\/aktuellt\\\/fojab-ritar-nytt-boendekoncept\\\/#primaryimage\"},\"thumbnailUrl\":\"https:\\\/\\\/media1.fojab.se\\\/2021\\\/12\\\/211203-Vy-nordost-beskuren.jpg\",\"datePublished\":\"2021-12-21T12:14:03+00:00\",\"author\":{\"@id\":\"https:\\\/\\\/fojab.se\\\/#\\\/schema\\\/person\\\/54707f9ec80683b444c021e58fc3b87b\"},\"breadcrumb\":{\"@id\":\"https:\\\/\\\/fojab.se\\\/aktuellt\\\/fojab-ritar-nytt-boendekoncept\\\/#breadcrumb\"},\"inLanguage\":\"en-US\",\"potentialAction\":[{\"@type\":\"ReadAction\",\"target\":[\"https:\\\/\\\/fojab.se\\\/aktuellt\\\/fojab-ritar-nytt-boendekoncept\\\/\"]}]},{\"@type\":\"ImageObject\",\"inLanguage\":\"en-US\",\"@id\":\"https:\\\/\\\/fojab.se\\\/aktuellt\\\/fojab-ritar-nytt-boendekoncept\\\/#primaryimage\",\"url\":\"https:\\\/\\\/media1.fojab.se\\\/2021\\\/12\\\/211203-Vy-nordost-beskuren.jpg\",\"contentUrl\":\"https:\\\/\\\/media1.fojab.se\\\/2021\\\/12\\\/211203-Vy-nordost-beskuren.jpg\",\"width\":1280,\"height\":800},{\"@type\":\"BreadcrumbList\",\"@id\":\"https:\\\/\\\/fojab.se\\\/aktuellt\\\/fojab-ritar-nytt-boendekoncept\\\/#breadcrumb\",\"itemListElement\":[{\"@type\":\"ListItem\",\"position\":1,\"name\":\"Hem\",\"item\":\"https:\\\/\\\/fojab.se\\\/\"},{\"@type\":\"ListItem\",\"position\":2,\"name\":\"FOJAB ritar nytt boendekoncept\"}]},{\"@type\":\"WebSite\",\"@id\":\"https:\\\/\\\/fojab.se\\\/#website\",\"url\":\"https:\\\/\\\/fojab.se\\\/\",\"name\":\"FOJAB\",\"description\":\"\",\"potentialAction\":[{\"@type\":\"SearchAction\",\"target\":{\"@type\":\"EntryPoint\",\"urlTemplate\":\"https:\\\/\\\/fojab.se\\\/?s={search_term_string}\"},\"query-input\":{\"@type\":\"PropertyValueSpecification\",\"valueRequired\":true,\"valueName\":\"search_term_string\"}}],\"inLanguage\":\"en-US\"},{\"@type\":\"Person\",\"@id\":\"https:\\\/\\\/fojab.se\\\/#\\\/schema\\\/person\\\/54707f9ec80683b444c021e58fc3b87b\",\"name\":\"Frida Roijer\",\"image\":{\"@type\":\"ImageObject\",\"inLanguage\":\"en-US\",\"@id\":\"https:\\\/\\\/secure.gravatar.com\\\/avatar\\\/73fc92bb137edd2c9c6b8c33107eb69f59aacacfaee9868d7f812a97a93b9d9a?s=96&d=mm&r=g\",\"url\":\"https:\\\/\\\/secure.gravatar.com\\\/avatar\\\/73fc92bb137edd2c9c6b8c33107eb69f59aacacfaee9868d7f812a97a93b9d9a?s=96&d=mm&r=g\",\"contentUrl\":\"https:\\\/\\\/secure.gravatar.com\\\/avatar\\\/73fc92bb137edd2c9c6b8c33107eb69f59aacacfaee9868d7f812a97a93b9d9a?s=96&d=mm&r=g\",\"caption\":\"Frida Roijer\"},\"url\":\"https:\\\/\\\/fojab.se\\\/en\\\/aktuellt\\\/author\\\/frida-roijer\\\/\"}]}<\/script>\n<!-- \/ Yoast SEO plugin. -->","yoast_head_json":{"title":"FOJAB designs a new housing concept | FOJAB","robots":{"index":"index","follow":"follow","max-snippet":"max-snippet:-1","max-image-preview":"max-image-preview:large","max-video-preview":"max-video-preview:-1"},"canonical":"https:\/\/fojab.se\/en\/topical\/fojab-designs-new-housing-concept\/","og_locale":"en_US","og_type":"article","og_title":"FOJAB ritar nytt boendekoncept | FOJAB","og_description":"\u201dBo lite mindre, f\u00e5 mycket mer\u201d\u00a0\u00e4r temat f\u00f6r ett helt nytt konceptboende som FOJAB ritar \u00e5t Ikano Bostad. I Malm\u00f6 byggs ett stadskvarter med starka h\u00e5llbarhetsf\u00f6rtecken och en osedvanlig rikedom av sociala m\u00f6jligheter. Konceptet \u00e4r framtaget med framtidens boende f\u00f6r \u00f6gonen och bygger p\u00e5 sm\u00e5 privata ytor parat med gener\u00f6st utformade gemensamma rum och delade [&hellip;]","og_url":"https:\/\/fojab.se\/en\/topical\/fojab-designs-new-housing-concept\/","og_site_name":"FOJAB","article_published_time":"2021-12-21T12:14:03+00:00","og_image":[{"width":1280,"height":800,"url":"https:\/\/media1.fojab.se\/2021\/12\/211203-Vy-nordost-beskuren.jpg","type":"image\/jpeg"}],"author":"Frida Roijer","twitter_card":"summary_large_image","twitter_misc":{"Written by":"Frida Roijer","Est. reading time":"2 minutes"},"schema":{"@context":"https:\/\/schema.org","@graph":[{"@type":"Article","@id":"https:\/\/fojab.se\/aktuellt\/fojab-ritar-nytt-boendekoncept\/#article","isPartOf":{"@id":"https:\/\/fojab.se\/aktuellt\/fojab-ritar-nytt-boendekoncept\/"},"author":{"name":"Frida Roijer","@id":"https:\/\/fojab.se\/#\/schema\/person\/54707f9ec80683b444c021e58fc3b87b"},"headline":"FOJAB ritar nytt boendekoncept","datePublished":"2021-12-21T12:14:03+00:00","mainEntityOfPage":{"@id":"https:\/\/fojab.se\/aktuellt\/fojab-ritar-nytt-boendekoncept\/"},"wordCount":421,"image":{"@id":"https:\/\/fojab.se\/aktuellt\/fojab-ritar-nytt-boendekoncept\/#primaryimage"},"thumbnailUrl":"https:\/\/media1.fojab.se\/2021\/12\/211203-Vy-nordost-beskuren.jpg","inLanguage":"en-US"},{"@type":"WebPage","@id":"https:\/\/fojab.se\/aktuellt\/fojab-ritar-nytt-boendekoncept\/","url":"https:\/\/fojab.se\/aktuellt\/fojab-ritar-nytt-boendekoncept\/","name":"FOJAB designs a new housing concept | FOJAB","isPartOf":{"@id":"https:\/\/fojab.se\/#website"},"primaryImageOfPage":{"@id":"https:\/\/fojab.se\/aktuellt\/fojab-ritar-nytt-boendekoncept\/#primaryimage"},"image":{"@id":"https:\/\/fojab.se\/aktuellt\/fojab-ritar-nytt-boendekoncept\/#primaryimage"},"thumbnailUrl":"https:\/\/media1.fojab.se\/2021\/12\/211203-Vy-nordost-beskuren.jpg","datePublished":"2021-12-21T12:14:03+00:00","author":{"@id":"https:\/\/fojab.se\/#\/schema\/person\/54707f9ec80683b444c021e58fc3b87b"},"breadcrumb":{"@id":"https:\/\/fojab.se\/aktuellt\/fojab-ritar-nytt-boendekoncept\/#breadcrumb"},"inLanguage":"en-US","potentialAction":[{"@type":"ReadAction","target":["https:\/\/fojab.se\/aktuellt\/fojab-ritar-nytt-boendekoncept\/"]}]},{"@type":"ImageObject","inLanguage":"en-US","@id":"https:\/\/fojab.se\/aktuellt\/fojab-ritar-nytt-boendekoncept\/#primaryimage","url":"https:\/\/media1.fojab.se\/2021\/12\/211203-Vy-nordost-beskuren.jpg","contentUrl":"https:\/\/media1.fojab.se\/2021\/12\/211203-Vy-nordost-beskuren.jpg","width":1280,"height":800},{"@type":"BreadcrumbList","@id":"https:\/\/fojab.se\/aktuellt\/fojab-ritar-nytt-boendekoncept\/#breadcrumb","itemListElement":[{"@type":"ListItem","position":1,"name":"Hem","item":"https:\/\/fojab.se\/"},{"@type":"ListItem","position":2,"name":"FOJAB ritar nytt boendekoncept"}]},{"@type":"WebSite","@id":"https:\/\/fojab.se\/#website","url":"https:\/\/fojab.se\/","name":"FOJAB","description":"","potentialAction":[{"@type":"SearchAction","target":{"@type":"EntryPoint","urlTemplate":"https:\/\/fojab.se\/?s={search_term_string}"},"query-input":{"@type":"PropertyValueSpecification","valueRequired":true,"valueName":"search_term_string"}}],"inLanguage":"en-US"},{"@type":"Person","@id":"https:\/\/fojab.se\/#\/schema\/person\/54707f9ec80683b444c021e58fc3b87b","name":"Frida Roijer","image":{"@type":"ImageObject","inLanguage":"en-US","@id":"https:\/\/secure.gravatar.com\/avatar\/73fc92bb137edd2c9c6b8c33107eb69f59aacacfaee9868d7f812a97a93b9d9a?s=96&d=mm&r=g","url":"https:\/\/secure.gravatar.com\/avatar\/73fc92bb137edd2c9c6b8c33107eb69f59aacacfaee9868d7f812a97a93b9d9a?s=96&d=mm&r=g","contentUrl":"https:\/\/secure.gravatar.com\/avatar\/73fc92bb137edd2c9c6b8c33107eb69f59aacacfaee9868d7f812a97a93b9d9a?s=96&d=mm&r=g","caption":"Frida Roijer"},"url":"https:\/\/fojab.se\/en\/aktuellt\/author\/frida-roijer\/"}]}},"_links":{"self":[{"href":"https:\/\/fojab.se\/en\/wp-json\/wp\/v2\/posts\/7358","targetHints":{"allow":["GET"]}}],"collection":[{"href":"https:\/\/fojab.se\/en\/wp-json\/wp\/v2\/posts"}],"about":[{"href":"https:\/\/fojab.se\/en\/wp-json\/wp\/v2\/types\/post"}],"author":[{"embeddable":true,"href":"https:\/\/fojab.se\/en\/wp-json\/wp\/v2\/users\/13"}],"replies":[{"embeddable":true,"href":"https:\/\/fojab.se\/en\/wp-json\/wp\/v2\/comments?post=7358"}],"version-history":[{"count":3,"href":"https:\/\/fojab.se\/en\/wp-json\/wp\/v2\/posts\/7358\/revisions"}],"predecessor-version":[{"id":7364,"href":"https:\/\/fojab.se\/en\/wp-json\/wp\/v2\/posts\/7358\/revisions\/7364"}],"wp:featuredmedia":[{"embeddable":true,"href":"https:\/\/fojab.se\/en\/wp-json\/wp\/v2\/media\/7361"}],"wp:attachment":[{"href":"https:\/\/fojab.se\/en\/wp-json\/wp\/v2\/media?parent=7358"}],"wp:term":[{"taxonomy":"category","embeddable":true,"href":"https:\/\/fojab.se\/en\/wp-json\/wp\/v2\/categories?post=7358"},{"taxonomy":"post_tag","embeddable":true,"href":"https:\/\/fojab.se\/en\/wp-json\/wp\/v2\/tags?post=7358"}],"curies":[{"name":"wp","href":"https:\/\/api.w.org\/{rel}","templated":true}]}}