{"id":6105,"date":"2021-02-11T17:43:54","date_gmt":"2021-02-11T15:43:54","guid":{"rendered":"https:\/\/fojab.se\/?p=6105"},"modified":"2021-02-11T17:43:54","modified_gmt":"2021-02-11T15:43:54","slug":"fojab-wins-sveriges-arkitekter-halland-award-2020","status":"publish","type":"post","link":"https:\/\/fojab.se\/en\/topical\/fojab-wins-sveriges-arkitekter-halland-award-2020\/","title":{"rendered":"FOJAB wins the Architects of Sweden Halland Prize 2020!"},"content":{"rendered":"<p><strong>\"Falkenberg has a new landmark that exudes urbanity and well-studied entrance spaces\", the jury concludes and awards Argus, Falkenberg's new knowledge and cultural center, the Architects Sweden Halland Prize 2020.\u00a0<\/strong><strong>We are of course both proud and happy about the award, says Charlotte Kristensson, Head of Knowledge Environments at FOJAB. <\/strong><\/p>\n<p>-We have created a living building with room for creativity, curiosity and discovery. The buildings are designed in such a way that there are good conditions for collaboration. Building community properties is an extensive investment, but through collaboration it becomes profitable,\" says Charlotte Kristensson, responsible architect for knowledge environments at FOJAB.<\/p>\n<p>-\"We took a holistic approach to the entire gigantic block in order to establish contact with the central city center and create the city park that Falkenberg residents have lacked until now,\" says Kjell Adamsson, vice president of FOJAB, who was the commissioned architect.<\/p>\n<p><strong>Sustainable, distinctive and timeless<br \/>\n<\/strong>In the design, FOJAB has placed great emphasis on creating a sustainable and architecturally strong character, a building that is both distinctive and timeless. The sustainability aspect is also emphasized in the jury's motivation: \"<em>The building's materials, both exterior and interior, are solid and durable and will stand the test of time. Argus is a welcoming meeting place for all ages that manifests the place of knowledge and culture in Falkenberg.<\/em>.\"<\/p>\n<p><a href=\"https:\/\/fojab.se\/en\/project\/knowledge-and-culture-center\/\">Read more about Argus<\/a><\/p>","protected":false},"excerpt":{"rendered":"<p>\u201dFalkenberg har f\u00e5tt ett nytt landm\u00e4rke som andas stadsm\u00e4ssighet och v\u00e4lstuderade entr\u00e9rum\u201d, konstaterar juryn och tilldelar Argus, Falkenbergs nya kunskaps- och kulturcentrum, Sveriges Arkitekter Hallands Pris 2020.\u00a0Vi \u00e4r f\u00f6rst\u00e5s b\u00e5de stolta och glada \u00f6ver utm\u00e4rkelsen, s\u00e4ger Charlotte Kristensson, ansvarig Kunskapsmilj\u00f6er p\u00e5 FOJAB. \u2013Vi har skapat en levande byggnad med plats f\u00f6r kreativitet, nyfikenhet och uppt\u00e4ckargl\u00e4dje. [&hellip;]<\/p>\n","protected":false},"author":13,"featured_media":6106,"comment_status":"closed","ping_status":"open","sticky":false,"template":"","format":"standard","meta":{"_monsterinsights_skip_tracking":false,"_monsterinsights_sitenote_active":false,"_monsterinsights_sitenote_note":"","_monsterinsights_sitenote_category":0,"footnotes":""},"categories":[1],"tags":[],"class_list":["post-6105","post","type-post","status-publish","format-standard","has-post-thumbnail","hentry","category-uncategorized"],"acf":[],"yoast_head":"<!-- This site is optimized with the Yoast SEO plugin v27.5 - https:\/\/yoast.com\/product\/yoast-seo-wordpress\/ -->\n<title>FOJAB vinner Sveriges Arkitekter Hallands Pris 2020! | FOJAB<\/title>\n<meta name=\"robots\" content=\"index, follow, max-snippet:-1, max-image-preview:large, max-video-preview:-1\" \/>\n<link rel=\"canonical\" href=\"https:\/\/fojab.se\/en\/topical\/fojab-wins-sveriges-arkitekter-halland-award-2020\/\" \/>\n<meta property=\"og:locale\" content=\"en_US\" \/>\n<meta property=\"og:type\" content=\"article\" \/>\n<meta property=\"og:title\" content=\"FOJAB vinner Sveriges Arkitekter Hallands Pris 2020! | FOJAB\" \/>\n<meta property=\"og:description\" content=\"\u201dFalkenberg har f\u00e5tt ett nytt landm\u00e4rke som andas stadsm\u00e4ssighet och v\u00e4lstuderade entr\u00e9rum\u201d, konstaterar juryn och tilldelar Argus, Falkenbergs nya kunskaps- och kulturcentrum, Sveriges Arkitekter Hallands Pris 2020.\u00a0Vi \u00e4r f\u00f6rst\u00e5s b\u00e5de stolta och glada \u00f6ver utm\u00e4rkelsen, s\u00e4ger Charlotte Kristensson, ansvarig Kunskapsmilj\u00f6er p\u00e5 FOJAB. \u2013Vi har skapat en levande byggnad med plats f\u00f6r kreativitet, nyfikenhet och uppt\u00e4ckargl\u00e4dje. [&hellip;]\" \/>\n<meta property=\"og:url\" content=\"https:\/\/fojab.se\/en\/topical\/fojab-wins-sveriges-arkitekter-halland-award-2020\/\" \/>\n<meta property=\"og:site_name\" content=\"FOJAB\" \/>\n<meta property=\"article:published_time\" content=\"2021-02-11T15:43:54+00:00\" \/>\n<meta property=\"og:image\" content=\"https:\/\/media1.fojab.se\/2021\/02\/05285-scaled.jpg\" \/>\n\t<meta property=\"og:image:width\" content=\"2560\" \/>\n\t<meta property=\"og:image:height\" content=\"1782\" \/>\n\t<meta property=\"og:image:type\" content=\"image\/jpeg\" \/>\n<meta name=\"author\" content=\"Frida Roijer\" \/>\n<meta name=\"twitter:card\" content=\"summary_large_image\" \/>\n<meta name=\"twitter:label1\" content=\"Written by\" \/>\n\t<meta name=\"twitter:data1\" content=\"Frida Roijer\" \/>\n\t<meta name=\"twitter:label2\" content=\"Est. reading time\" \/>\n\t<meta name=\"twitter:data2\" content=\"1 minute\" \/>\n<script type=\"application\/ld+json\" class=\"yoast-schema-graph\">{\"@context\":\"https:\\\/\\\/schema.org\",\"@graph\":[{\"@type\":\"Article\",\"@id\":\"https:\\\/\\\/fojab.se\\\/aktuellt\\\/fojab-vinner-sveriges-arkitekter-hallands-pris-2020\\\/#article\",\"isPartOf\":{\"@id\":\"https:\\\/\\\/fojab.se\\\/aktuellt\\\/fojab-vinner-sveriges-arkitekter-hallands-pris-2020\\\/\"},\"author\":{\"name\":\"Frida Roijer\",\"@id\":\"https:\\\/\\\/fojab.se\\\/#\\\/schema\\\/person\\\/54707f9ec80683b444c021e58fc3b87b\"},\"headline\":\"FOJAB vinner Sveriges Arkitekter Hallands Pris 2020!\",\"datePublished\":\"2021-02-11T15:43:54+00:00\",\"mainEntityOfPage\":{\"@id\":\"https:\\\/\\\/fojab.se\\\/aktuellt\\\/fojab-vinner-sveriges-arkitekter-hallands-pris-2020\\\/\"},\"wordCount\":250,\"image\":{\"@id\":\"https:\\\/\\\/fojab.se\\\/aktuellt\\\/fojab-vinner-sveriges-arkitekter-hallands-pris-2020\\\/#primaryimage\"},\"thumbnailUrl\":\"https:\\\/\\\/media1.fojab.se\\\/2021\\\/02\\\/05285-scaled.jpg\",\"inLanguage\":\"en-US\"},{\"@type\":\"WebPage\",\"@id\":\"https:\\\/\\\/fojab.se\\\/aktuellt\\\/fojab-vinner-sveriges-arkitekter-hallands-pris-2020\\\/\",\"url\":\"https:\\\/\\\/fojab.se\\\/aktuellt\\\/fojab-vinner-sveriges-arkitekter-hallands-pris-2020\\\/\",\"name\":\"FOJAB vinner Sveriges Arkitekter Hallands Pris 2020! | FOJAB\",\"isPartOf\":{\"@id\":\"https:\\\/\\\/fojab.se\\\/#website\"},\"primaryImageOfPage\":{\"@id\":\"https:\\\/\\\/fojab.se\\\/aktuellt\\\/fojab-vinner-sveriges-arkitekter-hallands-pris-2020\\\/#primaryimage\"},\"image\":{\"@id\":\"https:\\\/\\\/fojab.se\\\/aktuellt\\\/fojab-vinner-sveriges-arkitekter-hallands-pris-2020\\\/#primaryimage\"},\"thumbnailUrl\":\"https:\\\/\\\/media1.fojab.se\\\/2021\\\/02\\\/05285-scaled.jpg\",\"datePublished\":\"2021-02-11T15:43:54+00:00\",\"author\":{\"@id\":\"https:\\\/\\\/fojab.se\\\/#\\\/schema\\\/person\\\/54707f9ec80683b444c021e58fc3b87b\"},\"breadcrumb\":{\"@id\":\"https:\\\/\\\/fojab.se\\\/aktuellt\\\/fojab-vinner-sveriges-arkitekter-hallands-pris-2020\\\/#breadcrumb\"},\"inLanguage\":\"en-US\",\"potentialAction\":[{\"@type\":\"ReadAction\",\"target\":[\"https:\\\/\\\/fojab.se\\\/aktuellt\\\/fojab-vinner-sveriges-arkitekter-hallands-pris-2020\\\/\"]}]},{\"@type\":\"ImageObject\",\"inLanguage\":\"en-US\",\"@id\":\"https:\\\/\\\/fojab.se\\\/aktuellt\\\/fojab-vinner-sveriges-arkitekter-hallands-pris-2020\\\/#primaryimage\",\"url\":\"https:\\\/\\\/media1.fojab.se\\\/2021\\\/02\\\/05285-scaled.jpg\",\"contentUrl\":\"https:\\\/\\\/media1.fojab.se\\\/2021\\\/02\\\/05285-scaled.jpg\",\"width\":2560,\"height\":1782},{\"@type\":\"BreadcrumbList\",\"@id\":\"https:\\\/\\\/fojab.se\\\/aktuellt\\\/fojab-vinner-sveriges-arkitekter-hallands-pris-2020\\\/#breadcrumb\",\"itemListElement\":[{\"@type\":\"ListItem\",\"position\":1,\"name\":\"Hem\",\"item\":\"https:\\\/\\\/fojab.se\\\/\"},{\"@type\":\"ListItem\",\"position\":2,\"name\":\"FOJAB vinner Sveriges Arkitekter Hallands Pris 2020!\"}]},{\"@type\":\"WebSite\",\"@id\":\"https:\\\/\\\/fojab.se\\\/#website\",\"url\":\"https:\\\/\\\/fojab.se\\\/\",\"name\":\"FOJAB\",\"description\":\"\",\"potentialAction\":[{\"@type\":\"SearchAction\",\"target\":{\"@type\":\"EntryPoint\",\"urlTemplate\":\"https:\\\/\\\/fojab.se\\\/?s={search_term_string}\"},\"query-input\":{\"@type\":\"PropertyValueSpecification\",\"valueRequired\":true,\"valueName\":\"search_term_string\"}}],\"inLanguage\":\"en-US\"},{\"@type\":\"Person\",\"@id\":\"https:\\\/\\\/fojab.se\\\/#\\\/schema\\\/person\\\/54707f9ec80683b444c021e58fc3b87b\",\"name\":\"Frida Roijer\",\"image\":{\"@type\":\"ImageObject\",\"inLanguage\":\"en-US\",\"@id\":\"https:\\\/\\\/secure.gravatar.com\\\/avatar\\\/73fc92bb137edd2c9c6b8c33107eb69f59aacacfaee9868d7f812a97a93b9d9a?s=96&d=mm&r=g\",\"url\":\"https:\\\/\\\/secure.gravatar.com\\\/avatar\\\/73fc92bb137edd2c9c6b8c33107eb69f59aacacfaee9868d7f812a97a93b9d9a?s=96&d=mm&r=g\",\"contentUrl\":\"https:\\\/\\\/secure.gravatar.com\\\/avatar\\\/73fc92bb137edd2c9c6b8c33107eb69f59aacacfaee9868d7f812a97a93b9d9a?s=96&d=mm&r=g\",\"caption\":\"Frida Roijer\"},\"url\":\"https:\\\/\\\/fojab.se\\\/en\\\/aktuellt\\\/author\\\/frida-roijer\\\/\"}]}<\/script>\n<!-- \/ Yoast SEO plugin. -->","yoast_head_json":{"title":"FOJAB wins the Swedish Architects Halland Prize 2020! | FOJAB","robots":{"index":"index","follow":"follow","max-snippet":"max-snippet:-1","max-image-preview":"max-image-preview:large","max-video-preview":"max-video-preview:-1"},"canonical":"https:\/\/fojab.se\/en\/topical\/fojab-wins-sveriges-arkitekter-halland-award-2020\/","og_locale":"en_US","og_type":"article","og_title":"FOJAB vinner Sveriges Arkitekter Hallands Pris 2020! | FOJAB","og_description":"\u201dFalkenberg har f\u00e5tt ett nytt landm\u00e4rke som andas stadsm\u00e4ssighet och v\u00e4lstuderade entr\u00e9rum\u201d, konstaterar juryn och tilldelar Argus, Falkenbergs nya kunskaps- och kulturcentrum, Sveriges Arkitekter Hallands Pris 2020.\u00a0Vi \u00e4r f\u00f6rst\u00e5s b\u00e5de stolta och glada \u00f6ver utm\u00e4rkelsen, s\u00e4ger Charlotte Kristensson, ansvarig Kunskapsmilj\u00f6er p\u00e5 FOJAB. \u2013Vi har skapat en levande byggnad med plats f\u00f6r kreativitet, nyfikenhet och uppt\u00e4ckargl\u00e4dje. [&hellip;]","og_url":"https:\/\/fojab.se\/en\/topical\/fojab-wins-sveriges-arkitekter-halland-award-2020\/","og_site_name":"FOJAB","article_published_time":"2021-02-11T15:43:54+00:00","og_image":[{"width":2560,"height":1782,"url":"https:\/\/media1.fojab.se\/2021\/02\/05285-scaled.jpg","type":"image\/jpeg"}],"author":"Frida Roijer","twitter_card":"summary_large_image","twitter_misc":{"Written by":"Frida Roijer","Est. reading time":"1 minute"},"schema":{"@context":"https:\/\/schema.org","@graph":[{"@type":"Article","@id":"https:\/\/fojab.se\/aktuellt\/fojab-vinner-sveriges-arkitekter-hallands-pris-2020\/#article","isPartOf":{"@id":"https:\/\/fojab.se\/aktuellt\/fojab-vinner-sveriges-arkitekter-hallands-pris-2020\/"},"author":{"name":"Frida Roijer","@id":"https:\/\/fojab.se\/#\/schema\/person\/54707f9ec80683b444c021e58fc3b87b"},"headline":"FOJAB vinner Sveriges Arkitekter Hallands Pris 2020!","datePublished":"2021-02-11T15:43:54+00:00","mainEntityOfPage":{"@id":"https:\/\/fojab.se\/aktuellt\/fojab-vinner-sveriges-arkitekter-hallands-pris-2020\/"},"wordCount":250,"image":{"@id":"https:\/\/fojab.se\/aktuellt\/fojab-vinner-sveriges-arkitekter-hallands-pris-2020\/#primaryimage"},"thumbnailUrl":"https:\/\/media1.fojab.se\/2021\/02\/05285-scaled.jpg","inLanguage":"en-US"},{"@type":"WebPage","@id":"https:\/\/fojab.se\/aktuellt\/fojab-vinner-sveriges-arkitekter-hallands-pris-2020\/","url":"https:\/\/fojab.se\/aktuellt\/fojab-vinner-sveriges-arkitekter-hallands-pris-2020\/","name":"FOJAB wins the Swedish Architects Halland Prize 2020! | FOJAB","isPartOf":{"@id":"https:\/\/fojab.se\/#website"},"primaryImageOfPage":{"@id":"https:\/\/fojab.se\/aktuellt\/fojab-vinner-sveriges-arkitekter-hallands-pris-2020\/#primaryimage"},"image":{"@id":"https:\/\/fojab.se\/aktuellt\/fojab-vinner-sveriges-arkitekter-hallands-pris-2020\/#primaryimage"},"thumbnailUrl":"https:\/\/media1.fojab.se\/2021\/02\/05285-scaled.jpg","datePublished":"2021-02-11T15:43:54+00:00","author":{"@id":"https:\/\/fojab.se\/#\/schema\/person\/54707f9ec80683b444c021e58fc3b87b"},"breadcrumb":{"@id":"https:\/\/fojab.se\/aktuellt\/fojab-vinner-sveriges-arkitekter-hallands-pris-2020\/#breadcrumb"},"inLanguage":"en-US","potentialAction":[{"@type":"ReadAction","target":["https:\/\/fojab.se\/aktuellt\/fojab-vinner-sveriges-arkitekter-hallands-pris-2020\/"]}]},{"@type":"ImageObject","inLanguage":"en-US","@id":"https:\/\/fojab.se\/aktuellt\/fojab-vinner-sveriges-arkitekter-hallands-pris-2020\/#primaryimage","url":"https:\/\/media1.fojab.se\/2021\/02\/05285-scaled.jpg","contentUrl":"https:\/\/media1.fojab.se\/2021\/02\/05285-scaled.jpg","width":2560,"height":1782},{"@type":"BreadcrumbList","@id":"https:\/\/fojab.se\/aktuellt\/fojab-vinner-sveriges-arkitekter-hallands-pris-2020\/#breadcrumb","itemListElement":[{"@type":"ListItem","position":1,"name":"Hem","item":"https:\/\/fojab.se\/"},{"@type":"ListItem","position":2,"name":"FOJAB vinner Sveriges Arkitekter Hallands Pris 2020!"}]},{"@type":"WebSite","@id":"https:\/\/fojab.se\/#website","url":"https:\/\/fojab.se\/","name":"FOJAB","description":"","potentialAction":[{"@type":"SearchAction","target":{"@type":"EntryPoint","urlTemplate":"https:\/\/fojab.se\/?s={search_term_string}"},"query-input":{"@type":"PropertyValueSpecification","valueRequired":true,"valueName":"search_term_string"}}],"inLanguage":"en-US"},{"@type":"Person","@id":"https:\/\/fojab.se\/#\/schema\/person\/54707f9ec80683b444c021e58fc3b87b","name":"Frida Roijer","image":{"@type":"ImageObject","inLanguage":"en-US","@id":"https:\/\/secure.gravatar.com\/avatar\/73fc92bb137edd2c9c6b8c33107eb69f59aacacfaee9868d7f812a97a93b9d9a?s=96&d=mm&r=g","url":"https:\/\/secure.gravatar.com\/avatar\/73fc92bb137edd2c9c6b8c33107eb69f59aacacfaee9868d7f812a97a93b9d9a?s=96&d=mm&r=g","contentUrl":"https:\/\/secure.gravatar.com\/avatar\/73fc92bb137edd2c9c6b8c33107eb69f59aacacfaee9868d7f812a97a93b9d9a?s=96&d=mm&r=g","caption":"Frida Roijer"},"url":"https:\/\/fojab.se\/en\/aktuellt\/author\/frida-roijer\/"}]}},"_links":{"self":[{"href":"https:\/\/fojab.se\/en\/wp-json\/wp\/v2\/posts\/6105","targetHints":{"allow":["GET"]}}],"collection":[{"href":"https:\/\/fojab.se\/en\/wp-json\/wp\/v2\/posts"}],"about":[{"href":"https:\/\/fojab.se\/en\/wp-json\/wp\/v2\/types\/post"}],"author":[{"embeddable":true,"href":"https:\/\/fojab.se\/en\/wp-json\/wp\/v2\/users\/13"}],"replies":[{"embeddable":true,"href":"https:\/\/fojab.se\/en\/wp-json\/wp\/v2\/comments?post=6105"}],"version-history":[{"count":1,"href":"https:\/\/fojab.se\/en\/wp-json\/wp\/v2\/posts\/6105\/revisions"}],"predecessor-version":[{"id":6107,"href":"https:\/\/fojab.se\/en\/wp-json\/wp\/v2\/posts\/6105\/revisions\/6107"}],"wp:featuredmedia":[{"embeddable":true,"href":"https:\/\/fojab.se\/en\/wp-json\/wp\/v2\/media\/6106"}],"wp:attachment":[{"href":"https:\/\/fojab.se\/en\/wp-json\/wp\/v2\/media?parent=6105"}],"wp:term":[{"taxonomy":"category","embeddable":true,"href":"https:\/\/fojab.se\/en\/wp-json\/wp\/v2\/categories?post=6105"},{"taxonomy":"post_tag","embeddable":true,"href":"https:\/\/fojab.se\/en\/wp-json\/wp\/v2\/tags?post=6105"}],"curies":[{"name":"wp","href":"https:\/\/api.w.org\/{rel}","templated":true}]}}