{"id":5848,"date":"2020-12-01T10:09:37","date_gmt":"2020-12-01T08:09:37","guid":{"rendered":"https:\/\/fojab.se\/?p=5848"},"modified":"2021-02-04T16:41:31","modified_gmt":"2021-02-04T14:41:31","slug":"axiss-new-headquarters-is-certainly-a-new-landmark-in-lund","status":"publish","type":"post","link":"https:\/\/fojab.se\/en\/topical\/axiss-new-headquarters-is-certainly-a-new-landmark-in-lund\/","title":{"rendered":"Axis new office completed - a new landmark in Lund, Sweden"},"content":{"rendered":"<p><strong>FOJAB has designed Axis' new office in Lund, which will be a workplace for 1300 people. The building has a strong identity and character and is designed according to the company's needs and wishes. The block will be an exciting new meeting place where sustainable working life is at the center.<\/strong><\/p>\n<p>Axis' new office in Lund will be the face of the company and consists of a continuous building that is divided into several building bodies of varying heights that interact with each other. The main entrance is located in the corner of the block facing the Ideon area and inside there is a large, bright common entrance square with space for exhibitions, meetings and mingling. A generous staircase leads to the Axis restaurant and further up to the common, green courtyard. The crowning glory is a skylounge and a spacious roof terrace with a 360-degree view of the Scanian landscape.<\/p>\n<p>The fa\u00e7ade consists of a heavy natural stone clad base with light glass facades with white, angled slats on top. Once inside the building, visitors and employees are greeted by light, which is a recurring theme, while natural materials such as limestone and wood provide a warm and cozy feel. The office spaces are tailored to Axis' needs with both traditional cellular offices and open office landscapes with plenty of light. The office is designed with several different spatialities to suit different types of meetings and create conditions for creativity and innovation - important core values in Axis' corporate culture.<\/p>\n<p>The block is part of the city planning office's goal to transform the Ideon Science Park research village in Lund into a city with clear blocks and sunny meeting places for everyone who works, researches or visits Ideon.<\/p>\n<p>The work environment is designed with a sustainable working life in focus, and opportunities for sustainable travel have also been an important prerequisite. Each employee gets their own Axis bike, which can be cycled straight down into a garage with shower and changing rooms, and a gym with a glass roof that connects the gym to the common areas above.<\/p>\n<p>- The idea is that the office should feel a bit like a home at work, with plenty of areas for employees to meet, train together and socialize with each other,\" says Andreas Jentsch, commissioned architect, FOJAB.<\/p>\n<p><a href=\"https:\/\/fojab.se\/en\/project\/axis-boundaries\/\">Read more about Axis Grenden<\/a><\/p>","protected":false},"excerpt":{"rendered":"<p>FOJAB har ritat Axis nya kontor i Lund som blir arbetsplats f\u00f6r 1300 personer. Byggnaden har en stark identitet och karakt\u00e4r och \u00e4r utformad efter f\u00f6retagets behov och \u00f6nskem\u00e5l. Kvarteret blir en ny sp\u00e4nnande m\u00f6tesplats d\u00e4r ett h\u00e5llbart arbetsliv st\u00e5r i centrum. Axis nya kontor i Lund blir f\u00f6retagets ansikte ut\u00e5t och best\u00e5r av en [&hellip;]<\/p>\n","protected":false},"author":13,"featured_media":5860,"comment_status":"closed","ping_status":"open","sticky":false,"template":"","format":"standard","meta":{"_monsterinsights_skip_tracking":false,"_monsterinsights_sitenote_active":false,"_monsterinsights_sitenote_note":"","_monsterinsights_sitenote_category":0,"footnotes":""},"categories":[1],"tags":[],"class_list":["post-5848","post","type-post","status-publish","format-standard","has-post-thumbnail","hentry","category-uncategorized"],"acf":[],"yoast_head":"<!-- This site is optimized with the Yoast SEO plugin v27.5 - https:\/\/yoast.com\/product\/yoast-seo-wordpress\/ -->\n<title>Axis nya kontor \u00e4r f\u00e4rdigst\u00e4llt \u2013 ett nytt landm\u00e4rke i Lund | FOJAB<\/title>\n<meta name=\"robots\" content=\"index, follow, max-snippet:-1, max-image-preview:large, max-video-preview:-1\" \/>\n<link rel=\"canonical\" href=\"https:\/\/fojab.se\/en\/topical\/axiss-new-headquarters-is-certainly-a-new-landmark-in-lund\/\" \/>\n<meta property=\"og:locale\" content=\"en_US\" \/>\n<meta property=\"og:type\" content=\"article\" \/>\n<meta property=\"og:title\" content=\"Axis nya kontor \u00e4r f\u00e4rdigst\u00e4llt \u2013 ett nytt landm\u00e4rke i Lund | FOJAB\" \/>\n<meta property=\"og:description\" content=\"FOJAB har ritat Axis nya kontor i Lund som blir arbetsplats f\u00f6r 1300 personer. Byggnaden har en stark identitet och karakt\u00e4r och \u00e4r utformad efter f\u00f6retagets behov och \u00f6nskem\u00e5l. Kvarteret blir en ny sp\u00e4nnande m\u00f6tesplats d\u00e4r ett h\u00e5llbart arbetsliv st\u00e5r i centrum. Axis nya kontor i Lund blir f\u00f6retagets ansikte ut\u00e5t och best\u00e5r av en [&hellip;]\" \/>\n<meta property=\"og:url\" content=\"https:\/\/fojab.se\/en\/topical\/axiss-new-headquarters-is-certainly-a-new-landmark-in-lund\/\" \/>\n<meta property=\"og:site_name\" content=\"FOJAB\" \/>\n<meta property=\"article:published_time\" content=\"2020-12-01T08:09:37+00:00\" \/>\n<meta property=\"article:modified_time\" content=\"2021-02-04T14:41:31+00:00\" \/>\n<meta property=\"og:image\" content=\"https:\/\/media1.fojab.se\/2019\/12\/07245-scaled.jpg\" \/>\n\t<meta property=\"og:image:width\" content=\"2560\" \/>\n\t<meta property=\"og:image:height\" content=\"1885\" \/>\n\t<meta property=\"og:image:type\" content=\"image\/jpeg\" \/>\n<meta name=\"author\" content=\"Frida Roijer\" \/>\n<meta name=\"twitter:card\" content=\"summary_large_image\" \/>\n<meta name=\"twitter:label1\" content=\"Written by\" \/>\n\t<meta name=\"twitter:data1\" content=\"Frida Roijer\" \/>\n\t<meta name=\"twitter:label2\" content=\"Est. reading time\" \/>\n\t<meta name=\"twitter:data2\" content=\"2 minutes\" \/>\n<script type=\"application\/ld+json\" class=\"yoast-schema-graph\">{\"@context\":\"https:\\\/\\\/schema.org\",\"@graph\":[{\"@type\":\"Article\",\"@id\":\"https:\\\/\\\/fojab.se\\\/aktuellt\\\/axis-nya-huvudkontor-ar-fardigstallt-ett-nytt-landmarke-i-lund\\\/#article\",\"isPartOf\":{\"@id\":\"https:\\\/\\\/fojab.se\\\/aktuellt\\\/axis-nya-huvudkontor-ar-fardigstallt-ett-nytt-landmarke-i-lund\\\/\"},\"author\":{\"name\":\"Frida Roijer\",\"@id\":\"https:\\\/\\\/fojab.se\\\/#\\\/schema\\\/person\\\/54707f9ec80683b444c021e58fc3b87b\"},\"headline\":\"Axis nya kontor \u00e4r f\u00e4rdigst\u00e4llt \u2013 ett nytt landm\u00e4rke i Lund\",\"datePublished\":\"2020-12-01T08:09:37+00:00\",\"dateModified\":\"2021-02-04T14:41:31+00:00\",\"mainEntityOfPage\":{\"@id\":\"https:\\\/\\\/fojab.se\\\/aktuellt\\\/axis-nya-huvudkontor-ar-fardigstallt-ett-nytt-landmarke-i-lund\\\/\"},\"wordCount\":424,\"image\":{\"@id\":\"https:\\\/\\\/fojab.se\\\/aktuellt\\\/axis-nya-huvudkontor-ar-fardigstallt-ett-nytt-landmarke-i-lund\\\/#primaryimage\"},\"thumbnailUrl\":\"https:\\\/\\\/media1.fojab.se\\\/2019\\\/12\\\/07245-scaled.jpg\",\"inLanguage\":\"en-US\"},{\"@type\":\"WebPage\",\"@id\":\"https:\\\/\\\/fojab.se\\\/aktuellt\\\/axis-nya-huvudkontor-ar-fardigstallt-ett-nytt-landmarke-i-lund\\\/\",\"url\":\"https:\\\/\\\/fojab.se\\\/aktuellt\\\/axis-nya-huvudkontor-ar-fardigstallt-ett-nytt-landmarke-i-lund\\\/\",\"name\":\"Axis nya kontor \u00e4r f\u00e4rdigst\u00e4llt \u2013 ett nytt landm\u00e4rke i Lund | FOJAB\",\"isPartOf\":{\"@id\":\"https:\\\/\\\/fojab.se\\\/#website\"},\"primaryImageOfPage\":{\"@id\":\"https:\\\/\\\/fojab.se\\\/aktuellt\\\/axis-nya-huvudkontor-ar-fardigstallt-ett-nytt-landmarke-i-lund\\\/#primaryimage\"},\"image\":{\"@id\":\"https:\\\/\\\/fojab.se\\\/aktuellt\\\/axis-nya-huvudkontor-ar-fardigstallt-ett-nytt-landmarke-i-lund\\\/#primaryimage\"},\"thumbnailUrl\":\"https:\\\/\\\/media1.fojab.se\\\/2019\\\/12\\\/07245-scaled.jpg\",\"datePublished\":\"2020-12-01T08:09:37+00:00\",\"dateModified\":\"2021-02-04T14:41:31+00:00\",\"author\":{\"@id\":\"https:\\\/\\\/fojab.se\\\/#\\\/schema\\\/person\\\/54707f9ec80683b444c021e58fc3b87b\"},\"breadcrumb\":{\"@id\":\"https:\\\/\\\/fojab.se\\\/aktuellt\\\/axis-nya-huvudkontor-ar-fardigstallt-ett-nytt-landmarke-i-lund\\\/#breadcrumb\"},\"inLanguage\":\"en-US\",\"potentialAction\":[{\"@type\":\"ReadAction\",\"target\":[\"https:\\\/\\\/fojab.se\\\/aktuellt\\\/axis-nya-huvudkontor-ar-fardigstallt-ett-nytt-landmarke-i-lund\\\/\"]}]},{\"@type\":\"ImageObject\",\"inLanguage\":\"en-US\",\"@id\":\"https:\\\/\\\/fojab.se\\\/aktuellt\\\/axis-nya-huvudkontor-ar-fardigstallt-ett-nytt-landmarke-i-lund\\\/#primaryimage\",\"url\":\"https:\\\/\\\/media1.fojab.se\\\/2019\\\/12\\\/07245-scaled.jpg\",\"contentUrl\":\"https:\\\/\\\/media1.fojab.se\\\/2019\\\/12\\\/07245-scaled.jpg\",\"width\":2560,\"height\":1885},{\"@type\":\"BreadcrumbList\",\"@id\":\"https:\\\/\\\/fojab.se\\\/aktuellt\\\/axis-nya-huvudkontor-ar-fardigstallt-ett-nytt-landmarke-i-lund\\\/#breadcrumb\",\"itemListElement\":[{\"@type\":\"ListItem\",\"position\":1,\"name\":\"Hem\",\"item\":\"https:\\\/\\\/fojab.se\\\/\"},{\"@type\":\"ListItem\",\"position\":2,\"name\":\"Axis nya kontor \u00e4r f\u00e4rdigst\u00e4llt \u2013 ett nytt landm\u00e4rke i Lund\"}]},{\"@type\":\"WebSite\",\"@id\":\"https:\\\/\\\/fojab.se\\\/#website\",\"url\":\"https:\\\/\\\/fojab.se\\\/\",\"name\":\"FOJAB\",\"description\":\"\",\"potentialAction\":[{\"@type\":\"SearchAction\",\"target\":{\"@type\":\"EntryPoint\",\"urlTemplate\":\"https:\\\/\\\/fojab.se\\\/?s={search_term_string}\"},\"query-input\":{\"@type\":\"PropertyValueSpecification\",\"valueRequired\":true,\"valueName\":\"search_term_string\"}}],\"inLanguage\":\"en-US\"},{\"@type\":\"Person\",\"@id\":\"https:\\\/\\\/fojab.se\\\/#\\\/schema\\\/person\\\/54707f9ec80683b444c021e58fc3b87b\",\"name\":\"Frida Roijer\",\"image\":{\"@type\":\"ImageObject\",\"inLanguage\":\"en-US\",\"@id\":\"https:\\\/\\\/secure.gravatar.com\\\/avatar\\\/73fc92bb137edd2c9c6b8c33107eb69f59aacacfaee9868d7f812a97a93b9d9a?s=96&d=mm&r=g\",\"url\":\"https:\\\/\\\/secure.gravatar.com\\\/avatar\\\/73fc92bb137edd2c9c6b8c33107eb69f59aacacfaee9868d7f812a97a93b9d9a?s=96&d=mm&r=g\",\"contentUrl\":\"https:\\\/\\\/secure.gravatar.com\\\/avatar\\\/73fc92bb137edd2c9c6b8c33107eb69f59aacacfaee9868d7f812a97a93b9d9a?s=96&d=mm&r=g\",\"caption\":\"Frida Roijer\"},\"url\":\"https:\\\/\\\/fojab.se\\\/en\\\/aktuellt\\\/author\\\/frida-roijer\\\/\"}]}<\/script>\n<!-- \/ Yoast SEO plugin. -->","yoast_head_json":{"title":"Axis' new office is completed - a new landmark in Lund | FOJAB","robots":{"index":"index","follow":"follow","max-snippet":"max-snippet:-1","max-image-preview":"max-image-preview:large","max-video-preview":"max-video-preview:-1"},"canonical":"https:\/\/fojab.se\/en\/topical\/axiss-new-headquarters-is-certainly-a-new-landmark-in-lund\/","og_locale":"en_US","og_type":"article","og_title":"Axis nya kontor \u00e4r f\u00e4rdigst\u00e4llt \u2013 ett nytt landm\u00e4rke i Lund | FOJAB","og_description":"FOJAB har ritat Axis nya kontor i Lund som blir arbetsplats f\u00f6r 1300 personer. Byggnaden har en stark identitet och karakt\u00e4r och \u00e4r utformad efter f\u00f6retagets behov och \u00f6nskem\u00e5l. Kvarteret blir en ny sp\u00e4nnande m\u00f6tesplats d\u00e4r ett h\u00e5llbart arbetsliv st\u00e5r i centrum. Axis nya kontor i Lund blir f\u00f6retagets ansikte ut\u00e5t och best\u00e5r av en [&hellip;]","og_url":"https:\/\/fojab.se\/en\/topical\/axiss-new-headquarters-is-certainly-a-new-landmark-in-lund\/","og_site_name":"FOJAB","article_published_time":"2020-12-01T08:09:37+00:00","article_modified_time":"2021-02-04T14:41:31+00:00","og_image":[{"width":2560,"height":1885,"url":"https:\/\/media1.fojab.se\/2019\/12\/07245-scaled.jpg","type":"image\/jpeg"}],"author":"Frida Roijer","twitter_card":"summary_large_image","twitter_misc":{"Written by":"Frida Roijer","Est. reading time":"2 minutes"},"schema":{"@context":"https:\/\/schema.org","@graph":[{"@type":"Article","@id":"https:\/\/fojab.se\/aktuellt\/axis-nya-huvudkontor-ar-fardigstallt-ett-nytt-landmarke-i-lund\/#article","isPartOf":{"@id":"https:\/\/fojab.se\/aktuellt\/axis-nya-huvudkontor-ar-fardigstallt-ett-nytt-landmarke-i-lund\/"},"author":{"name":"Frida Roijer","@id":"https:\/\/fojab.se\/#\/schema\/person\/54707f9ec80683b444c021e58fc3b87b"},"headline":"Axis nya kontor \u00e4r f\u00e4rdigst\u00e4llt \u2013 ett nytt landm\u00e4rke i Lund","datePublished":"2020-12-01T08:09:37+00:00","dateModified":"2021-02-04T14:41:31+00:00","mainEntityOfPage":{"@id":"https:\/\/fojab.se\/aktuellt\/axis-nya-huvudkontor-ar-fardigstallt-ett-nytt-landmarke-i-lund\/"},"wordCount":424,"image":{"@id":"https:\/\/fojab.se\/aktuellt\/axis-nya-huvudkontor-ar-fardigstallt-ett-nytt-landmarke-i-lund\/#primaryimage"},"thumbnailUrl":"https:\/\/media1.fojab.se\/2019\/12\/07245-scaled.jpg","inLanguage":"en-US"},{"@type":"WebPage","@id":"https:\/\/fojab.se\/aktuellt\/axis-nya-huvudkontor-ar-fardigstallt-ett-nytt-landmarke-i-lund\/","url":"https:\/\/fojab.se\/aktuellt\/axis-nya-huvudkontor-ar-fardigstallt-ett-nytt-landmarke-i-lund\/","name":"Axis' new office is completed - a new landmark in Lund | FOJAB","isPartOf":{"@id":"https:\/\/fojab.se\/#website"},"primaryImageOfPage":{"@id":"https:\/\/fojab.se\/aktuellt\/axis-nya-huvudkontor-ar-fardigstallt-ett-nytt-landmarke-i-lund\/#primaryimage"},"image":{"@id":"https:\/\/fojab.se\/aktuellt\/axis-nya-huvudkontor-ar-fardigstallt-ett-nytt-landmarke-i-lund\/#primaryimage"},"thumbnailUrl":"https:\/\/media1.fojab.se\/2019\/12\/07245-scaled.jpg","datePublished":"2020-12-01T08:09:37+00:00","dateModified":"2021-02-04T14:41:31+00:00","author":{"@id":"https:\/\/fojab.se\/#\/schema\/person\/54707f9ec80683b444c021e58fc3b87b"},"breadcrumb":{"@id":"https:\/\/fojab.se\/aktuellt\/axis-nya-huvudkontor-ar-fardigstallt-ett-nytt-landmarke-i-lund\/#breadcrumb"},"inLanguage":"en-US","potentialAction":[{"@type":"ReadAction","target":["https:\/\/fojab.se\/aktuellt\/axis-nya-huvudkontor-ar-fardigstallt-ett-nytt-landmarke-i-lund\/"]}]},{"@type":"ImageObject","inLanguage":"en-US","@id":"https:\/\/fojab.se\/aktuellt\/axis-nya-huvudkontor-ar-fardigstallt-ett-nytt-landmarke-i-lund\/#primaryimage","url":"https:\/\/media1.fojab.se\/2019\/12\/07245-scaled.jpg","contentUrl":"https:\/\/media1.fojab.se\/2019\/12\/07245-scaled.jpg","width":2560,"height":1885},{"@type":"BreadcrumbList","@id":"https:\/\/fojab.se\/aktuellt\/axis-nya-huvudkontor-ar-fardigstallt-ett-nytt-landmarke-i-lund\/#breadcrumb","itemListElement":[{"@type":"ListItem","position":1,"name":"Hem","item":"https:\/\/fojab.se\/"},{"@type":"ListItem","position":2,"name":"Axis nya kontor \u00e4r f\u00e4rdigst\u00e4llt \u2013 ett nytt landm\u00e4rke i Lund"}]},{"@type":"WebSite","@id":"https:\/\/fojab.se\/#website","url":"https:\/\/fojab.se\/","name":"FOJAB","description":"","potentialAction":[{"@type":"SearchAction","target":{"@type":"EntryPoint","urlTemplate":"https:\/\/fojab.se\/?s={search_term_string}"},"query-input":{"@type":"PropertyValueSpecification","valueRequired":true,"valueName":"search_term_string"}}],"inLanguage":"en-US"},{"@type":"Person","@id":"https:\/\/fojab.se\/#\/schema\/person\/54707f9ec80683b444c021e58fc3b87b","name":"Frida Roijer","image":{"@type":"ImageObject","inLanguage":"en-US","@id":"https:\/\/secure.gravatar.com\/avatar\/73fc92bb137edd2c9c6b8c33107eb69f59aacacfaee9868d7f812a97a93b9d9a?s=96&d=mm&r=g","url":"https:\/\/secure.gravatar.com\/avatar\/73fc92bb137edd2c9c6b8c33107eb69f59aacacfaee9868d7f812a97a93b9d9a?s=96&d=mm&r=g","contentUrl":"https:\/\/secure.gravatar.com\/avatar\/73fc92bb137edd2c9c6b8c33107eb69f59aacacfaee9868d7f812a97a93b9d9a?s=96&d=mm&r=g","caption":"Frida Roijer"},"url":"https:\/\/fojab.se\/en\/aktuellt\/author\/frida-roijer\/"}]}},"_links":{"self":[{"href":"https:\/\/fojab.se\/en\/wp-json\/wp\/v2\/posts\/5848","targetHints":{"allow":["GET"]}}],"collection":[{"href":"https:\/\/fojab.se\/en\/wp-json\/wp\/v2\/posts"}],"about":[{"href":"https:\/\/fojab.se\/en\/wp-json\/wp\/v2\/types\/post"}],"author":[{"embeddable":true,"href":"https:\/\/fojab.se\/en\/wp-json\/wp\/v2\/users\/13"}],"replies":[{"embeddable":true,"href":"https:\/\/fojab.se\/en\/wp-json\/wp\/v2\/comments?post=5848"}],"version-history":[{"count":7,"href":"https:\/\/fojab.se\/en\/wp-json\/wp\/v2\/posts\/5848\/revisions"}],"predecessor-version":[{"id":5914,"href":"https:\/\/fojab.se\/en\/wp-json\/wp\/v2\/posts\/5848\/revisions\/5914"}],"wp:featuredmedia":[{"embeddable":true,"href":"https:\/\/fojab.se\/en\/wp-json\/wp\/v2\/media\/5860"}],"wp:attachment":[{"href":"https:\/\/fojab.se\/en\/wp-json\/wp\/v2\/media?parent=5848"}],"wp:term":[{"taxonomy":"category","embeddable":true,"href":"https:\/\/fojab.se\/en\/wp-json\/wp\/v2\/categories?post=5848"},{"taxonomy":"post_tag","embeddable":true,"href":"https:\/\/fojab.se\/en\/wp-json\/wp\/v2\/tags?post=5848"}],"curies":[{"name":"wp","href":"https:\/\/api.w.org\/{rel}","templated":true}]}}