{"id":5823,"date":"2020-11-13T10:43:59","date_gmt":"2020-11-13T08:43:59","guid":{"rendered":"https:\/\/fojab.se\/?p=5823"},"modified":"2020-12-01T12:35:23","modified_gmt":"2020-12-01T10:35:23","slug":"foyer-wins-sweden-green-building-award-for-breeam-building-of-the-year","status":"publish","type":"post","link":"https:\/\/fojab.se\/en\/topical\/foyer-wins-sweden-green-building-award-for-breeam-building-of-the-year\/","title":{"rendered":"Foyer wins Sweden Green Building Award for BREEAM building of the year"},"content":{"rendered":"<p><strong>The Foaj\u00e9n office building in Malm\u00f6, which we designed for Jernhusen, wins the prestigious Sweden Green Building Award for BREEAM building of the year.\u00a0<\/strong><\/p>\n<p>Motivation of the jury:<\/p>\n<p>\"With a central location in Malm\u00f6, the property owner's ambition was to create a green and inviting neighborhood with many meeting places where people like to work, live and play. Foaj\u00e9n has been characterized by a committed collaboration between developer and contractor, with a strong focus on jointly building an organization that supports the implementation and follow-up of the certification.\"<\/p>\n<p>The prize is awarded annually by the Sweden Green Building Council (SGBC) to reward and recognize projects and individuals who have made the best contribution to sustainable building.<\/p>\n<p>- We are really happy about the win and it is a recognition that we, together with all good actors, can contribute to sustainable community building and change in the industry, says Charlotte Kristensson.<\/p>\n<p><a href=\"https:\/\/fojab.se\/en\/project\/foyer\/\">Read more about the Foyer<\/a><\/p>","protected":false},"excerpt":{"rendered":"<p>Kontorshuset Foaj\u00e9n i Malm\u00f6, som vi har gestaltat \u00e5t Jernhusen vinner prestigefulla Sweden Green Building Award f\u00f6r \u00e5rets BREEAM-byggnad\u00a0 Juryns motivering: &#8221;Med ett centralt l\u00e4ge i Malm\u00f6 var fastighets\u00e4garens ambition att skapa ett gr\u00f6nt och inbjudande kvarter med m\u00e5nga m\u00f6tesplatser d\u00e4r m\u00e4nniskor tycker om att arbeta, bo och leva. Utm\u00e4rkande f\u00f6r Foaj\u00e9n har varit ett [&hellip;]<\/p>\n","protected":false},"author":13,"featured_media":5607,"comment_status":"closed","ping_status":"open","sticky":false,"template":"","format":"standard","meta":{"_monsterinsights_skip_tracking":false,"_monsterinsights_sitenote_active":false,"_monsterinsights_sitenote_note":"","_monsterinsights_sitenote_category":0,"footnotes":""},"categories":[1],"tags":[],"class_list":["post-5823","post","type-post","status-publish","format-standard","has-post-thumbnail","hentry","category-uncategorized"],"acf":[],"yoast_head":"<!-- This site is optimized with the Yoast SEO plugin v27.5 - https:\/\/yoast.com\/product\/yoast-seo-wordpress\/ -->\n<title>Foaj\u00e9n vinnare av Sweden Green Building Award f\u00f6r \u00e5rets BREEAM-byggnad | FOJAB<\/title>\n<meta name=\"robots\" content=\"index, follow, max-snippet:-1, max-image-preview:large, max-video-preview:-1\" \/>\n<link rel=\"canonical\" href=\"https:\/\/fojab.se\/en\/topical\/foyer-wins-sweden-green-building-award-for-breeam-building-of-the-year\/\" \/>\n<meta property=\"og:locale\" content=\"en_US\" \/>\n<meta property=\"og:type\" content=\"article\" \/>\n<meta property=\"og:title\" content=\"Foaj\u00e9n vinnare av Sweden Green Building Award f\u00f6r \u00e5rets BREEAM-byggnad | FOJAB\" \/>\n<meta property=\"og:description\" content=\"Kontorshuset Foaj\u00e9n i Malm\u00f6, som vi har gestaltat \u00e5t Jernhusen vinner prestigefulla Sweden Green Building Award f\u00f6r \u00e5rets BREEAM-byggnad\u00a0 Juryns motivering: &#8221;Med ett centralt l\u00e4ge i Malm\u00f6 var fastighets\u00e4garens ambition att skapa ett gr\u00f6nt och inbjudande kvarter med m\u00e5nga m\u00f6tesplatser d\u00e4r m\u00e4nniskor tycker om att arbeta, bo och leva. Utm\u00e4rkande f\u00f6r Foaj\u00e9n har varit ett [&hellip;]\" \/>\n<meta property=\"og:url\" content=\"https:\/\/fojab.se\/en\/topical\/foyer-wins-sweden-green-building-award-for-breeam-building-of-the-year\/\" \/>\n<meta property=\"og:site_name\" content=\"FOJAB\" \/>\n<meta property=\"article:published_time\" content=\"2020-11-13T08:43:59+00:00\" \/>\n<meta property=\"article:modified_time\" content=\"2020-12-01T10:35:23+00:00\" \/>\n<meta property=\"og:image\" content=\"https:\/\/media1.fojab.se\/2020\/01\/00175-scaled.jpg\" \/>\n\t<meta property=\"og:image:width\" content=\"2560\" \/>\n\t<meta property=\"og:image:height\" content=\"1708\" \/>\n\t<meta property=\"og:image:type\" content=\"image\/jpeg\" \/>\n<meta name=\"author\" content=\"Frida Roijer\" \/>\n<meta name=\"twitter:card\" content=\"summary_large_image\" \/>\n<meta name=\"twitter:label1\" content=\"Written by\" \/>\n\t<meta name=\"twitter:data1\" content=\"Frida Roijer\" \/>\n\t<meta name=\"twitter:label2\" content=\"Est. reading time\" \/>\n\t<meta name=\"twitter:data2\" content=\"1 minute\" \/>\n<script type=\"application\/ld+json\" class=\"yoast-schema-graph\">{\"@context\":\"https:\\\/\\\/schema.org\",\"@graph\":[{\"@type\":\"Article\",\"@id\":\"https:\\\/\\\/fojab.se\\\/aktuellt\\\/foajen-vinnare-av-sweden-green-building-award-for-arets-breeam-byggnad\\\/#article\",\"isPartOf\":{\"@id\":\"https:\\\/\\\/fojab.se\\\/aktuellt\\\/foajen-vinnare-av-sweden-green-building-award-for-arets-breeam-byggnad\\\/\"},\"author\":{\"name\":\"Frida Roijer\",\"@id\":\"https:\\\/\\\/fojab.se\\\/#\\\/schema\\\/person\\\/54707f9ec80683b444c021e58fc3b87b\"},\"headline\":\"Foaj\u00e9n vinnare av Sweden Green Building Award f\u00f6r \u00e5rets BREEAM-byggnad\",\"datePublished\":\"2020-11-13T08:43:59+00:00\",\"dateModified\":\"2020-12-01T10:35:23+00:00\",\"mainEntityOfPage\":{\"@id\":\"https:\\\/\\\/fojab.se\\\/aktuellt\\\/foajen-vinnare-av-sweden-green-building-award-for-arets-breeam-byggnad\\\/\"},\"wordCount\":183,\"image\":{\"@id\":\"https:\\\/\\\/fojab.se\\\/aktuellt\\\/foajen-vinnare-av-sweden-green-building-award-for-arets-breeam-byggnad\\\/#primaryimage\"},\"thumbnailUrl\":\"https:\\\/\\\/media1.fojab.se\\\/2020\\\/01\\\/00175-scaled.jpg\",\"inLanguage\":\"en-US\"},{\"@type\":\"WebPage\",\"@id\":\"https:\\\/\\\/fojab.se\\\/aktuellt\\\/foajen-vinnare-av-sweden-green-building-award-for-arets-breeam-byggnad\\\/\",\"url\":\"https:\\\/\\\/fojab.se\\\/aktuellt\\\/foajen-vinnare-av-sweden-green-building-award-for-arets-breeam-byggnad\\\/\",\"name\":\"Foaj\u00e9n vinnare av Sweden Green Building Award f\u00f6r \u00e5rets BREEAM-byggnad | FOJAB\",\"isPartOf\":{\"@id\":\"https:\\\/\\\/fojab.se\\\/#website\"},\"primaryImageOfPage\":{\"@id\":\"https:\\\/\\\/fojab.se\\\/aktuellt\\\/foajen-vinnare-av-sweden-green-building-award-for-arets-breeam-byggnad\\\/#primaryimage\"},\"image\":{\"@id\":\"https:\\\/\\\/fojab.se\\\/aktuellt\\\/foajen-vinnare-av-sweden-green-building-award-for-arets-breeam-byggnad\\\/#primaryimage\"},\"thumbnailUrl\":\"https:\\\/\\\/media1.fojab.se\\\/2020\\\/01\\\/00175-scaled.jpg\",\"datePublished\":\"2020-11-13T08:43:59+00:00\",\"dateModified\":\"2020-12-01T10:35:23+00:00\",\"author\":{\"@id\":\"https:\\\/\\\/fojab.se\\\/#\\\/schema\\\/person\\\/54707f9ec80683b444c021e58fc3b87b\"},\"breadcrumb\":{\"@id\":\"https:\\\/\\\/fojab.se\\\/aktuellt\\\/foajen-vinnare-av-sweden-green-building-award-for-arets-breeam-byggnad\\\/#breadcrumb\"},\"inLanguage\":\"en-US\",\"potentialAction\":[{\"@type\":\"ReadAction\",\"target\":[\"https:\\\/\\\/fojab.se\\\/aktuellt\\\/foajen-vinnare-av-sweden-green-building-award-for-arets-breeam-byggnad\\\/\"]}]},{\"@type\":\"ImageObject\",\"inLanguage\":\"en-US\",\"@id\":\"https:\\\/\\\/fojab.se\\\/aktuellt\\\/foajen-vinnare-av-sweden-green-building-award-for-arets-breeam-byggnad\\\/#primaryimage\",\"url\":\"https:\\\/\\\/media1.fojab.se\\\/2020\\\/01\\\/00175-scaled.jpg\",\"contentUrl\":\"https:\\\/\\\/media1.fojab.se\\\/2020\\\/01\\\/00175-scaled.jpg\",\"width\":2560,\"height\":1708},{\"@type\":\"BreadcrumbList\",\"@id\":\"https:\\\/\\\/fojab.se\\\/aktuellt\\\/foajen-vinnare-av-sweden-green-building-award-for-arets-breeam-byggnad\\\/#breadcrumb\",\"itemListElement\":[{\"@type\":\"ListItem\",\"position\":1,\"name\":\"Hem\",\"item\":\"https:\\\/\\\/fojab.se\\\/\"},{\"@type\":\"ListItem\",\"position\":2,\"name\":\"Foaj\u00e9n vinnare av Sweden Green Building Award f\u00f6r \u00e5rets BREEAM-byggnad\"}]},{\"@type\":\"WebSite\",\"@id\":\"https:\\\/\\\/fojab.se\\\/#website\",\"url\":\"https:\\\/\\\/fojab.se\\\/\",\"name\":\"FOJAB\",\"description\":\"\",\"potentialAction\":[{\"@type\":\"SearchAction\",\"target\":{\"@type\":\"EntryPoint\",\"urlTemplate\":\"https:\\\/\\\/fojab.se\\\/?s={search_term_string}\"},\"query-input\":{\"@type\":\"PropertyValueSpecification\",\"valueRequired\":true,\"valueName\":\"search_term_string\"}}],\"inLanguage\":\"en-US\"},{\"@type\":\"Person\",\"@id\":\"https:\\\/\\\/fojab.se\\\/#\\\/schema\\\/person\\\/54707f9ec80683b444c021e58fc3b87b\",\"name\":\"Frida Roijer\",\"image\":{\"@type\":\"ImageObject\",\"inLanguage\":\"en-US\",\"@id\":\"https:\\\/\\\/secure.gravatar.com\\\/avatar\\\/73fc92bb137edd2c9c6b8c33107eb69f59aacacfaee9868d7f812a97a93b9d9a?s=96&d=mm&r=g\",\"url\":\"https:\\\/\\\/secure.gravatar.com\\\/avatar\\\/73fc92bb137edd2c9c6b8c33107eb69f59aacacfaee9868d7f812a97a93b9d9a?s=96&d=mm&r=g\",\"contentUrl\":\"https:\\\/\\\/secure.gravatar.com\\\/avatar\\\/73fc92bb137edd2c9c6b8c33107eb69f59aacacfaee9868d7f812a97a93b9d9a?s=96&d=mm&r=g\",\"caption\":\"Frida Roijer\"},\"url\":\"https:\\\/\\\/fojab.se\\\/en\\\/aktuellt\\\/author\\\/frida-roijer\\\/\"}]}<\/script>\n<!-- \/ Yoast SEO plugin. -->","yoast_head_json":{"title":"Foaj\u00e9n wins Sweden Green Building Award for BREEAM building of the year | FOJAB","robots":{"index":"index","follow":"follow","max-snippet":"max-snippet:-1","max-image-preview":"max-image-preview:large","max-video-preview":"max-video-preview:-1"},"canonical":"https:\/\/fojab.se\/en\/topical\/foyer-wins-sweden-green-building-award-for-breeam-building-of-the-year\/","og_locale":"en_US","og_type":"article","og_title":"Foaj\u00e9n vinnare av Sweden Green Building Award f\u00f6r \u00e5rets BREEAM-byggnad | FOJAB","og_description":"Kontorshuset Foaj\u00e9n i Malm\u00f6, som vi har gestaltat \u00e5t Jernhusen vinner prestigefulla Sweden Green Building Award f\u00f6r \u00e5rets BREEAM-byggnad\u00a0 Juryns motivering: &#8221;Med ett centralt l\u00e4ge i Malm\u00f6 var fastighets\u00e4garens ambition att skapa ett gr\u00f6nt och inbjudande kvarter med m\u00e5nga m\u00f6tesplatser d\u00e4r m\u00e4nniskor tycker om att arbeta, bo och leva. Utm\u00e4rkande f\u00f6r Foaj\u00e9n har varit ett [&hellip;]","og_url":"https:\/\/fojab.se\/en\/topical\/foyer-wins-sweden-green-building-award-for-breeam-building-of-the-year\/","og_site_name":"FOJAB","article_published_time":"2020-11-13T08:43:59+00:00","article_modified_time":"2020-12-01T10:35:23+00:00","og_image":[{"width":2560,"height":1708,"url":"https:\/\/media1.fojab.se\/2020\/01\/00175-scaled.jpg","type":"image\/jpeg"}],"author":"Frida Roijer","twitter_card":"summary_large_image","twitter_misc":{"Written by":"Frida Roijer","Est. reading time":"1 minute"},"schema":{"@context":"https:\/\/schema.org","@graph":[{"@type":"Article","@id":"https:\/\/fojab.se\/aktuellt\/foajen-vinnare-av-sweden-green-building-award-for-arets-breeam-byggnad\/#article","isPartOf":{"@id":"https:\/\/fojab.se\/aktuellt\/foajen-vinnare-av-sweden-green-building-award-for-arets-breeam-byggnad\/"},"author":{"name":"Frida Roijer","@id":"https:\/\/fojab.se\/#\/schema\/person\/54707f9ec80683b444c021e58fc3b87b"},"headline":"Foaj\u00e9n vinnare av Sweden Green Building Award f\u00f6r \u00e5rets BREEAM-byggnad","datePublished":"2020-11-13T08:43:59+00:00","dateModified":"2020-12-01T10:35:23+00:00","mainEntityOfPage":{"@id":"https:\/\/fojab.se\/aktuellt\/foajen-vinnare-av-sweden-green-building-award-for-arets-breeam-byggnad\/"},"wordCount":183,"image":{"@id":"https:\/\/fojab.se\/aktuellt\/foajen-vinnare-av-sweden-green-building-award-for-arets-breeam-byggnad\/#primaryimage"},"thumbnailUrl":"https:\/\/media1.fojab.se\/2020\/01\/00175-scaled.jpg","inLanguage":"en-US"},{"@type":"WebPage","@id":"https:\/\/fojab.se\/aktuellt\/foajen-vinnare-av-sweden-green-building-award-for-arets-breeam-byggnad\/","url":"https:\/\/fojab.se\/aktuellt\/foajen-vinnare-av-sweden-green-building-award-for-arets-breeam-byggnad\/","name":"Foaj\u00e9n wins Sweden Green Building Award for BREEAM building of the year | FOJAB","isPartOf":{"@id":"https:\/\/fojab.se\/#website"},"primaryImageOfPage":{"@id":"https:\/\/fojab.se\/aktuellt\/foajen-vinnare-av-sweden-green-building-award-for-arets-breeam-byggnad\/#primaryimage"},"image":{"@id":"https:\/\/fojab.se\/aktuellt\/foajen-vinnare-av-sweden-green-building-award-for-arets-breeam-byggnad\/#primaryimage"},"thumbnailUrl":"https:\/\/media1.fojab.se\/2020\/01\/00175-scaled.jpg","datePublished":"2020-11-13T08:43:59+00:00","dateModified":"2020-12-01T10:35:23+00:00","author":{"@id":"https:\/\/fojab.se\/#\/schema\/person\/54707f9ec80683b444c021e58fc3b87b"},"breadcrumb":{"@id":"https:\/\/fojab.se\/aktuellt\/foajen-vinnare-av-sweden-green-building-award-for-arets-breeam-byggnad\/#breadcrumb"},"inLanguage":"en-US","potentialAction":[{"@type":"ReadAction","target":["https:\/\/fojab.se\/aktuellt\/foajen-vinnare-av-sweden-green-building-award-for-arets-breeam-byggnad\/"]}]},{"@type":"ImageObject","inLanguage":"en-US","@id":"https:\/\/fojab.se\/aktuellt\/foajen-vinnare-av-sweden-green-building-award-for-arets-breeam-byggnad\/#primaryimage","url":"https:\/\/media1.fojab.se\/2020\/01\/00175-scaled.jpg","contentUrl":"https:\/\/media1.fojab.se\/2020\/01\/00175-scaled.jpg","width":2560,"height":1708},{"@type":"BreadcrumbList","@id":"https:\/\/fojab.se\/aktuellt\/foajen-vinnare-av-sweden-green-building-award-for-arets-breeam-byggnad\/#breadcrumb","itemListElement":[{"@type":"ListItem","position":1,"name":"Hem","item":"https:\/\/fojab.se\/"},{"@type":"ListItem","position":2,"name":"Foaj\u00e9n vinnare av Sweden Green Building Award f\u00f6r \u00e5rets BREEAM-byggnad"}]},{"@type":"WebSite","@id":"https:\/\/fojab.se\/#website","url":"https:\/\/fojab.se\/","name":"FOJAB","description":"","potentialAction":[{"@type":"SearchAction","target":{"@type":"EntryPoint","urlTemplate":"https:\/\/fojab.se\/?s={search_term_string}"},"query-input":{"@type":"PropertyValueSpecification","valueRequired":true,"valueName":"search_term_string"}}],"inLanguage":"en-US"},{"@type":"Person","@id":"https:\/\/fojab.se\/#\/schema\/person\/54707f9ec80683b444c021e58fc3b87b","name":"Frida Roijer","image":{"@type":"ImageObject","inLanguage":"en-US","@id":"https:\/\/secure.gravatar.com\/avatar\/73fc92bb137edd2c9c6b8c33107eb69f59aacacfaee9868d7f812a97a93b9d9a?s=96&d=mm&r=g","url":"https:\/\/secure.gravatar.com\/avatar\/73fc92bb137edd2c9c6b8c33107eb69f59aacacfaee9868d7f812a97a93b9d9a?s=96&d=mm&r=g","contentUrl":"https:\/\/secure.gravatar.com\/avatar\/73fc92bb137edd2c9c6b8c33107eb69f59aacacfaee9868d7f812a97a93b9d9a?s=96&d=mm&r=g","caption":"Frida Roijer"},"url":"https:\/\/fojab.se\/en\/aktuellt\/author\/frida-roijer\/"}]}},"_links":{"self":[{"href":"https:\/\/fojab.se\/en\/wp-json\/wp\/v2\/posts\/5823","targetHints":{"allow":["GET"]}}],"collection":[{"href":"https:\/\/fojab.se\/en\/wp-json\/wp\/v2\/posts"}],"about":[{"href":"https:\/\/fojab.se\/en\/wp-json\/wp\/v2\/types\/post"}],"author":[{"embeddable":true,"href":"https:\/\/fojab.se\/en\/wp-json\/wp\/v2\/users\/13"}],"replies":[{"embeddable":true,"href":"https:\/\/fojab.se\/en\/wp-json\/wp\/v2\/comments?post=5823"}],"version-history":[{"count":2,"href":"https:\/\/fojab.se\/en\/wp-json\/wp\/v2\/posts\/5823\/revisions"}],"predecessor-version":[{"id":5882,"href":"https:\/\/fojab.se\/en\/wp-json\/wp\/v2\/posts\/5823\/revisions\/5882"}],"wp:featuredmedia":[{"embeddable":true,"href":"https:\/\/fojab.se\/en\/wp-json\/wp\/v2\/media\/5607"}],"wp:attachment":[{"href":"https:\/\/fojab.se\/en\/wp-json\/wp\/v2\/media?parent=5823"}],"wp:term":[{"taxonomy":"category","embeddable":true,"href":"https:\/\/fojab.se\/en\/wp-json\/wp\/v2\/categories?post=5823"},{"taxonomy":"post_tag","embeddable":true,"href":"https:\/\/fojab.se\/en\/wp-json\/wp\/v2\/tags?post=5823"}],"curies":[{"name":"wp","href":"https:\/\/api.w.org\/{rel}","templated":true}]}}