{"id":5719,"date":"2020-10-19T10:14:39","date_gmt":"2020-10-19T08:14:39","guid":{"rendered":"https:\/\/fojab.se\/?p=5719"},"modified":"2020-10-19T17:31:44","modified_gmt":"2020-10-19T15:31:44","slug":"daniel-nord-new-board-member-in-the-innovation-company","status":"publish","type":"post","link":"https:\/\/fojab.se\/en\/topical\/daniel-nord-new-board-member-in-the-innovation-company\/","title":{"rendered":"Daniel Nord new board member of Innovationsf\u00f6retagen"},"content":{"rendered":"<p><strong>Daniel Nord, CEO of FOJAB, becomes a new board member of Innovationsf\u00f6retagen, the industry and employer organization that represents innovative companies in the architecture and engineering industry.<\/strong><\/p>\n<p>At the extraordinary general meeting held on October 15, Daniel Nord was elected to the board of Innovationsf\u00f6retagen. Daniel is a partner and CEO at FOJAB and has worked in the company since 1998, both as an architect and since 2010 as CEO. Daniel has extensive experience as an assignment manager for large architectural assignments, strategic management issues and business development. In recent years, he has driven issues in sustainability, digitization and skills development. FOJAB is southern Sweden's largest architectural office with offices in Malm\u00f6, Stockholm and Helsingborg. The company is owner-led.<\/p>\n<p>- I am delighted with the confidence placed in me and look forward, as a board member, to being involved in driving and developing our conditions. I am very interested in conditions, values and changes in the industry. We have many future challenges in digitalization and sustainability but also structural changes in the industry where I hope to be able to contribute with my experience and the regional perspective, says Daniel Nord.<\/p>\n<p>Innovationsf\u00f6retagen represents more than 720 member companies with nearly 40 000 employees in the knowledge-intensive service sector. The association works to create the best possible conditions for a world-leading architecture and engineering industry.<\/p>","protected":false},"excerpt":{"rendered":"<p>Daniel Nord, VD p\u00e5 FOJAB, blir ny styrelseledamot i Innovationsf\u00f6retagen, bransch- och arbetsgivarorganisationen som representerar innovativa f\u00f6retag i arkitekt- och ingenj\u00f6rsbranschen. Vid den extra st\u00e4mma som h\u00f6lls den 15 oktober valdes Daniel Nord in i Innovationsf\u00f6retagens styrelse. Daniel \u00e4r del\u00e4gare och VD p\u00e5 FOJAB och har arbetat i f\u00f6retaget sedan 1998, b\u00e5de som arkitekt och [&hellip;]<\/p>\n","protected":false},"author":13,"featured_media":5720,"comment_status":"closed","ping_status":"open","sticky":false,"template":"","format":"standard","meta":{"_monsterinsights_skip_tracking":false,"_monsterinsights_sitenote_active":false,"_monsterinsights_sitenote_note":"","_monsterinsights_sitenote_category":0,"footnotes":""},"categories":[1],"tags":[],"class_list":["post-5719","post","type-post","status-publish","format-standard","has-post-thumbnail","hentry","category-uncategorized"],"acf":[],"yoast_head":"<!-- This site is optimized with the Yoast SEO plugin v27.5 - https:\/\/yoast.com\/product\/yoast-seo-wordpress\/ -->\n<title>Daniel Nord ny styrelseledamot i Innovationsf\u00f6retagen | FOJAB<\/title>\n<meta name=\"robots\" content=\"index, follow, max-snippet:-1, max-image-preview:large, max-video-preview:-1\" \/>\n<link rel=\"canonical\" href=\"https:\/\/fojab.se\/en\/topical\/daniel-nord-new-board-member-in-the-innovation-company\/\" \/>\n<meta property=\"og:locale\" content=\"en_US\" \/>\n<meta property=\"og:type\" content=\"article\" \/>\n<meta property=\"og:title\" content=\"Daniel Nord ny styrelseledamot i Innovationsf\u00f6retagen | FOJAB\" \/>\n<meta property=\"og:description\" content=\"Daniel Nord, VD p\u00e5 FOJAB, blir ny styrelseledamot i Innovationsf\u00f6retagen, bransch- och arbetsgivarorganisationen som representerar innovativa f\u00f6retag i arkitekt- och ingenj\u00f6rsbranschen. Vid den extra st\u00e4mma som h\u00f6lls den 15 oktober valdes Daniel Nord in i Innovationsf\u00f6retagens styrelse. Daniel \u00e4r del\u00e4gare och VD p\u00e5 FOJAB och har arbetat i f\u00f6retaget sedan 1998, b\u00e5de som arkitekt och [&hellip;]\" \/>\n<meta property=\"og:url\" content=\"https:\/\/fojab.se\/en\/topical\/daniel-nord-new-board-member-in-the-innovation-company\/\" \/>\n<meta property=\"og:site_name\" content=\"FOJAB\" \/>\n<meta property=\"article:published_time\" content=\"2020-10-19T08:14:39+00:00\" \/>\n<meta property=\"article:modified_time\" content=\"2020-10-19T15:31:44+00:00\" \/>\n<meta property=\"og:image\" content=\"https:\/\/media1.fojab.se\/2020\/10\/Daniel1-RED-scaled.jpg\" \/>\n\t<meta property=\"og:image:width\" content=\"2560\" \/>\n\t<meta property=\"og:image:height\" content=\"1918\" \/>\n\t<meta property=\"og:image:type\" content=\"image\/jpeg\" \/>\n<meta name=\"author\" content=\"Frida Roijer\" \/>\n<meta name=\"twitter:card\" content=\"summary_large_image\" \/>\n<meta name=\"twitter:label1\" content=\"Written by\" \/>\n\t<meta name=\"twitter:data1\" content=\"Frida Roijer\" \/>\n\t<meta name=\"twitter:label2\" content=\"Est. reading time\" \/>\n\t<meta name=\"twitter:data2\" content=\"1 minute\" \/>\n<script type=\"application\/ld+json\" class=\"yoast-schema-graph\">{\"@context\":\"https:\\\/\\\/schema.org\",\"@graph\":[{\"@type\":\"Article\",\"@id\":\"https:\\\/\\\/fojab.se\\\/aktuellt\\\/daniel-nord-ny-styrelseledamot-i-innovationsforetagen\\\/#article\",\"isPartOf\":{\"@id\":\"https:\\\/\\\/fojab.se\\\/aktuellt\\\/daniel-nord-ny-styrelseledamot-i-innovationsforetagen\\\/\"},\"author\":{\"name\":\"Frida Roijer\",\"@id\":\"https:\\\/\\\/fojab.se\\\/#\\\/schema\\\/person\\\/54707f9ec80683b444c021e58fc3b87b\"},\"headline\":\"Daniel Nord ny styrelseledamot i Innovationsf\u00f6retagen\",\"datePublished\":\"2020-10-19T08:14:39+00:00\",\"dateModified\":\"2020-10-19T15:31:44+00:00\",\"mainEntityOfPage\":{\"@id\":\"https:\\\/\\\/fojab.se\\\/aktuellt\\\/daniel-nord-ny-styrelseledamot-i-innovationsforetagen\\\/\"},\"wordCount\":237,\"image\":{\"@id\":\"https:\\\/\\\/fojab.se\\\/aktuellt\\\/daniel-nord-ny-styrelseledamot-i-innovationsforetagen\\\/#primaryimage\"},\"thumbnailUrl\":\"https:\\\/\\\/media1.fojab.se\\\/2020\\\/10\\\/Daniel1-RED-scaled.jpg\",\"inLanguage\":\"en-US\"},{\"@type\":\"WebPage\",\"@id\":\"https:\\\/\\\/fojab.se\\\/aktuellt\\\/daniel-nord-ny-styrelseledamot-i-innovationsforetagen\\\/\",\"url\":\"https:\\\/\\\/fojab.se\\\/aktuellt\\\/daniel-nord-ny-styrelseledamot-i-innovationsforetagen\\\/\",\"name\":\"Daniel Nord ny styrelseledamot i Innovationsf\u00f6retagen | FOJAB\",\"isPartOf\":{\"@id\":\"https:\\\/\\\/fojab.se\\\/#website\"},\"primaryImageOfPage\":{\"@id\":\"https:\\\/\\\/fojab.se\\\/aktuellt\\\/daniel-nord-ny-styrelseledamot-i-innovationsforetagen\\\/#primaryimage\"},\"image\":{\"@id\":\"https:\\\/\\\/fojab.se\\\/aktuellt\\\/daniel-nord-ny-styrelseledamot-i-innovationsforetagen\\\/#primaryimage\"},\"thumbnailUrl\":\"https:\\\/\\\/media1.fojab.se\\\/2020\\\/10\\\/Daniel1-RED-scaled.jpg\",\"datePublished\":\"2020-10-19T08:14:39+00:00\",\"dateModified\":\"2020-10-19T15:31:44+00:00\",\"author\":{\"@id\":\"https:\\\/\\\/fojab.se\\\/#\\\/schema\\\/person\\\/54707f9ec80683b444c021e58fc3b87b\"},\"breadcrumb\":{\"@id\":\"https:\\\/\\\/fojab.se\\\/aktuellt\\\/daniel-nord-ny-styrelseledamot-i-innovationsforetagen\\\/#breadcrumb\"},\"inLanguage\":\"en-US\",\"potentialAction\":[{\"@type\":\"ReadAction\",\"target\":[\"https:\\\/\\\/fojab.se\\\/aktuellt\\\/daniel-nord-ny-styrelseledamot-i-innovationsforetagen\\\/\"]}]},{\"@type\":\"ImageObject\",\"inLanguage\":\"en-US\",\"@id\":\"https:\\\/\\\/fojab.se\\\/aktuellt\\\/daniel-nord-ny-styrelseledamot-i-innovationsforetagen\\\/#primaryimage\",\"url\":\"https:\\\/\\\/media1.fojab.se\\\/2020\\\/10\\\/Daniel1-RED-scaled.jpg\",\"contentUrl\":\"https:\\\/\\\/media1.fojab.se\\\/2020\\\/10\\\/Daniel1-RED-scaled.jpg\",\"width\":2560,\"height\":1918},{\"@type\":\"BreadcrumbList\",\"@id\":\"https:\\\/\\\/fojab.se\\\/aktuellt\\\/daniel-nord-ny-styrelseledamot-i-innovationsforetagen\\\/#breadcrumb\",\"itemListElement\":[{\"@type\":\"ListItem\",\"position\":1,\"name\":\"Hem\",\"item\":\"https:\\\/\\\/fojab.se\\\/\"},{\"@type\":\"ListItem\",\"position\":2,\"name\":\"Daniel Nord ny styrelseledamot i Innovationsf\u00f6retagen\"}]},{\"@type\":\"WebSite\",\"@id\":\"https:\\\/\\\/fojab.se\\\/#website\",\"url\":\"https:\\\/\\\/fojab.se\\\/\",\"name\":\"FOJAB\",\"description\":\"\",\"potentialAction\":[{\"@type\":\"SearchAction\",\"target\":{\"@type\":\"EntryPoint\",\"urlTemplate\":\"https:\\\/\\\/fojab.se\\\/?s={search_term_string}\"},\"query-input\":{\"@type\":\"PropertyValueSpecification\",\"valueRequired\":true,\"valueName\":\"search_term_string\"}}],\"inLanguage\":\"en-US\"},{\"@type\":\"Person\",\"@id\":\"https:\\\/\\\/fojab.se\\\/#\\\/schema\\\/person\\\/54707f9ec80683b444c021e58fc3b87b\",\"name\":\"Frida Roijer\",\"image\":{\"@type\":\"ImageObject\",\"inLanguage\":\"en-US\",\"@id\":\"https:\\\/\\\/secure.gravatar.com\\\/avatar\\\/73fc92bb137edd2c9c6b8c33107eb69f59aacacfaee9868d7f812a97a93b9d9a?s=96&d=mm&r=g\",\"url\":\"https:\\\/\\\/secure.gravatar.com\\\/avatar\\\/73fc92bb137edd2c9c6b8c33107eb69f59aacacfaee9868d7f812a97a93b9d9a?s=96&d=mm&r=g\",\"contentUrl\":\"https:\\\/\\\/secure.gravatar.com\\\/avatar\\\/73fc92bb137edd2c9c6b8c33107eb69f59aacacfaee9868d7f812a97a93b9d9a?s=96&d=mm&r=g\",\"caption\":\"Frida Roijer\"},\"url\":\"https:\\\/\\\/fojab.se\\\/en\\\/aktuellt\\\/author\\\/frida-roijer\\\/\"}]}<\/script>\n<!-- \/ Yoast SEO plugin. -->","yoast_head_json":{"title":"Daniel Nord new board member in Innovationsf\u00f6retagen | FOJAB","robots":{"index":"index","follow":"follow","max-snippet":"max-snippet:-1","max-image-preview":"max-image-preview:large","max-video-preview":"max-video-preview:-1"},"canonical":"https:\/\/fojab.se\/en\/topical\/daniel-nord-new-board-member-in-the-innovation-company\/","og_locale":"en_US","og_type":"article","og_title":"Daniel Nord ny styrelseledamot i Innovationsf\u00f6retagen | FOJAB","og_description":"Daniel Nord, VD p\u00e5 FOJAB, blir ny styrelseledamot i Innovationsf\u00f6retagen, bransch- och arbetsgivarorganisationen som representerar innovativa f\u00f6retag i arkitekt- och ingenj\u00f6rsbranschen. Vid den extra st\u00e4mma som h\u00f6lls den 15 oktober valdes Daniel Nord in i Innovationsf\u00f6retagens styrelse. Daniel \u00e4r del\u00e4gare och VD p\u00e5 FOJAB och har arbetat i f\u00f6retaget sedan 1998, b\u00e5de som arkitekt och [&hellip;]","og_url":"https:\/\/fojab.se\/en\/topical\/daniel-nord-new-board-member-in-the-innovation-company\/","og_site_name":"FOJAB","article_published_time":"2020-10-19T08:14:39+00:00","article_modified_time":"2020-10-19T15:31:44+00:00","og_image":[{"width":2560,"height":1918,"url":"https:\/\/media1.fojab.se\/2020\/10\/Daniel1-RED-scaled.jpg","type":"image\/jpeg"}],"author":"Frida Roijer","twitter_card":"summary_large_image","twitter_misc":{"Written by":"Frida Roijer","Est. reading time":"1 minute"},"schema":{"@context":"https:\/\/schema.org","@graph":[{"@type":"Article","@id":"https:\/\/fojab.se\/aktuellt\/daniel-nord-ny-styrelseledamot-i-innovationsforetagen\/#article","isPartOf":{"@id":"https:\/\/fojab.se\/aktuellt\/daniel-nord-ny-styrelseledamot-i-innovationsforetagen\/"},"author":{"name":"Frida Roijer","@id":"https:\/\/fojab.se\/#\/schema\/person\/54707f9ec80683b444c021e58fc3b87b"},"headline":"Daniel Nord ny styrelseledamot i Innovationsf\u00f6retagen","datePublished":"2020-10-19T08:14:39+00:00","dateModified":"2020-10-19T15:31:44+00:00","mainEntityOfPage":{"@id":"https:\/\/fojab.se\/aktuellt\/daniel-nord-ny-styrelseledamot-i-innovationsforetagen\/"},"wordCount":237,"image":{"@id":"https:\/\/fojab.se\/aktuellt\/daniel-nord-ny-styrelseledamot-i-innovationsforetagen\/#primaryimage"},"thumbnailUrl":"https:\/\/media1.fojab.se\/2020\/10\/Daniel1-RED-scaled.jpg","inLanguage":"en-US"},{"@type":"WebPage","@id":"https:\/\/fojab.se\/aktuellt\/daniel-nord-ny-styrelseledamot-i-innovationsforetagen\/","url":"https:\/\/fojab.se\/aktuellt\/daniel-nord-ny-styrelseledamot-i-innovationsforetagen\/","name":"Daniel Nord new board member in Innovationsf\u00f6retagen | FOJAB","isPartOf":{"@id":"https:\/\/fojab.se\/#website"},"primaryImageOfPage":{"@id":"https:\/\/fojab.se\/aktuellt\/daniel-nord-ny-styrelseledamot-i-innovationsforetagen\/#primaryimage"},"image":{"@id":"https:\/\/fojab.se\/aktuellt\/daniel-nord-ny-styrelseledamot-i-innovationsforetagen\/#primaryimage"},"thumbnailUrl":"https:\/\/media1.fojab.se\/2020\/10\/Daniel1-RED-scaled.jpg","datePublished":"2020-10-19T08:14:39+00:00","dateModified":"2020-10-19T15:31:44+00:00","author":{"@id":"https:\/\/fojab.se\/#\/schema\/person\/54707f9ec80683b444c021e58fc3b87b"},"breadcrumb":{"@id":"https:\/\/fojab.se\/aktuellt\/daniel-nord-ny-styrelseledamot-i-innovationsforetagen\/#breadcrumb"},"inLanguage":"en-US","potentialAction":[{"@type":"ReadAction","target":["https:\/\/fojab.se\/aktuellt\/daniel-nord-ny-styrelseledamot-i-innovationsforetagen\/"]}]},{"@type":"ImageObject","inLanguage":"en-US","@id":"https:\/\/fojab.se\/aktuellt\/daniel-nord-ny-styrelseledamot-i-innovationsforetagen\/#primaryimage","url":"https:\/\/media1.fojab.se\/2020\/10\/Daniel1-RED-scaled.jpg","contentUrl":"https:\/\/media1.fojab.se\/2020\/10\/Daniel1-RED-scaled.jpg","width":2560,"height":1918},{"@type":"BreadcrumbList","@id":"https:\/\/fojab.se\/aktuellt\/daniel-nord-ny-styrelseledamot-i-innovationsforetagen\/#breadcrumb","itemListElement":[{"@type":"ListItem","position":1,"name":"Hem","item":"https:\/\/fojab.se\/"},{"@type":"ListItem","position":2,"name":"Daniel Nord ny styrelseledamot i Innovationsf\u00f6retagen"}]},{"@type":"WebSite","@id":"https:\/\/fojab.se\/#website","url":"https:\/\/fojab.se\/","name":"FOJAB","description":"","potentialAction":[{"@type":"SearchAction","target":{"@type":"EntryPoint","urlTemplate":"https:\/\/fojab.se\/?s={search_term_string}"},"query-input":{"@type":"PropertyValueSpecification","valueRequired":true,"valueName":"search_term_string"}}],"inLanguage":"en-US"},{"@type":"Person","@id":"https:\/\/fojab.se\/#\/schema\/person\/54707f9ec80683b444c021e58fc3b87b","name":"Frida Roijer","image":{"@type":"ImageObject","inLanguage":"en-US","@id":"https:\/\/secure.gravatar.com\/avatar\/73fc92bb137edd2c9c6b8c33107eb69f59aacacfaee9868d7f812a97a93b9d9a?s=96&d=mm&r=g","url":"https:\/\/secure.gravatar.com\/avatar\/73fc92bb137edd2c9c6b8c33107eb69f59aacacfaee9868d7f812a97a93b9d9a?s=96&d=mm&r=g","contentUrl":"https:\/\/secure.gravatar.com\/avatar\/73fc92bb137edd2c9c6b8c33107eb69f59aacacfaee9868d7f812a97a93b9d9a?s=96&d=mm&r=g","caption":"Frida Roijer"},"url":"https:\/\/fojab.se\/en\/aktuellt\/author\/frida-roijer\/"}]}},"_links":{"self":[{"href":"https:\/\/fojab.se\/en\/wp-json\/wp\/v2\/posts\/5719","targetHints":{"allow":["GET"]}}],"collection":[{"href":"https:\/\/fojab.se\/en\/wp-json\/wp\/v2\/posts"}],"about":[{"href":"https:\/\/fojab.se\/en\/wp-json\/wp\/v2\/types\/post"}],"author":[{"embeddable":true,"href":"https:\/\/fojab.se\/en\/wp-json\/wp\/v2\/users\/13"}],"replies":[{"embeddable":true,"href":"https:\/\/fojab.se\/en\/wp-json\/wp\/v2\/comments?post=5719"}],"version-history":[{"count":2,"href":"https:\/\/fojab.se\/en\/wp-json\/wp\/v2\/posts\/5719\/revisions"}],"predecessor-version":[{"id":5724,"href":"https:\/\/fojab.se\/en\/wp-json\/wp\/v2\/posts\/5719\/revisions\/5724"}],"wp:featuredmedia":[{"embeddable":true,"href":"https:\/\/fojab.se\/en\/wp-json\/wp\/v2\/media\/5720"}],"wp:attachment":[{"href":"https:\/\/fojab.se\/en\/wp-json\/wp\/v2\/media?parent=5719"}],"wp:term":[{"taxonomy":"category","embeddable":true,"href":"https:\/\/fojab.se\/en\/wp-json\/wp\/v2\/categories?post=5719"},{"taxonomy":"post_tag","embeddable":true,"href":"https:\/\/fojab.se\/en\/wp-json\/wp\/v2\/tags?post=5719"}],"curies":[{"name":"wp","href":"https:\/\/api.w.org\/{rel}","templated":true}]}}