{"id":5561,"date":"2020-08-19T06:32:59","date_gmt":"2020-08-19T04:32:59","guid":{"rendered":"https:\/\/fojab.se\/?p=5561"},"modified":"2020-08-19T12:30:01","modified_gmt":"2020-08-19T10:30:01","slug":"lunds-school-guards-are-becoming-more-unified-and-inclusive-in-host-communities","status":"publish","type":"post","link":"https:\/\/fojab.se\/en\/topical\/lunds-school-guards-are-becoming-more-unified-and-inclusive-in-host-communities\/","title":{"rendered":"Lund's schoolyards will be more equal and inclusive this fall"},"content":{"rendered":"<p><strong>Circus stools, ping-pong and a 'rogue outdoor gym' - these are some of the new activities that students in Lund can try when they return from their summer vacation. The new activities are part of the Equalizer research project, a collaboration between FOJAB, Nyr\u00e9ns, Lund Municipality, Lund University and Malm\u00f6 University. The aim is to encourage more physical activity and enjoyment of movement on school playgrounds.<\/strong><\/p>\n<p>Research shows that the proportion of young people who are physically active is decreasing. Girls in upper secondary school are the least active, but gender differences can be seen even further down the age scale, according to sports researcher and cultural geographer Karin Book from Malm\u00f6 University, who is part of Equalizer. Also involved in the project is ethnologist and site researcher Elisabeth H\u00f6gdahl from Lund University, who highlights how different norms create invisible rules that determine who has the right to the site and how it should be used.<\/p>\n<p>- Against this background, we want to explore with children and young people how we can reverse this negative movement trend by questioning norms. It's about creating greater participation, better public health and equal access to spaces in the city,\" says \u00c5sa Samuelsson, architect at FOJAB and one of the initiators of Equalizer.<\/p>\n<p>Two years ago, the first stage of the Vinnova-funded Equalizer project was completed. The focus then was on making Malm\u00f6's activity areas more equal and inclusive. Stage two is currently underway in Lund, where the focus is instead on schoolyards. Together with students and teachers from \u00d6stratornskolan and F\u00e4ladsg\u00e5rden in Lund, we have developed new types of activities that challenge norms about how schoolyards should be used and by whom. This also creates greater participation and equality.<\/p>\n<p>- It is well known among educators that learning is positively affected by children moving around. This project also helps to stimulate pupils with different physical conditions to play and move,\" says Mia Honeth (L), Chair of the Children and Schools Committee in Lund Municipality.<\/p>\n<p>Through methods such as norm disruption and workshops, Equalizer has worked with students to identify barriers, find creative solutions in the form of activities and discuss topics such as norms, community and exclusion,<\/p>\n<p>- We have developed a three-step Equalizer model where we identify barriers, find creative solutions and test prototypes. The goal is to change behaviours and normalize a new approach through additions and supporting measures,\" says Emma Pihl, planning architect at FOJAB and project manager for Equalizer.<\/p>\n<p>Some of the activities are now being inaugurated and tested in full scale with prototypes in school playgrounds. These could be tools that twist a regular activity to attract new users, activities that challenge and reward new ways of moving, or on-the-go activities when breaks feel short. The prototypes will be moved to Brunnsh\u00f6g in northern Lund later this fall and become part of an activity area open to all Lund residents.<\/p>\n<p>- Lund Municipality works continuously on how to work with more inclusive and gender-equal spaces. We want to create inspired and safe places that invite movement and meetings between people. Through this project, we can learn how to make both schoolyards and other activity areas as good as possible, not least when a new district is being built,\" says Eva Dalman, project manager at Brunnsh\u00f6g in Lund.<\/p>\n<p><strong>About Equalizer<\/strong><br \/>\nEqualizer is a Vinnova-funded research project within the call for norm-critical innovation. It is a collaborative project between the architectural firms FOJAB and Nyr\u00e9ns, Lund Municipality, Lund University and Malm\u00f6 University where theory has been combined with method development and practical application on a full scale. Equalizer step 1 was carried out in collaboration with the City of Malm\u00f6. The goal of the project is to disrupt place-based norms to create equal and inclusive environments and surfaces that support physical activity. We have developed an Equalizer model with three steps where we identify obstacles, find creative solutions and test prototypes. The goal is to change behaviours and to normalize a new approach to how and by whom places can be used, through complementary and supportive measures. Participation and co-creation are central to Equalizer. The aim of the project is to create simple and easy-to-use tools to disrupt place-based norms and, based on this, to create physical changes to make it easier for more groups and individuals to take place and become active in public space. These tools can then be used in other places by those who want to help create inclusion when places are built and changed. The method is not only interesting from a practical perspective but has also attracted interest in the research community.<\/p>\n<p>&nbsp;<\/p>","protected":false},"excerpt":{"rendered":"<p>Cirkuspallar, ping-out och ett \u201doseri\u00f6st utegym\u201d \u2013 det \u00e4r n\u00e5gra av de nya aktiviteterna som elever i Lund f\u00e5r prova p\u00e5 n\u00e4r de kommer tillbaka efter sommarlovet. De nya aktiviteterna ing\u00e5r i forskningsprojektet Equalizer som drivits som ett samarbetsprojekt mellan FOJAB, Nyr\u00e9ns, Lunds kommun, Lunds universitet och Malm\u00f6 universitet. M\u00e5let \u00e4r att locka till mer [&hellip;]<\/p>\n","protected":false},"author":13,"featured_media":5564,"comment_status":"closed","ping_status":"open","sticky":false,"template":"","format":"standard","meta":{"_monsterinsights_skip_tracking":false,"_monsterinsights_sitenote_active":false,"_monsterinsights_sitenote_note":"","_monsterinsights_sitenote_category":0,"footnotes":""},"categories":[1],"tags":[],"class_list":["post-5561","post","type-post","status-publish","format-standard","has-post-thumbnail","hentry","category-uncategorized"],"acf":[],"yoast_head":"<!-- This site is optimized with the Yoast SEO plugin v27.5 - https:\/\/yoast.com\/product\/yoast-seo-wordpress\/ -->\n<title>Lunds skolg\u00e5rdar blir mer j\u00e4mst\u00e4llda och inkluderande i h\u00f6st | FOJAB<\/title>\n<meta name=\"robots\" content=\"index, follow, max-snippet:-1, max-image-preview:large, max-video-preview:-1\" \/>\n<link rel=\"canonical\" href=\"https:\/\/fojab.se\/en\/topical\/lunds-school-guards-are-becoming-more-unified-and-inclusive-in-host-communities\/\" \/>\n<meta property=\"og:locale\" content=\"en_US\" \/>\n<meta property=\"og:type\" content=\"article\" \/>\n<meta property=\"og:title\" content=\"Lunds skolg\u00e5rdar blir mer j\u00e4mst\u00e4llda och inkluderande i h\u00f6st | FOJAB\" \/>\n<meta property=\"og:description\" content=\"Cirkuspallar, ping-out och ett \u201doseri\u00f6st utegym\u201d \u2013 det \u00e4r n\u00e5gra av de nya aktiviteterna som elever i Lund f\u00e5r prova p\u00e5 n\u00e4r de kommer tillbaka efter sommarlovet. De nya aktiviteterna ing\u00e5r i forskningsprojektet Equalizer som drivits som ett samarbetsprojekt mellan FOJAB, Nyr\u00e9ns, Lunds kommun, Lunds universitet och Malm\u00f6 universitet. M\u00e5let \u00e4r att locka till mer [&hellip;]\" \/>\n<meta property=\"og:url\" content=\"https:\/\/fojab.se\/en\/topical\/lunds-school-guards-are-becoming-more-unified-and-inclusive-in-host-communities\/\" \/>\n<meta property=\"og:site_name\" content=\"FOJAB\" \/>\n<meta property=\"article:published_time\" content=\"2020-08-19T04:32:59+00:00\" \/>\n<meta property=\"article:modified_time\" content=\"2020-08-19T10:30:01+00:00\" \/>\n<meta property=\"og:image\" content=\"https:\/\/media1.fojab.se\/2020\/08\/fojab_ostratornskolan_200818-2-beskuren-scaled.jpg\" \/>\n\t<meta property=\"og:image:width\" content=\"2560\" \/>\n\t<meta property=\"og:image:height\" content=\"1840\" \/>\n\t<meta property=\"og:image:type\" content=\"image\/jpeg\" \/>\n<meta name=\"author\" content=\"Frida Roijer\" \/>\n<meta name=\"twitter:card\" content=\"summary_large_image\" \/>\n<meta name=\"twitter:label1\" content=\"Written by\" \/>\n\t<meta name=\"twitter:data1\" content=\"Frida Roijer\" \/>\n\t<meta name=\"twitter:label2\" content=\"Est. reading time\" \/>\n\t<meta name=\"twitter:data2\" content=\"4 minutes\" \/>\n<script type=\"application\/ld+json\" class=\"yoast-schema-graph\">{\"@context\":\"https:\\\/\\\/schema.org\",\"@graph\":[{\"@type\":\"Article\",\"@id\":\"https:\\\/\\\/fojab.se\\\/aktuellt\\\/lunds-skolgardar-blir-mer-jamstallda-och-inkluderande-i-host\\\/#article\",\"isPartOf\":{\"@id\":\"https:\\\/\\\/fojab.se\\\/aktuellt\\\/lunds-skolgardar-blir-mer-jamstallda-och-inkluderande-i-host\\\/\"},\"author\":{\"name\":\"Frida Roijer\",\"@id\":\"https:\\\/\\\/fojab.se\\\/#\\\/schema\\\/person\\\/54707f9ec80683b444c021e58fc3b87b\"},\"headline\":\"Lunds skolg\u00e5rdar blir mer j\u00e4mst\u00e4llda och inkluderande i h\u00f6st\",\"datePublished\":\"2020-08-19T04:32:59+00:00\",\"dateModified\":\"2020-08-19T10:30:01+00:00\",\"mainEntityOfPage\":{\"@id\":\"https:\\\/\\\/fojab.se\\\/aktuellt\\\/lunds-skolgardar-blir-mer-jamstallda-och-inkluderande-i-host\\\/\"},\"wordCount\":870,\"image\":{\"@id\":\"https:\\\/\\\/fojab.se\\\/aktuellt\\\/lunds-skolgardar-blir-mer-jamstallda-och-inkluderande-i-host\\\/#primaryimage\"},\"thumbnailUrl\":\"https:\\\/\\\/media1.fojab.se\\\/2020\\\/08\\\/fojab_ostratornskolan_200818-2-beskuren-scaled.jpg\",\"inLanguage\":\"en-US\"},{\"@type\":\"WebPage\",\"@id\":\"https:\\\/\\\/fojab.se\\\/aktuellt\\\/lunds-skolgardar-blir-mer-jamstallda-och-inkluderande-i-host\\\/\",\"url\":\"https:\\\/\\\/fojab.se\\\/aktuellt\\\/lunds-skolgardar-blir-mer-jamstallda-och-inkluderande-i-host\\\/\",\"name\":\"Lunds skolg\u00e5rdar blir mer j\u00e4mst\u00e4llda och inkluderande i h\u00f6st | FOJAB\",\"isPartOf\":{\"@id\":\"https:\\\/\\\/fojab.se\\\/#website\"},\"primaryImageOfPage\":{\"@id\":\"https:\\\/\\\/fojab.se\\\/aktuellt\\\/lunds-skolgardar-blir-mer-jamstallda-och-inkluderande-i-host\\\/#primaryimage\"},\"image\":{\"@id\":\"https:\\\/\\\/fojab.se\\\/aktuellt\\\/lunds-skolgardar-blir-mer-jamstallda-och-inkluderande-i-host\\\/#primaryimage\"},\"thumbnailUrl\":\"https:\\\/\\\/media1.fojab.se\\\/2020\\\/08\\\/fojab_ostratornskolan_200818-2-beskuren-scaled.jpg\",\"datePublished\":\"2020-08-19T04:32:59+00:00\",\"dateModified\":\"2020-08-19T10:30:01+00:00\",\"author\":{\"@id\":\"https:\\\/\\\/fojab.se\\\/#\\\/schema\\\/person\\\/54707f9ec80683b444c021e58fc3b87b\"},\"breadcrumb\":{\"@id\":\"https:\\\/\\\/fojab.se\\\/aktuellt\\\/lunds-skolgardar-blir-mer-jamstallda-och-inkluderande-i-host\\\/#breadcrumb\"},\"inLanguage\":\"en-US\",\"potentialAction\":[{\"@type\":\"ReadAction\",\"target\":[\"https:\\\/\\\/fojab.se\\\/aktuellt\\\/lunds-skolgardar-blir-mer-jamstallda-och-inkluderande-i-host\\\/\"]}]},{\"@type\":\"ImageObject\",\"inLanguage\":\"en-US\",\"@id\":\"https:\\\/\\\/fojab.se\\\/aktuellt\\\/lunds-skolgardar-blir-mer-jamstallda-och-inkluderande-i-host\\\/#primaryimage\",\"url\":\"https:\\\/\\\/media1.fojab.se\\\/2020\\\/08\\\/fojab_ostratornskolan_200818-2-beskuren-scaled.jpg\",\"contentUrl\":\"https:\\\/\\\/media1.fojab.se\\\/2020\\\/08\\\/fojab_ostratornskolan_200818-2-beskuren-scaled.jpg\",\"width\":2560,\"height\":1840},{\"@type\":\"BreadcrumbList\",\"@id\":\"https:\\\/\\\/fojab.se\\\/aktuellt\\\/lunds-skolgardar-blir-mer-jamstallda-och-inkluderande-i-host\\\/#breadcrumb\",\"itemListElement\":[{\"@type\":\"ListItem\",\"position\":1,\"name\":\"Hem\",\"item\":\"https:\\\/\\\/fojab.se\\\/\"},{\"@type\":\"ListItem\",\"position\":2,\"name\":\"Lunds skolg\u00e5rdar blir mer j\u00e4mst\u00e4llda och inkluderande i h\u00f6st\"}]},{\"@type\":\"WebSite\",\"@id\":\"https:\\\/\\\/fojab.se\\\/#website\",\"url\":\"https:\\\/\\\/fojab.se\\\/\",\"name\":\"FOJAB\",\"description\":\"\",\"potentialAction\":[{\"@type\":\"SearchAction\",\"target\":{\"@type\":\"EntryPoint\",\"urlTemplate\":\"https:\\\/\\\/fojab.se\\\/?s={search_term_string}\"},\"query-input\":{\"@type\":\"PropertyValueSpecification\",\"valueRequired\":true,\"valueName\":\"search_term_string\"}}],\"inLanguage\":\"en-US\"},{\"@type\":\"Person\",\"@id\":\"https:\\\/\\\/fojab.se\\\/#\\\/schema\\\/person\\\/54707f9ec80683b444c021e58fc3b87b\",\"name\":\"Frida Roijer\",\"image\":{\"@type\":\"ImageObject\",\"inLanguage\":\"en-US\",\"@id\":\"https:\\\/\\\/secure.gravatar.com\\\/avatar\\\/73fc92bb137edd2c9c6b8c33107eb69f59aacacfaee9868d7f812a97a93b9d9a?s=96&d=mm&r=g\",\"url\":\"https:\\\/\\\/secure.gravatar.com\\\/avatar\\\/73fc92bb137edd2c9c6b8c33107eb69f59aacacfaee9868d7f812a97a93b9d9a?s=96&d=mm&r=g\",\"contentUrl\":\"https:\\\/\\\/secure.gravatar.com\\\/avatar\\\/73fc92bb137edd2c9c6b8c33107eb69f59aacacfaee9868d7f812a97a93b9d9a?s=96&d=mm&r=g\",\"caption\":\"Frida Roijer\"},\"url\":\"https:\\\/\\\/fojab.se\\\/en\\\/aktuellt\\\/author\\\/frida-roijer\\\/\"}]}<\/script>\n<!-- \/ Yoast SEO plugin. -->","yoast_head_json":{"title":"Lund's schoolyards become more equal and inclusive this fall | FOJAB","robots":{"index":"index","follow":"follow","max-snippet":"max-snippet:-1","max-image-preview":"max-image-preview:large","max-video-preview":"max-video-preview:-1"},"canonical":"https:\/\/fojab.se\/en\/topical\/lunds-school-guards-are-becoming-more-unified-and-inclusive-in-host-communities\/","og_locale":"en_US","og_type":"article","og_title":"Lunds skolg\u00e5rdar blir mer j\u00e4mst\u00e4llda och inkluderande i h\u00f6st | FOJAB","og_description":"Cirkuspallar, ping-out och ett \u201doseri\u00f6st utegym\u201d \u2013 det \u00e4r n\u00e5gra av de nya aktiviteterna som elever i Lund f\u00e5r prova p\u00e5 n\u00e4r de kommer tillbaka efter sommarlovet. De nya aktiviteterna ing\u00e5r i forskningsprojektet Equalizer som drivits som ett samarbetsprojekt mellan FOJAB, Nyr\u00e9ns, Lunds kommun, Lunds universitet och Malm\u00f6 universitet. M\u00e5let \u00e4r att locka till mer [&hellip;]","og_url":"https:\/\/fojab.se\/en\/topical\/lunds-school-guards-are-becoming-more-unified-and-inclusive-in-host-communities\/","og_site_name":"FOJAB","article_published_time":"2020-08-19T04:32:59+00:00","article_modified_time":"2020-08-19T10:30:01+00:00","og_image":[{"width":2560,"height":1840,"url":"https:\/\/media1.fojab.se\/2020\/08\/fojab_ostratornskolan_200818-2-beskuren-scaled.jpg","type":"image\/jpeg"}],"author":"Frida Roijer","twitter_card":"summary_large_image","twitter_misc":{"Written by":"Frida Roijer","Est. reading time":"4 minutes"},"schema":{"@context":"https:\/\/schema.org","@graph":[{"@type":"Article","@id":"https:\/\/fojab.se\/aktuellt\/lunds-skolgardar-blir-mer-jamstallda-och-inkluderande-i-host\/#article","isPartOf":{"@id":"https:\/\/fojab.se\/aktuellt\/lunds-skolgardar-blir-mer-jamstallda-och-inkluderande-i-host\/"},"author":{"name":"Frida Roijer","@id":"https:\/\/fojab.se\/#\/schema\/person\/54707f9ec80683b444c021e58fc3b87b"},"headline":"Lunds skolg\u00e5rdar blir mer j\u00e4mst\u00e4llda och inkluderande i h\u00f6st","datePublished":"2020-08-19T04:32:59+00:00","dateModified":"2020-08-19T10:30:01+00:00","mainEntityOfPage":{"@id":"https:\/\/fojab.se\/aktuellt\/lunds-skolgardar-blir-mer-jamstallda-och-inkluderande-i-host\/"},"wordCount":870,"image":{"@id":"https:\/\/fojab.se\/aktuellt\/lunds-skolgardar-blir-mer-jamstallda-och-inkluderande-i-host\/#primaryimage"},"thumbnailUrl":"https:\/\/media1.fojab.se\/2020\/08\/fojab_ostratornskolan_200818-2-beskuren-scaled.jpg","inLanguage":"en-US"},{"@type":"WebPage","@id":"https:\/\/fojab.se\/aktuellt\/lunds-skolgardar-blir-mer-jamstallda-och-inkluderande-i-host\/","url":"https:\/\/fojab.se\/aktuellt\/lunds-skolgardar-blir-mer-jamstallda-och-inkluderande-i-host\/","name":"Lund's schoolyards become more equal and inclusive this fall | FOJAB","isPartOf":{"@id":"https:\/\/fojab.se\/#website"},"primaryImageOfPage":{"@id":"https:\/\/fojab.se\/aktuellt\/lunds-skolgardar-blir-mer-jamstallda-och-inkluderande-i-host\/#primaryimage"},"image":{"@id":"https:\/\/fojab.se\/aktuellt\/lunds-skolgardar-blir-mer-jamstallda-och-inkluderande-i-host\/#primaryimage"},"thumbnailUrl":"https:\/\/media1.fojab.se\/2020\/08\/fojab_ostratornskolan_200818-2-beskuren-scaled.jpg","datePublished":"2020-08-19T04:32:59+00:00","dateModified":"2020-08-19T10:30:01+00:00","author":{"@id":"https:\/\/fojab.se\/#\/schema\/person\/54707f9ec80683b444c021e58fc3b87b"},"breadcrumb":{"@id":"https:\/\/fojab.se\/aktuellt\/lunds-skolgardar-blir-mer-jamstallda-och-inkluderande-i-host\/#breadcrumb"},"inLanguage":"en-US","potentialAction":[{"@type":"ReadAction","target":["https:\/\/fojab.se\/aktuellt\/lunds-skolgardar-blir-mer-jamstallda-och-inkluderande-i-host\/"]}]},{"@type":"ImageObject","inLanguage":"en-US","@id":"https:\/\/fojab.se\/aktuellt\/lunds-skolgardar-blir-mer-jamstallda-och-inkluderande-i-host\/#primaryimage","url":"https:\/\/media1.fojab.se\/2020\/08\/fojab_ostratornskolan_200818-2-beskuren-scaled.jpg","contentUrl":"https:\/\/media1.fojab.se\/2020\/08\/fojab_ostratornskolan_200818-2-beskuren-scaled.jpg","width":2560,"height":1840},{"@type":"BreadcrumbList","@id":"https:\/\/fojab.se\/aktuellt\/lunds-skolgardar-blir-mer-jamstallda-och-inkluderande-i-host\/#breadcrumb","itemListElement":[{"@type":"ListItem","position":1,"name":"Hem","item":"https:\/\/fojab.se\/"},{"@type":"ListItem","position":2,"name":"Lunds skolg\u00e5rdar blir mer j\u00e4mst\u00e4llda och inkluderande i h\u00f6st"}]},{"@type":"WebSite","@id":"https:\/\/fojab.se\/#website","url":"https:\/\/fojab.se\/","name":"FOJAB","description":"","potentialAction":[{"@type":"SearchAction","target":{"@type":"EntryPoint","urlTemplate":"https:\/\/fojab.se\/?s={search_term_string}"},"query-input":{"@type":"PropertyValueSpecification","valueRequired":true,"valueName":"search_term_string"}}],"inLanguage":"en-US"},{"@type":"Person","@id":"https:\/\/fojab.se\/#\/schema\/person\/54707f9ec80683b444c021e58fc3b87b","name":"Frida Roijer","image":{"@type":"ImageObject","inLanguage":"en-US","@id":"https:\/\/secure.gravatar.com\/avatar\/73fc92bb137edd2c9c6b8c33107eb69f59aacacfaee9868d7f812a97a93b9d9a?s=96&d=mm&r=g","url":"https:\/\/secure.gravatar.com\/avatar\/73fc92bb137edd2c9c6b8c33107eb69f59aacacfaee9868d7f812a97a93b9d9a?s=96&d=mm&r=g","contentUrl":"https:\/\/secure.gravatar.com\/avatar\/73fc92bb137edd2c9c6b8c33107eb69f59aacacfaee9868d7f812a97a93b9d9a?s=96&d=mm&r=g","caption":"Frida Roijer"},"url":"https:\/\/fojab.se\/en\/aktuellt\/author\/frida-roijer\/"}]}},"_links":{"self":[{"href":"https:\/\/fojab.se\/en\/wp-json\/wp\/v2\/posts\/5561","targetHints":{"allow":["GET"]}}],"collection":[{"href":"https:\/\/fojab.se\/en\/wp-json\/wp\/v2\/posts"}],"about":[{"href":"https:\/\/fojab.se\/en\/wp-json\/wp\/v2\/types\/post"}],"author":[{"embeddable":true,"href":"https:\/\/fojab.se\/en\/wp-json\/wp\/v2\/users\/13"}],"replies":[{"embeddable":true,"href":"https:\/\/fojab.se\/en\/wp-json\/wp\/v2\/comments?post=5561"}],"version-history":[{"count":2,"href":"https:\/\/fojab.se\/en\/wp-json\/wp\/v2\/posts\/5561\/revisions"}],"predecessor-version":[{"id":5565,"href":"https:\/\/fojab.se\/en\/wp-json\/wp\/v2\/posts\/5561\/revisions\/5565"}],"wp:featuredmedia":[{"embeddable":true,"href":"https:\/\/fojab.se\/en\/wp-json\/wp\/v2\/media\/5564"}],"wp:attachment":[{"href":"https:\/\/fojab.se\/en\/wp-json\/wp\/v2\/media?parent=5561"}],"wp:term":[{"taxonomy":"category","embeddable":true,"href":"https:\/\/fojab.se\/en\/wp-json\/wp\/v2\/categories?post=5561"},{"taxonomy":"post_tag","embeddable":true,"href":"https:\/\/fojab.se\/en\/wp-json\/wp\/v2\/tags?post=5561"}],"curies":[{"name":"wp","href":"https:\/\/api.w.org\/{rel}","templated":true}]}}