{"id":4504,"date":"2019-11-18T09:08:45","date_gmt":"2019-11-18T08:08:45","guid":{"rendered":"https:\/\/fojab.se\/?p=4504"},"modified":"2019-11-18T09:08:45","modified_gmt":"2019-11-18T08:08:45","slug":"fojab-strengthens-management-with-development-manager-and-hr-manager","status":"publish","type":"post","link":"https:\/\/fojab.se\/en\/topical\/fojab-strengthens-management-with-development-manager-and-hr-manager\/","title":{"rendered":"FOJAB strengthens management with Development Manager and HR Manager"},"content":{"rendered":"<p><strong>FOJAB is now further strengthening the organization and employs Elin Bredberg as the new HR manager and architect Anders Eriksson Modin becomes Development Manager. <\/strong><\/p>\n<p>Anders Eriksson Modin is an architect and partner at FOJAB. He is also the competence manager for the office and mobility business area and has carried out several highly complex office projects, most recently as project manager for the Dungen office building, which was awarded the City of Malm\u00f6's urban development prize in 2019. Most recently as commissioned architect for the Dungen office building, which was awarded the City of Malm\u00f6's urban planning prize in 2019. In the role of development manager, Anders will have a forward-looking perspective and drive the development of FOJAB's offering towards the market, work with internal processes and innovation and development projects.<\/p>\n<p>- Our industry and world are constantly changing and as architects we need to stay relevant. I will put great focus on being forward-looking and developing our business, so that we can continue to be an office at the forefront and offer added value to our customers and partners. We have the experience, tools and expertise to create the architecture of the future,\" says Anders Eriksson.<\/p>\n<p>Elin Bredberg has been recruited to the role of new HR manager and will be part of FOJAB's management team. Elin has worked as a consultant for FOJAB since 2018. In her role as HR manager, Elin will focus on leadership, sustainability in working life and corporate culture.<\/p>\n<p>- FOJAB's vision, to create architecture for a better world, appeals to me and I look forward to contributing to the work. I feel proud to be part of FOJAB, happy for the trust and humbled by the task. I look forward to supporting and developing our fantastic employees and contributing to sustainability in working life,\" says Elin Bredberg.<\/p>\n<p>- We are very pleased to have Anders and Elin strengthen our management team. Anders is an experienced architect with broad knowledge in the different areas of architecture combined with a large dose of curiosity and understanding of our business. It also feels great to have a long-term solution for HR support in relation to the goals we have set in the business plan, organization and considering our brand journey, says Daniel Nord, CEO of FOJAB.<\/p>\n<p>&nbsp;<\/p>\n<p>&nbsp;<\/p>\n<p>&nbsp;<\/p>","protected":false},"excerpt":{"rendered":"<p>FOJAB f\u00f6rst\u00e4rker nu organisationen ytterligare och anst\u00e4ller Elin Bredberg som ny HR-chef och arkitekt Anders Eriksson Modin blir Utvecklingschef. Anders Eriksson Modin \u00e4r arkitekt och partner p\u00e5 FOJAB. Han \u00e4r \u00e4ven kompetensansvarig f\u00f6r aff\u00e4rsomr\u00e5det kontor och mobilitet och har genomf\u00f6rt flera kontorsprojekt med h\u00f6g komplexitet. Senast som uppdragsansvarig arkitekt f\u00f6r kontorshuset Dungen, som tilldelats Malm\u00f6 [&hellip;]<\/p>\n","protected":false},"author":13,"featured_media":4506,"comment_status":"closed","ping_status":"open","sticky":false,"template":"","format":"standard","meta":{"_monsterinsights_skip_tracking":false,"_monsterinsights_sitenote_active":false,"_monsterinsights_sitenote_note":"","_monsterinsights_sitenote_category":0,"footnotes":""},"categories":[1],"tags":[],"class_list":["post-4504","post","type-post","status-publish","format-standard","has-post-thumbnail","hentry","category-uncategorized"],"acf":[],"yoast_head":"<!-- This site is optimized with the Yoast SEO plugin v27.5 - https:\/\/yoast.com\/product\/yoast-seo-wordpress\/ -->\n<title>FOJAB f\u00f6rst\u00e4rker ledningen med Utvecklingschef och HR-chef | FOJAB<\/title>\n<meta name=\"robots\" content=\"index, follow, max-snippet:-1, max-image-preview:large, max-video-preview:-1\" \/>\n<link rel=\"canonical\" href=\"https:\/\/fojab.se\/en\/topical\/fojab-strengthens-management-with-development-manager-and-hr-manager\/\" \/>\n<meta property=\"og:locale\" content=\"en_US\" \/>\n<meta property=\"og:type\" content=\"article\" \/>\n<meta property=\"og:title\" content=\"FOJAB f\u00f6rst\u00e4rker ledningen med Utvecklingschef och HR-chef | FOJAB\" \/>\n<meta property=\"og:description\" content=\"FOJAB f\u00f6rst\u00e4rker nu organisationen ytterligare och anst\u00e4ller Elin Bredberg som ny HR-chef och arkitekt Anders Eriksson Modin blir Utvecklingschef. Anders Eriksson Modin \u00e4r arkitekt och partner p\u00e5 FOJAB. Han \u00e4r \u00e4ven kompetensansvarig f\u00f6r aff\u00e4rsomr\u00e5det kontor och mobilitet och har genomf\u00f6rt flera kontorsprojekt med h\u00f6g komplexitet. Senast som uppdragsansvarig arkitekt f\u00f6r kontorshuset Dungen, som tilldelats Malm\u00f6 [&hellip;]\" \/>\n<meta property=\"og:url\" content=\"https:\/\/fojab.se\/en\/topical\/fojab-strengthens-management-with-development-manager-and-hr-manager\/\" \/>\n<meta property=\"og:site_name\" content=\"FOJAB\" \/>\n<meta property=\"article:published_time\" content=\"2019-11-18T08:08:45+00:00\" \/>\n<meta property=\"og:image\" content=\"https:\/\/media1.fojab.se\/2019\/11\/Elin-Bredberg_Anders-Eriksson-Modin-scaled.jpg\" \/>\n\t<meta property=\"og:image:width\" content=\"2560\" \/>\n\t<meta property=\"og:image:height\" content=\"1866\" \/>\n\t<meta property=\"og:image:type\" content=\"image\/jpeg\" \/>\n<meta name=\"author\" content=\"Frida Roijer\" \/>\n<meta name=\"twitter:card\" content=\"summary_large_image\" \/>\n<meta name=\"twitter:label1\" content=\"Written by\" \/>\n\t<meta name=\"twitter:data1\" content=\"Frida Roijer\" \/>\n\t<meta name=\"twitter:label2\" content=\"Est. reading time\" \/>\n\t<meta name=\"twitter:data2\" content=\"2 minutes\" \/>\n<script type=\"application\/ld+json\" class=\"yoast-schema-graph\">{\"@context\":\"https:\\\/\\\/schema.org\",\"@graph\":[{\"@type\":\"Article\",\"@id\":\"https:\\\/\\\/fojab.se\\\/aktuellt\\\/fojab-forstarker-ledningen-med-utvecklingschef-och-hr-chef\\\/#article\",\"isPartOf\":{\"@id\":\"https:\\\/\\\/fojab.se\\\/aktuellt\\\/fojab-forstarker-ledningen-med-utvecklingschef-och-hr-chef\\\/\"},\"author\":{\"name\":\"Frida Roijer\",\"@id\":\"https:\\\/\\\/fojab.se\\\/#\\\/schema\\\/person\\\/54707f9ec80683b444c021e58fc3b87b\"},\"headline\":\"FOJAB f\u00f6rst\u00e4rker ledningen med Utvecklingschef och HR-chef\",\"datePublished\":\"2019-11-18T08:08:45+00:00\",\"mainEntityOfPage\":{\"@id\":\"https:\\\/\\\/fojab.se\\\/aktuellt\\\/fojab-forstarker-ledningen-med-utvecklingschef-och-hr-chef\\\/\"},\"wordCount\":383,\"image\":{\"@id\":\"https:\\\/\\\/fojab.se\\\/aktuellt\\\/fojab-forstarker-ledningen-med-utvecklingschef-och-hr-chef\\\/#primaryimage\"},\"thumbnailUrl\":\"https:\\\/\\\/media1.fojab.se\\\/2019\\\/11\\\/Elin-Bredberg_Anders-Eriksson-Modin-scaled.jpg\",\"inLanguage\":\"en-US\"},{\"@type\":\"WebPage\",\"@id\":\"https:\\\/\\\/fojab.se\\\/aktuellt\\\/fojab-forstarker-ledningen-med-utvecklingschef-och-hr-chef\\\/\",\"url\":\"https:\\\/\\\/fojab.se\\\/aktuellt\\\/fojab-forstarker-ledningen-med-utvecklingschef-och-hr-chef\\\/\",\"name\":\"FOJAB f\u00f6rst\u00e4rker ledningen med Utvecklingschef och HR-chef | FOJAB\",\"isPartOf\":{\"@id\":\"https:\\\/\\\/fojab.se\\\/#website\"},\"primaryImageOfPage\":{\"@id\":\"https:\\\/\\\/fojab.se\\\/aktuellt\\\/fojab-forstarker-ledningen-med-utvecklingschef-och-hr-chef\\\/#primaryimage\"},\"image\":{\"@id\":\"https:\\\/\\\/fojab.se\\\/aktuellt\\\/fojab-forstarker-ledningen-med-utvecklingschef-och-hr-chef\\\/#primaryimage\"},\"thumbnailUrl\":\"https:\\\/\\\/media1.fojab.se\\\/2019\\\/11\\\/Elin-Bredberg_Anders-Eriksson-Modin-scaled.jpg\",\"datePublished\":\"2019-11-18T08:08:45+00:00\",\"author\":{\"@id\":\"https:\\\/\\\/fojab.se\\\/#\\\/schema\\\/person\\\/54707f9ec80683b444c021e58fc3b87b\"},\"breadcrumb\":{\"@id\":\"https:\\\/\\\/fojab.se\\\/aktuellt\\\/fojab-forstarker-ledningen-med-utvecklingschef-och-hr-chef\\\/#breadcrumb\"},\"inLanguage\":\"en-US\",\"potentialAction\":[{\"@type\":\"ReadAction\",\"target\":[\"https:\\\/\\\/fojab.se\\\/aktuellt\\\/fojab-forstarker-ledningen-med-utvecklingschef-och-hr-chef\\\/\"]}]},{\"@type\":\"ImageObject\",\"inLanguage\":\"en-US\",\"@id\":\"https:\\\/\\\/fojab.se\\\/aktuellt\\\/fojab-forstarker-ledningen-med-utvecklingschef-och-hr-chef\\\/#primaryimage\",\"url\":\"https:\\\/\\\/media1.fojab.se\\\/2019\\\/11\\\/Elin-Bredberg_Anders-Eriksson-Modin-scaled.jpg\",\"contentUrl\":\"https:\\\/\\\/media1.fojab.se\\\/2019\\\/11\\\/Elin-Bredberg_Anders-Eriksson-Modin-scaled.jpg\",\"width\":2560,\"height\":1866},{\"@type\":\"BreadcrumbList\",\"@id\":\"https:\\\/\\\/fojab.se\\\/aktuellt\\\/fojab-forstarker-ledningen-med-utvecklingschef-och-hr-chef\\\/#breadcrumb\",\"itemListElement\":[{\"@type\":\"ListItem\",\"position\":1,\"name\":\"Hem\",\"item\":\"https:\\\/\\\/fojab.se\\\/\"},{\"@type\":\"ListItem\",\"position\":2,\"name\":\"FOJAB f\u00f6rst\u00e4rker ledningen med Utvecklingschef och HR-chef\"}]},{\"@type\":\"WebSite\",\"@id\":\"https:\\\/\\\/fojab.se\\\/#website\",\"url\":\"https:\\\/\\\/fojab.se\\\/\",\"name\":\"FOJAB\",\"description\":\"\",\"potentialAction\":[{\"@type\":\"SearchAction\",\"target\":{\"@type\":\"EntryPoint\",\"urlTemplate\":\"https:\\\/\\\/fojab.se\\\/?s={search_term_string}\"},\"query-input\":{\"@type\":\"PropertyValueSpecification\",\"valueRequired\":true,\"valueName\":\"search_term_string\"}}],\"inLanguage\":\"en-US\"},{\"@type\":\"Person\",\"@id\":\"https:\\\/\\\/fojab.se\\\/#\\\/schema\\\/person\\\/54707f9ec80683b444c021e58fc3b87b\",\"name\":\"Frida Roijer\",\"image\":{\"@type\":\"ImageObject\",\"inLanguage\":\"en-US\",\"@id\":\"https:\\\/\\\/secure.gravatar.com\\\/avatar\\\/73fc92bb137edd2c9c6b8c33107eb69f59aacacfaee9868d7f812a97a93b9d9a?s=96&d=mm&r=g\",\"url\":\"https:\\\/\\\/secure.gravatar.com\\\/avatar\\\/73fc92bb137edd2c9c6b8c33107eb69f59aacacfaee9868d7f812a97a93b9d9a?s=96&d=mm&r=g\",\"contentUrl\":\"https:\\\/\\\/secure.gravatar.com\\\/avatar\\\/73fc92bb137edd2c9c6b8c33107eb69f59aacacfaee9868d7f812a97a93b9d9a?s=96&d=mm&r=g\",\"caption\":\"Frida Roijer\"},\"url\":\"https:\\\/\\\/fojab.se\\\/en\\\/aktuellt\\\/author\\\/frida-roijer\\\/\"}]}<\/script>\n<!-- \/ Yoast SEO plugin. -->","yoast_head_json":{"title":"FOJAB strengthens management with Development Manager and HR Manager | FOJAB","robots":{"index":"index","follow":"follow","max-snippet":"max-snippet:-1","max-image-preview":"max-image-preview:large","max-video-preview":"max-video-preview:-1"},"canonical":"https:\/\/fojab.se\/en\/topical\/fojab-strengthens-management-with-development-manager-and-hr-manager\/","og_locale":"en_US","og_type":"article","og_title":"FOJAB f\u00f6rst\u00e4rker ledningen med Utvecklingschef och HR-chef | FOJAB","og_description":"FOJAB f\u00f6rst\u00e4rker nu organisationen ytterligare och anst\u00e4ller Elin Bredberg som ny HR-chef och arkitekt Anders Eriksson Modin blir Utvecklingschef. Anders Eriksson Modin \u00e4r arkitekt och partner p\u00e5 FOJAB. Han \u00e4r \u00e4ven kompetensansvarig f\u00f6r aff\u00e4rsomr\u00e5det kontor och mobilitet och har genomf\u00f6rt flera kontorsprojekt med h\u00f6g komplexitet. Senast som uppdragsansvarig arkitekt f\u00f6r kontorshuset Dungen, som tilldelats Malm\u00f6 [&hellip;]","og_url":"https:\/\/fojab.se\/en\/topical\/fojab-strengthens-management-with-development-manager-and-hr-manager\/","og_site_name":"FOJAB","article_published_time":"2019-11-18T08:08:45+00:00","og_image":[{"width":2560,"height":1866,"url":"https:\/\/media1.fojab.se\/2019\/11\/Elin-Bredberg_Anders-Eriksson-Modin-scaled.jpg","type":"image\/jpeg"}],"author":"Frida Roijer","twitter_card":"summary_large_image","twitter_misc":{"Written by":"Frida Roijer","Est. reading time":"2 minutes"},"schema":{"@context":"https:\/\/schema.org","@graph":[{"@type":"Article","@id":"https:\/\/fojab.se\/aktuellt\/fojab-forstarker-ledningen-med-utvecklingschef-och-hr-chef\/#article","isPartOf":{"@id":"https:\/\/fojab.se\/aktuellt\/fojab-forstarker-ledningen-med-utvecklingschef-och-hr-chef\/"},"author":{"name":"Frida Roijer","@id":"https:\/\/fojab.se\/#\/schema\/person\/54707f9ec80683b444c021e58fc3b87b"},"headline":"FOJAB f\u00f6rst\u00e4rker ledningen med Utvecklingschef och HR-chef","datePublished":"2019-11-18T08:08:45+00:00","mainEntityOfPage":{"@id":"https:\/\/fojab.se\/aktuellt\/fojab-forstarker-ledningen-med-utvecklingschef-och-hr-chef\/"},"wordCount":383,"image":{"@id":"https:\/\/fojab.se\/aktuellt\/fojab-forstarker-ledningen-med-utvecklingschef-och-hr-chef\/#primaryimage"},"thumbnailUrl":"https:\/\/media1.fojab.se\/2019\/11\/Elin-Bredberg_Anders-Eriksson-Modin-scaled.jpg","inLanguage":"en-US"},{"@type":"WebPage","@id":"https:\/\/fojab.se\/aktuellt\/fojab-forstarker-ledningen-med-utvecklingschef-och-hr-chef\/","url":"https:\/\/fojab.se\/aktuellt\/fojab-forstarker-ledningen-med-utvecklingschef-och-hr-chef\/","name":"FOJAB strengthens management with Development Manager and HR Manager | FOJAB","isPartOf":{"@id":"https:\/\/fojab.se\/#website"},"primaryImageOfPage":{"@id":"https:\/\/fojab.se\/aktuellt\/fojab-forstarker-ledningen-med-utvecklingschef-och-hr-chef\/#primaryimage"},"image":{"@id":"https:\/\/fojab.se\/aktuellt\/fojab-forstarker-ledningen-med-utvecklingschef-och-hr-chef\/#primaryimage"},"thumbnailUrl":"https:\/\/media1.fojab.se\/2019\/11\/Elin-Bredberg_Anders-Eriksson-Modin-scaled.jpg","datePublished":"2019-11-18T08:08:45+00:00","author":{"@id":"https:\/\/fojab.se\/#\/schema\/person\/54707f9ec80683b444c021e58fc3b87b"},"breadcrumb":{"@id":"https:\/\/fojab.se\/aktuellt\/fojab-forstarker-ledningen-med-utvecklingschef-och-hr-chef\/#breadcrumb"},"inLanguage":"en-US","potentialAction":[{"@type":"ReadAction","target":["https:\/\/fojab.se\/aktuellt\/fojab-forstarker-ledningen-med-utvecklingschef-och-hr-chef\/"]}]},{"@type":"ImageObject","inLanguage":"en-US","@id":"https:\/\/fojab.se\/aktuellt\/fojab-forstarker-ledningen-med-utvecklingschef-och-hr-chef\/#primaryimage","url":"https:\/\/media1.fojab.se\/2019\/11\/Elin-Bredberg_Anders-Eriksson-Modin-scaled.jpg","contentUrl":"https:\/\/media1.fojab.se\/2019\/11\/Elin-Bredberg_Anders-Eriksson-Modin-scaled.jpg","width":2560,"height":1866},{"@type":"BreadcrumbList","@id":"https:\/\/fojab.se\/aktuellt\/fojab-forstarker-ledningen-med-utvecklingschef-och-hr-chef\/#breadcrumb","itemListElement":[{"@type":"ListItem","position":1,"name":"Hem","item":"https:\/\/fojab.se\/"},{"@type":"ListItem","position":2,"name":"FOJAB f\u00f6rst\u00e4rker ledningen med Utvecklingschef och HR-chef"}]},{"@type":"WebSite","@id":"https:\/\/fojab.se\/#website","url":"https:\/\/fojab.se\/","name":"FOJAB","description":"","potentialAction":[{"@type":"SearchAction","target":{"@type":"EntryPoint","urlTemplate":"https:\/\/fojab.se\/?s={search_term_string}"},"query-input":{"@type":"PropertyValueSpecification","valueRequired":true,"valueName":"search_term_string"}}],"inLanguage":"en-US"},{"@type":"Person","@id":"https:\/\/fojab.se\/#\/schema\/person\/54707f9ec80683b444c021e58fc3b87b","name":"Frida Roijer","image":{"@type":"ImageObject","inLanguage":"en-US","@id":"https:\/\/secure.gravatar.com\/avatar\/73fc92bb137edd2c9c6b8c33107eb69f59aacacfaee9868d7f812a97a93b9d9a?s=96&d=mm&r=g","url":"https:\/\/secure.gravatar.com\/avatar\/73fc92bb137edd2c9c6b8c33107eb69f59aacacfaee9868d7f812a97a93b9d9a?s=96&d=mm&r=g","contentUrl":"https:\/\/secure.gravatar.com\/avatar\/73fc92bb137edd2c9c6b8c33107eb69f59aacacfaee9868d7f812a97a93b9d9a?s=96&d=mm&r=g","caption":"Frida Roijer"},"url":"https:\/\/fojab.se\/en\/aktuellt\/author\/frida-roijer\/"}]}},"_links":{"self":[{"href":"https:\/\/fojab.se\/en\/wp-json\/wp\/v2\/posts\/4504","targetHints":{"allow":["GET"]}}],"collection":[{"href":"https:\/\/fojab.se\/en\/wp-json\/wp\/v2\/posts"}],"about":[{"href":"https:\/\/fojab.se\/en\/wp-json\/wp\/v2\/types\/post"}],"author":[{"embeddable":true,"href":"https:\/\/fojab.se\/en\/wp-json\/wp\/v2\/users\/13"}],"replies":[{"embeddable":true,"href":"https:\/\/fojab.se\/en\/wp-json\/wp\/v2\/comments?post=4504"}],"version-history":[{"count":1,"href":"https:\/\/fojab.se\/en\/wp-json\/wp\/v2\/posts\/4504\/revisions"}],"predecessor-version":[{"id":4505,"href":"https:\/\/fojab.se\/en\/wp-json\/wp\/v2\/posts\/4504\/revisions\/4505"}],"wp:featuredmedia":[{"embeddable":true,"href":"https:\/\/fojab.se\/en\/wp-json\/wp\/v2\/media\/4506"}],"wp:attachment":[{"href":"https:\/\/fojab.se\/en\/wp-json\/wp\/v2\/media?parent=4504"}],"wp:term":[{"taxonomy":"category","embeddable":true,"href":"https:\/\/fojab.se\/en\/wp-json\/wp\/v2\/categories?post=4504"},{"taxonomy":"post_tag","embeddable":true,"href":"https:\/\/fojab.se\/en\/wp-json\/wp\/v2\/tags?post=4504"}],"curies":[{"name":"wp","href":"https:\/\/api.w.org\/{rel}","templated":true}]}}