{"id":3873,"date":"2019-09-02T14:10:01","date_gmt":"2019-09-02T13:10:01","guid":{"rendered":"https:\/\/fojab.se\/?p=3873"},"modified":"2023-01-29T14:05:23","modified_gmt":"2023-01-29T13:05:23","slug":"gjuteriet-nominated-for-the-city-of-malmos-grona-lansen-award","status":"publish","type":"post","link":"https:\/\/fojab.se\/en\/topical\/gjuteriet-nominated-for-the-city-of-malmos-grona-lansen-award\/","title":{"rendered":"Gjuteriet nominated for the City of Malm\u00f6's Green Lance Award"},"content":{"rendered":"<p><strong>Every year the City of Malm\u00f6 awards the Green Lance prize for sustainable construction. Gjuteriet is one of three nominated projects and FOJAB is behind both the design and planning.\u00a0<\/strong><\/p>\n<p>Gjuteriet is eco-smart rental housing in Limhamn, owned by the real estate company Vita \u00d6rn. The project consists of three buildings around a raised common courtyard, which overlooks a park. Sustainability targets for the project have been high. For example, low energy consumption and the possibility of more car-free living have been important prerequisites. More space for green areas has been created through car parking in the basement, and tenants receive free bus passes and information on bus timetables.<\/p>\n<p>- When, as in this case, entire neighborhoods are developed, it is important to look at the whole picture for people's needs. Here, not only housing has been prioritized, but also mobility in the form of shared car and bicycle pools,\" says Joakim Feldt, CEO of the real estate company Vita \u00d6rn.<\/p>\n<p>The buildings are designed to require minimal maintenance and to age gracefully. When the time comes, all parts can be recycled.<\/p>\n<p>- \"Throughout the project, we have worked very closely with our client and now we are all delighted with the attention and nomination for the Green Lance,\" concludes Mattias Essner, commissioning architect at FOJAB.<\/p>\n<p><strong>Jury statement<br \/>\n<\/strong><em>\"With an interest in technology as a common thread, energy efficiency becomes a competition that everyone can win!\". The house's well-insulated construction combined with heat recovery from the air results in a very low energy demand, while individual choices put personal comfort at the center. Sustainable travel is encouraged with a shared pool for both bikes and cars, and fixing your bike is easy in the service room. Stormwater is taken care of both above and below ground and the design of the courtyard invites green meetings between the residents.\"<\/em><\/p>\n<p><strong>About the City of Malm\u00f6 Green Lance Award<br \/>\n<\/strong>The Green Lance has been awarded since 2001 and rewards environmentally sustainable construction that contributes to a lasting urban environment and a climate-smart lifestyle. When judging, the jury looks at the project's potential for a climate-smart lifestyle, innovation, process and impact and significance for the city. This year's prize will be awarded on Urban Construction Day on September 6.<\/p>\n<p><strong>Facts about the foundry<br \/>\n<\/strong>Location: Gjuteriet 23<br \/>\nClient: Vita \u00d6rn<br \/>\nResponsible architect: Mattias Essner, FOJAB<br \/>\nYear of completion: 2019<br \/>\nType of project: Apartment building with rental apartments and shops on the ground floor.<\/p>","protected":false},"excerpt":{"rendered":"<p>Varje \u00e5r delar Malm\u00f6 stad ut priset Gr\u00f6na Lansen f\u00f6r h\u00e5llbart byggande. Gjuteriet \u00e4r ett av tre nominerade projekt och bakom b\u00e5de gestaltning och projektering st\u00e5r FOJAB.\u00a0 Gjuteriet \u00e4r milj\u00f6smarta hyresbost\u00e4der i Limhamns l\u00e4ge som \u00e4gs av fastighetsbolaget Vita \u00d6rn. Projektet best\u00e5r av tre byggnader kring en upph\u00f6jd gemensam innerg\u00e5rd, som blickar ut \u00f6ver en [&hellip;]<\/p>\n","protected":false},"author":13,"featured_media":3939,"comment_status":"closed","ping_status":"open","sticky":false,"template":"","format":"standard","meta":{"_monsterinsights_skip_tracking":false,"_monsterinsights_sitenote_active":false,"_monsterinsights_sitenote_note":"","_monsterinsights_sitenote_category":0,"footnotes":""},"categories":[1],"tags":[],"class_list":["post-3873","post","type-post","status-publish","format-standard","has-post-thumbnail","hentry","category-uncategorized"],"acf":[],"yoast_head":"<!-- This site is optimized with the Yoast SEO plugin v27.5 - https:\/\/yoast.com\/product\/yoast-seo-wordpress\/ -->\n<title>Gjuteriet nominerat till Malm\u00f6 stads pris Gr\u00f6na Lansen | FOJAB<\/title>\n<meta name=\"robots\" content=\"index, follow, max-snippet:-1, max-image-preview:large, max-video-preview:-1\" \/>\n<link rel=\"canonical\" href=\"https:\/\/fojab.se\/en\/topical\/gjuteriet-nominated-for-the-city-of-malmos-grona-lansen-award\/\" \/>\n<meta property=\"og:locale\" content=\"en_US\" \/>\n<meta property=\"og:type\" content=\"article\" \/>\n<meta property=\"og:title\" content=\"Gjuteriet nominerat till Malm\u00f6 stads pris Gr\u00f6na Lansen | FOJAB\" \/>\n<meta property=\"og:description\" content=\"Varje \u00e5r delar Malm\u00f6 stad ut priset Gr\u00f6na Lansen f\u00f6r h\u00e5llbart byggande. Gjuteriet \u00e4r ett av tre nominerade projekt och bakom b\u00e5de gestaltning och projektering st\u00e5r FOJAB.\u00a0 Gjuteriet \u00e4r milj\u00f6smarta hyresbost\u00e4der i Limhamns l\u00e4ge som \u00e4gs av fastighetsbolaget Vita \u00d6rn. Projektet best\u00e5r av tre byggnader kring en upph\u00f6jd gemensam innerg\u00e5rd, som blickar ut \u00f6ver en [&hellip;]\" \/>\n<meta property=\"og:url\" content=\"https:\/\/fojab.se\/en\/topical\/gjuteriet-nominated-for-the-city-of-malmos-grona-lansen-award\/\" \/>\n<meta property=\"og:site_name\" content=\"FOJAB\" \/>\n<meta property=\"article:published_time\" content=\"2019-09-02T13:10:01+00:00\" \/>\n<meta property=\"article:modified_time\" content=\"2023-01-29T13:05:23+00:00\" \/>\n<meta property=\"og:image\" content=\"https:\/\/media1.fojab.se\/2019\/09\/06114-2001x982.jpg\" \/>\n\t<meta property=\"og:image:width\" content=\"2001\" \/>\n\t<meta property=\"og:image:height\" content=\"982\" \/>\n\t<meta property=\"og:image:type\" content=\"image\/jpeg\" \/>\n<meta name=\"author\" content=\"Frida Roijer\" \/>\n<meta name=\"twitter:card\" content=\"summary_large_image\" \/>\n<meta name=\"twitter:label1\" content=\"Written by\" \/>\n\t<meta name=\"twitter:data1\" content=\"Frida Roijer\" \/>\n\t<meta name=\"twitter:label2\" content=\"Est. reading time\" \/>\n\t<meta name=\"twitter:data2\" content=\"2 minutes\" \/>\n<script type=\"application\/ld+json\" class=\"yoast-schema-graph\">{\"@context\":\"https:\\\/\\\/schema.org\",\"@graph\":[{\"@type\":\"Article\",\"@id\":\"https:\\\/\\\/fojab.se\\\/aktuellt\\\/gjuteriet-nominerat-till-malmo-stads-pris-grona-lansen\\\/#article\",\"isPartOf\":{\"@id\":\"https:\\\/\\\/fojab.se\\\/aktuellt\\\/gjuteriet-nominerat-till-malmo-stads-pris-grona-lansen\\\/\"},\"author\":{\"name\":\"Frida Roijer\",\"@id\":\"https:\\\/\\\/fojab.se\\\/#\\\/schema\\\/person\\\/54707f9ec80683b444c021e58fc3b87b\"},\"headline\":\"Gjuteriet nominerat till Malm\u00f6 stads pris Gr\u00f6na Lansen\",\"datePublished\":\"2019-09-02T13:10:01+00:00\",\"dateModified\":\"2023-01-29T13:05:23+00:00\",\"mainEntityOfPage\":{\"@id\":\"https:\\\/\\\/fojab.se\\\/aktuellt\\\/gjuteriet-nominerat-till-malmo-stads-pris-grona-lansen\\\/\"},\"wordCount\":445,\"image\":{\"@id\":\"https:\\\/\\\/fojab.se\\\/aktuellt\\\/gjuteriet-nominerat-till-malmo-stads-pris-grona-lansen\\\/#primaryimage\"},\"thumbnailUrl\":\"https:\\\/\\\/media1.fojab.se\\\/2019\\\/09\\\/06114.jpg\",\"inLanguage\":\"en-US\"},{\"@type\":\"WebPage\",\"@id\":\"https:\\\/\\\/fojab.se\\\/aktuellt\\\/gjuteriet-nominerat-till-malmo-stads-pris-grona-lansen\\\/\",\"url\":\"https:\\\/\\\/fojab.se\\\/aktuellt\\\/gjuteriet-nominerat-till-malmo-stads-pris-grona-lansen\\\/\",\"name\":\"Gjuteriet nominerat till Malm\u00f6 stads pris Gr\u00f6na Lansen | FOJAB\",\"isPartOf\":{\"@id\":\"https:\\\/\\\/fojab.se\\\/#website\"},\"primaryImageOfPage\":{\"@id\":\"https:\\\/\\\/fojab.se\\\/aktuellt\\\/gjuteriet-nominerat-till-malmo-stads-pris-grona-lansen\\\/#primaryimage\"},\"image\":{\"@id\":\"https:\\\/\\\/fojab.se\\\/aktuellt\\\/gjuteriet-nominerat-till-malmo-stads-pris-grona-lansen\\\/#primaryimage\"},\"thumbnailUrl\":\"https:\\\/\\\/media1.fojab.se\\\/2019\\\/09\\\/06114.jpg\",\"datePublished\":\"2019-09-02T13:10:01+00:00\",\"dateModified\":\"2023-01-29T13:05:23+00:00\",\"author\":{\"@id\":\"https:\\\/\\\/fojab.se\\\/#\\\/schema\\\/person\\\/54707f9ec80683b444c021e58fc3b87b\"},\"breadcrumb\":{\"@id\":\"https:\\\/\\\/fojab.se\\\/aktuellt\\\/gjuteriet-nominerat-till-malmo-stads-pris-grona-lansen\\\/#breadcrumb\"},\"inLanguage\":\"en-US\",\"potentialAction\":[{\"@type\":\"ReadAction\",\"target\":[\"https:\\\/\\\/fojab.se\\\/aktuellt\\\/gjuteriet-nominerat-till-malmo-stads-pris-grona-lansen\\\/\"]}]},{\"@type\":\"ImageObject\",\"inLanguage\":\"en-US\",\"@id\":\"https:\\\/\\\/fojab.se\\\/aktuellt\\\/gjuteriet-nominerat-till-malmo-stads-pris-grona-lansen\\\/#primaryimage\",\"url\":\"https:\\\/\\\/media1.fojab.se\\\/2019\\\/09\\\/06114.jpg\",\"contentUrl\":\"https:\\\/\\\/media1.fojab.se\\\/2019\\\/09\\\/06114.jpg\",\"width\":4000,\"height\":1963},{\"@type\":\"BreadcrumbList\",\"@id\":\"https:\\\/\\\/fojab.se\\\/aktuellt\\\/gjuteriet-nominerat-till-malmo-stads-pris-grona-lansen\\\/#breadcrumb\",\"itemListElement\":[{\"@type\":\"ListItem\",\"position\":1,\"name\":\"Hem\",\"item\":\"https:\\\/\\\/fojab.se\\\/\"},{\"@type\":\"ListItem\",\"position\":2,\"name\":\"Gjuteriet nominerat till Malm\u00f6 stads pris Gr\u00f6na Lansen\"}]},{\"@type\":\"WebSite\",\"@id\":\"https:\\\/\\\/fojab.se\\\/#website\",\"url\":\"https:\\\/\\\/fojab.se\\\/\",\"name\":\"FOJAB\",\"description\":\"\",\"potentialAction\":[{\"@type\":\"SearchAction\",\"target\":{\"@type\":\"EntryPoint\",\"urlTemplate\":\"https:\\\/\\\/fojab.se\\\/?s={search_term_string}\"},\"query-input\":{\"@type\":\"PropertyValueSpecification\",\"valueRequired\":true,\"valueName\":\"search_term_string\"}}],\"inLanguage\":\"en-US\"},{\"@type\":\"Person\",\"@id\":\"https:\\\/\\\/fojab.se\\\/#\\\/schema\\\/person\\\/54707f9ec80683b444c021e58fc3b87b\",\"name\":\"Frida Roijer\",\"image\":{\"@type\":\"ImageObject\",\"inLanguage\":\"en-US\",\"@id\":\"https:\\\/\\\/secure.gravatar.com\\\/avatar\\\/73fc92bb137edd2c9c6b8c33107eb69f59aacacfaee9868d7f812a97a93b9d9a?s=96&d=mm&r=g\",\"url\":\"https:\\\/\\\/secure.gravatar.com\\\/avatar\\\/73fc92bb137edd2c9c6b8c33107eb69f59aacacfaee9868d7f812a97a93b9d9a?s=96&d=mm&r=g\",\"contentUrl\":\"https:\\\/\\\/secure.gravatar.com\\\/avatar\\\/73fc92bb137edd2c9c6b8c33107eb69f59aacacfaee9868d7f812a97a93b9d9a?s=96&d=mm&r=g\",\"caption\":\"Frida Roijer\"},\"url\":\"https:\\\/\\\/fojab.se\\\/en\\\/aktuellt\\\/author\\\/frida-roijer\\\/\"}]}<\/script>\n<!-- \/ Yoast SEO plugin. -->","yoast_head_json":{"title":"Gjuteriet nominated for the City of Malm\u00f6's Green Lance award | FOJAB","robots":{"index":"index","follow":"follow","max-snippet":"max-snippet:-1","max-image-preview":"max-image-preview:large","max-video-preview":"max-video-preview:-1"},"canonical":"https:\/\/fojab.se\/en\/topical\/gjuteriet-nominated-for-the-city-of-malmos-grona-lansen-award\/","og_locale":"en_US","og_type":"article","og_title":"Gjuteriet nominerat till Malm\u00f6 stads pris Gr\u00f6na Lansen | FOJAB","og_description":"Varje \u00e5r delar Malm\u00f6 stad ut priset Gr\u00f6na Lansen f\u00f6r h\u00e5llbart byggande. Gjuteriet \u00e4r ett av tre nominerade projekt och bakom b\u00e5de gestaltning och projektering st\u00e5r FOJAB.\u00a0 Gjuteriet \u00e4r milj\u00f6smarta hyresbost\u00e4der i Limhamns l\u00e4ge som \u00e4gs av fastighetsbolaget Vita \u00d6rn. Projektet best\u00e5r av tre byggnader kring en upph\u00f6jd gemensam innerg\u00e5rd, som blickar ut \u00f6ver en [&hellip;]","og_url":"https:\/\/fojab.se\/en\/topical\/gjuteriet-nominated-for-the-city-of-malmos-grona-lansen-award\/","og_site_name":"FOJAB","article_published_time":"2019-09-02T13:10:01+00:00","article_modified_time":"2023-01-29T13:05:23+00:00","og_image":[{"width":2001,"height":982,"url":"https:\/\/media1.fojab.se\/2019\/09\/06114-2001x982.jpg","type":"image\/jpeg"}],"author":"Frida Roijer","twitter_card":"summary_large_image","twitter_misc":{"Written by":"Frida Roijer","Est. reading time":"2 minutes"},"schema":{"@context":"https:\/\/schema.org","@graph":[{"@type":"Article","@id":"https:\/\/fojab.se\/aktuellt\/gjuteriet-nominerat-till-malmo-stads-pris-grona-lansen\/#article","isPartOf":{"@id":"https:\/\/fojab.se\/aktuellt\/gjuteriet-nominerat-till-malmo-stads-pris-grona-lansen\/"},"author":{"name":"Frida Roijer","@id":"https:\/\/fojab.se\/#\/schema\/person\/54707f9ec80683b444c021e58fc3b87b"},"headline":"Gjuteriet nominerat till Malm\u00f6 stads pris Gr\u00f6na Lansen","datePublished":"2019-09-02T13:10:01+00:00","dateModified":"2023-01-29T13:05:23+00:00","mainEntityOfPage":{"@id":"https:\/\/fojab.se\/aktuellt\/gjuteriet-nominerat-till-malmo-stads-pris-grona-lansen\/"},"wordCount":445,"image":{"@id":"https:\/\/fojab.se\/aktuellt\/gjuteriet-nominerat-till-malmo-stads-pris-grona-lansen\/#primaryimage"},"thumbnailUrl":"https:\/\/media1.fojab.se\/2019\/09\/06114.jpg","inLanguage":"en-US"},{"@type":"WebPage","@id":"https:\/\/fojab.se\/aktuellt\/gjuteriet-nominerat-till-malmo-stads-pris-grona-lansen\/","url":"https:\/\/fojab.se\/aktuellt\/gjuteriet-nominerat-till-malmo-stads-pris-grona-lansen\/","name":"Gjuteriet nominated for the City of Malm\u00f6's Green Lance award | FOJAB","isPartOf":{"@id":"https:\/\/fojab.se\/#website"},"primaryImageOfPage":{"@id":"https:\/\/fojab.se\/aktuellt\/gjuteriet-nominerat-till-malmo-stads-pris-grona-lansen\/#primaryimage"},"image":{"@id":"https:\/\/fojab.se\/aktuellt\/gjuteriet-nominerat-till-malmo-stads-pris-grona-lansen\/#primaryimage"},"thumbnailUrl":"https:\/\/media1.fojab.se\/2019\/09\/06114.jpg","datePublished":"2019-09-02T13:10:01+00:00","dateModified":"2023-01-29T13:05:23+00:00","author":{"@id":"https:\/\/fojab.se\/#\/schema\/person\/54707f9ec80683b444c021e58fc3b87b"},"breadcrumb":{"@id":"https:\/\/fojab.se\/aktuellt\/gjuteriet-nominerat-till-malmo-stads-pris-grona-lansen\/#breadcrumb"},"inLanguage":"en-US","potentialAction":[{"@type":"ReadAction","target":["https:\/\/fojab.se\/aktuellt\/gjuteriet-nominerat-till-malmo-stads-pris-grona-lansen\/"]}]},{"@type":"ImageObject","inLanguage":"en-US","@id":"https:\/\/fojab.se\/aktuellt\/gjuteriet-nominerat-till-malmo-stads-pris-grona-lansen\/#primaryimage","url":"https:\/\/media1.fojab.se\/2019\/09\/06114.jpg","contentUrl":"https:\/\/media1.fojab.se\/2019\/09\/06114.jpg","width":4000,"height":1963},{"@type":"BreadcrumbList","@id":"https:\/\/fojab.se\/aktuellt\/gjuteriet-nominerat-till-malmo-stads-pris-grona-lansen\/#breadcrumb","itemListElement":[{"@type":"ListItem","position":1,"name":"Hem","item":"https:\/\/fojab.se\/"},{"@type":"ListItem","position":2,"name":"Gjuteriet nominerat till Malm\u00f6 stads pris Gr\u00f6na Lansen"}]},{"@type":"WebSite","@id":"https:\/\/fojab.se\/#website","url":"https:\/\/fojab.se\/","name":"FOJAB","description":"","potentialAction":[{"@type":"SearchAction","target":{"@type":"EntryPoint","urlTemplate":"https:\/\/fojab.se\/?s={search_term_string}"},"query-input":{"@type":"PropertyValueSpecification","valueRequired":true,"valueName":"search_term_string"}}],"inLanguage":"en-US"},{"@type":"Person","@id":"https:\/\/fojab.se\/#\/schema\/person\/54707f9ec80683b444c021e58fc3b87b","name":"Frida Roijer","image":{"@type":"ImageObject","inLanguage":"en-US","@id":"https:\/\/secure.gravatar.com\/avatar\/73fc92bb137edd2c9c6b8c33107eb69f59aacacfaee9868d7f812a97a93b9d9a?s=96&d=mm&r=g","url":"https:\/\/secure.gravatar.com\/avatar\/73fc92bb137edd2c9c6b8c33107eb69f59aacacfaee9868d7f812a97a93b9d9a?s=96&d=mm&r=g","contentUrl":"https:\/\/secure.gravatar.com\/avatar\/73fc92bb137edd2c9c6b8c33107eb69f59aacacfaee9868d7f812a97a93b9d9a?s=96&d=mm&r=g","caption":"Frida Roijer"},"url":"https:\/\/fojab.se\/en\/aktuellt\/author\/frida-roijer\/"}]}},"_links":{"self":[{"href":"https:\/\/fojab.se\/en\/wp-json\/wp\/v2\/posts\/3873","targetHints":{"allow":["GET"]}}],"collection":[{"href":"https:\/\/fojab.se\/en\/wp-json\/wp\/v2\/posts"}],"about":[{"href":"https:\/\/fojab.se\/en\/wp-json\/wp\/v2\/types\/post"}],"author":[{"embeddable":true,"href":"https:\/\/fojab.se\/en\/wp-json\/wp\/v2\/users\/13"}],"replies":[{"embeddable":true,"href":"https:\/\/fojab.se\/en\/wp-json\/wp\/v2\/comments?post=3873"}],"version-history":[{"count":4,"href":"https:\/\/fojab.se\/en\/wp-json\/wp\/v2\/posts\/3873\/revisions"}],"predecessor-version":[{"id":10175,"href":"https:\/\/fojab.se\/en\/wp-json\/wp\/v2\/posts\/3873\/revisions\/10175"}],"wp:featuredmedia":[{"embeddable":true,"href":"https:\/\/fojab.se\/en\/wp-json\/wp\/v2\/media\/3939"}],"wp:attachment":[{"href":"https:\/\/fojab.se\/en\/wp-json\/wp\/v2\/media?parent=3873"}],"wp:term":[{"taxonomy":"category","embeddable":true,"href":"https:\/\/fojab.se\/en\/wp-json\/wp\/v2\/categories?post=3873"},{"taxonomy":"post_tag","embeddable":true,"href":"https:\/\/fojab.se\/en\/wp-json\/wp\/v2\/tags?post=3873"}],"curies":[{"name":"wp","href":"https:\/\/api.w.org\/{rel}","templated":true}]}}