{"id":3212,"date":"2019-02-12T12:27:37","date_gmt":"2019-02-12T11:27:37","guid":{"rendered":"https:\/\/fojab.se\/?p=3212"},"modified":"2020-01-24T16:35:12","modified_gmt":"2020-01-24T15:35:12","slug":"fojab-strengthens-with-two-experienced-architects-with-a-focus-on-urban-development","status":"publish","type":"post","link":"https:\/\/fojab.se\/en\/topical\/fojab-strengthens-with-two-experienced-architects-with-a-focus-on-urban-development\/","title":{"rendered":"FOJAB strengthens with two experienced architects with a focus on urban development"},"content":{"rendered":"<p><strong>FOJAB is recruiting architects Emma Pihl and \u00c5sa Samuelsson, who both have extensive experience in urban planning and research and development projects.<\/strong><\/p>\n<p>Emma Pihl is a planning architect with extensive experience in all aspects of spatial planning and urban development. She has a special focus on general planning and early stages. \u00c5sa Samuelsson is an architect with a special focus on early building and planning stages. She specializes in dialogue and social sustainability. Since 2016, \u00c5sa and Emma have been running Equalizer, a research project on innovative and equal urban environments, together with Malm\u00f6 University, Lund University, Malm\u00f6 City and Lund Municipality.<\/p>\n<p>- We are very happy that Emma Pihl and \u00c5sa Samuelsson are joining us. They both have a solid and exciting background. The reinforcement is completely in line with our strategic decision to continue investing in urban planning, which is already a significant part of our business,\" says Daniel Nord, CEO of FOJAB.<\/p>\n<p>Emma and \u00c5sa come from Nyr\u00e9ns arkitektkontor and will take up their new positions at FOJAB on March 1.<\/p>\n<p>- We look forward to developing further in what we are passionate about together with so many new and interesting colleagues at FOJAB,\" \u00c5sa Samuelsson and Emma Pihl conclude.<\/p>\n<p>&nbsp;<\/p>\n<p><strong>For further information:<\/strong><br \/>\nDaniel Nord<br \/>\n<a href=\"mailto:daniel.nord@fojab.se\">daniel.nord@fojab.se<\/a><br \/>\n+46 706 - 87 88 82<\/p>\n<p><strong>Press:<\/strong><br \/>\nEmma Sch\u00f6\u00f6n<br \/>\n<a href=\"mailto:emma.schoon@fojab.se\">emma.schoon@<wbr \/>fojab.se<\/a><br \/>\n+46 702 - 49 11 57<\/p>","protected":false},"excerpt":{"rendered":"<p>FOJAB rekryterar arkitekterna Emma Pihl och \u00c5sa Samuelsson, som b\u00e5da har l\u00e5ng erfarenhet av s\u00e5v\u00e4l stadsbyggnad som forsknings- och utvecklingsprojekt. Emma Pihl \u00e4r planeringsarkitekt med stor erfarenhet fr\u00e5n alla delar inom samh\u00e4llsplanering och stadsbyggnad. Hon har s\u00e4rskilt fokus p\u00e5 \u00f6versiktlig planering och tidiga skeden. \u00c5sa Samuelsson \u00e4r arkitekt med s\u00e4rskilt fokus p\u00e5 tidiga hus- och [&hellip;]<\/p>\n","protected":false},"author":13,"featured_media":3213,"comment_status":"closed","ping_status":"open","sticky":false,"template":"","format":"standard","meta":{"_monsterinsights_skip_tracking":false,"_monsterinsights_sitenote_active":false,"_monsterinsights_sitenote_note":"","_monsterinsights_sitenote_category":0,"footnotes":""},"categories":[1],"tags":[],"class_list":["post-3212","post","type-post","status-publish","format-standard","has-post-thumbnail","hentry","category-uncategorized"],"acf":[],"yoast_head":"<!-- This site is optimized with the Yoast SEO plugin v27.5 - https:\/\/yoast.com\/product\/yoast-seo-wordpress\/ -->\n<title>FOJAB f\u00f6rst\u00e4rker med tv\u00e5 erfarna arkitekter med fokus p\u00e5 stadsbyggnad | FOJAB<\/title>\n<meta name=\"robots\" content=\"index, follow, max-snippet:-1, max-image-preview:large, max-video-preview:-1\" \/>\n<link rel=\"canonical\" href=\"https:\/\/fojab.se\/en\/topical\/fojab-strengthens-with-two-experienced-architects-with-a-focus-on-urban-development\/\" \/>\n<meta property=\"og:locale\" content=\"en_US\" \/>\n<meta property=\"og:type\" content=\"article\" \/>\n<meta property=\"og:title\" content=\"FOJAB f\u00f6rst\u00e4rker med tv\u00e5 erfarna arkitekter med fokus p\u00e5 stadsbyggnad | FOJAB\" \/>\n<meta property=\"og:description\" content=\"FOJAB rekryterar arkitekterna Emma Pihl och \u00c5sa Samuelsson, som b\u00e5da har l\u00e5ng erfarenhet av s\u00e5v\u00e4l stadsbyggnad som forsknings- och utvecklingsprojekt. Emma Pihl \u00e4r planeringsarkitekt med stor erfarenhet fr\u00e5n alla delar inom samh\u00e4llsplanering och stadsbyggnad. Hon har s\u00e4rskilt fokus p\u00e5 \u00f6versiktlig planering och tidiga skeden. \u00c5sa Samuelsson \u00e4r arkitekt med s\u00e4rskilt fokus p\u00e5 tidiga hus- och [&hellip;]\" \/>\n<meta property=\"og:url\" content=\"https:\/\/fojab.se\/en\/topical\/fojab-strengthens-with-two-experienced-architects-with-a-focus-on-urban-development\/\" \/>\n<meta property=\"og:site_name\" content=\"FOJAB\" \/>\n<meta property=\"article:published_time\" content=\"2019-02-12T11:27:37+00:00\" \/>\n<meta property=\"article:modified_time\" content=\"2020-01-24T15:35:12+00:00\" \/>\n<meta property=\"og:image\" content=\"https:\/\/media1.fojab.se\/2019\/04\/DSC05088_sv-2001x1321.jpg\" \/>\n\t<meta property=\"og:image:width\" content=\"2001\" \/>\n\t<meta property=\"og:image:height\" content=\"1321\" \/>\n\t<meta property=\"og:image:type\" content=\"image\/jpeg\" \/>\n<meta name=\"author\" content=\"Frida Roijer\" \/>\n<meta name=\"twitter:card\" content=\"summary_large_image\" \/>\n<meta name=\"twitter:label1\" content=\"Written by\" \/>\n\t<meta name=\"twitter:data1\" content=\"Frida Roijer\" \/>\n\t<meta name=\"twitter:label2\" content=\"Est. reading time\" \/>\n\t<meta name=\"twitter:data2\" content=\"1 minute\" \/>\n<script type=\"application\/ld+json\" class=\"yoast-schema-graph\">{\"@context\":\"https:\\\/\\\/schema.org\",\"@graph\":[{\"@type\":\"Article\",\"@id\":\"https:\\\/\\\/fojab.se\\\/aktuellt\\\/fojab-forstarker-med-tva-erfarna-arkitekter-med-fokus-pa-stadsbyggnad\\\/#article\",\"isPartOf\":{\"@id\":\"https:\\\/\\\/fojab.se\\\/aktuellt\\\/fojab-forstarker-med-tva-erfarna-arkitekter-med-fokus-pa-stadsbyggnad\\\/\"},\"author\":{\"name\":\"Frida Roijer\",\"@id\":\"https:\\\/\\\/fojab.se\\\/#\\\/schema\\\/person\\\/54707f9ec80683b444c021e58fc3b87b\"},\"headline\":\"FOJAB f\u00f6rst\u00e4rker med tv\u00e5 erfarna arkitekter med fokus p\u00e5 stadsbyggnad\",\"datePublished\":\"2019-02-12T11:27:37+00:00\",\"dateModified\":\"2020-01-24T15:35:12+00:00\",\"mainEntityOfPage\":{\"@id\":\"https:\\\/\\\/fojab.se\\\/aktuellt\\\/fojab-forstarker-med-tva-erfarna-arkitekter-med-fokus-pa-stadsbyggnad\\\/\"},\"wordCount\":245,\"image\":{\"@id\":\"https:\\\/\\\/fojab.se\\\/aktuellt\\\/fojab-forstarker-med-tva-erfarna-arkitekter-med-fokus-pa-stadsbyggnad\\\/#primaryimage\"},\"thumbnailUrl\":\"https:\\\/\\\/media1.fojab.se\\\/2019\\\/04\\\/DSC05088_sv.jpg\",\"inLanguage\":\"en-US\"},{\"@type\":\"WebPage\",\"@id\":\"https:\\\/\\\/fojab.se\\\/aktuellt\\\/fojab-forstarker-med-tva-erfarna-arkitekter-med-fokus-pa-stadsbyggnad\\\/\",\"url\":\"https:\\\/\\\/fojab.se\\\/aktuellt\\\/fojab-forstarker-med-tva-erfarna-arkitekter-med-fokus-pa-stadsbyggnad\\\/\",\"name\":\"FOJAB f\u00f6rst\u00e4rker med tv\u00e5 erfarna arkitekter med fokus p\u00e5 stadsbyggnad | FOJAB\",\"isPartOf\":{\"@id\":\"https:\\\/\\\/fojab.se\\\/#website\"},\"primaryImageOfPage\":{\"@id\":\"https:\\\/\\\/fojab.se\\\/aktuellt\\\/fojab-forstarker-med-tva-erfarna-arkitekter-med-fokus-pa-stadsbyggnad\\\/#primaryimage\"},\"image\":{\"@id\":\"https:\\\/\\\/fojab.se\\\/aktuellt\\\/fojab-forstarker-med-tva-erfarna-arkitekter-med-fokus-pa-stadsbyggnad\\\/#primaryimage\"},\"thumbnailUrl\":\"https:\\\/\\\/media1.fojab.se\\\/2019\\\/04\\\/DSC05088_sv.jpg\",\"datePublished\":\"2019-02-12T11:27:37+00:00\",\"dateModified\":\"2020-01-24T15:35:12+00:00\",\"author\":{\"@id\":\"https:\\\/\\\/fojab.se\\\/#\\\/schema\\\/person\\\/54707f9ec80683b444c021e58fc3b87b\"},\"breadcrumb\":{\"@id\":\"https:\\\/\\\/fojab.se\\\/aktuellt\\\/fojab-forstarker-med-tva-erfarna-arkitekter-med-fokus-pa-stadsbyggnad\\\/#breadcrumb\"},\"inLanguage\":\"en-US\",\"potentialAction\":[{\"@type\":\"ReadAction\",\"target\":[\"https:\\\/\\\/fojab.se\\\/aktuellt\\\/fojab-forstarker-med-tva-erfarna-arkitekter-med-fokus-pa-stadsbyggnad\\\/\"]}]},{\"@type\":\"ImageObject\",\"inLanguage\":\"en-US\",\"@id\":\"https:\\\/\\\/fojab.se\\\/aktuellt\\\/fojab-forstarker-med-tva-erfarna-arkitekter-med-fokus-pa-stadsbyggnad\\\/#primaryimage\",\"url\":\"https:\\\/\\\/media1.fojab.se\\\/2019\\\/04\\\/DSC05088_sv.jpg\",\"contentUrl\":\"https:\\\/\\\/media1.fojab.se\\\/2019\\\/04\\\/DSC05088_sv.jpg\",\"width\":3744,\"height\":2472},{\"@type\":\"BreadcrumbList\",\"@id\":\"https:\\\/\\\/fojab.se\\\/aktuellt\\\/fojab-forstarker-med-tva-erfarna-arkitekter-med-fokus-pa-stadsbyggnad\\\/#breadcrumb\",\"itemListElement\":[{\"@type\":\"ListItem\",\"position\":1,\"name\":\"Hem\",\"item\":\"https:\\\/\\\/fojab.se\\\/\"},{\"@type\":\"ListItem\",\"position\":2,\"name\":\"FOJAB f\u00f6rst\u00e4rker med tv\u00e5 erfarna arkitekter med fokus p\u00e5 stadsbyggnad\"}]},{\"@type\":\"WebSite\",\"@id\":\"https:\\\/\\\/fojab.se\\\/#website\",\"url\":\"https:\\\/\\\/fojab.se\\\/\",\"name\":\"FOJAB\",\"description\":\"\",\"potentialAction\":[{\"@type\":\"SearchAction\",\"target\":{\"@type\":\"EntryPoint\",\"urlTemplate\":\"https:\\\/\\\/fojab.se\\\/?s={search_term_string}\"},\"query-input\":{\"@type\":\"PropertyValueSpecification\",\"valueRequired\":true,\"valueName\":\"search_term_string\"}}],\"inLanguage\":\"en-US\"},{\"@type\":\"Person\",\"@id\":\"https:\\\/\\\/fojab.se\\\/#\\\/schema\\\/person\\\/54707f9ec80683b444c021e58fc3b87b\",\"name\":\"Frida Roijer\",\"image\":{\"@type\":\"ImageObject\",\"inLanguage\":\"en-US\",\"@id\":\"https:\\\/\\\/secure.gravatar.com\\\/avatar\\\/73fc92bb137edd2c9c6b8c33107eb69f59aacacfaee9868d7f812a97a93b9d9a?s=96&d=mm&r=g\",\"url\":\"https:\\\/\\\/secure.gravatar.com\\\/avatar\\\/73fc92bb137edd2c9c6b8c33107eb69f59aacacfaee9868d7f812a97a93b9d9a?s=96&d=mm&r=g\",\"contentUrl\":\"https:\\\/\\\/secure.gravatar.com\\\/avatar\\\/73fc92bb137edd2c9c6b8c33107eb69f59aacacfaee9868d7f812a97a93b9d9a?s=96&d=mm&r=g\",\"caption\":\"Frida Roijer\"},\"url\":\"https:\\\/\\\/fojab.se\\\/en\\\/aktuellt\\\/author\\\/frida-roijer\\\/\"}]}<\/script>\n<!-- \/ Yoast SEO plugin. -->","yoast_head_json":{"title":"FOJAB adds two experienced architects with a focus on urban development | FOJAB","robots":{"index":"index","follow":"follow","max-snippet":"max-snippet:-1","max-image-preview":"max-image-preview:large","max-video-preview":"max-video-preview:-1"},"canonical":"https:\/\/fojab.se\/en\/topical\/fojab-strengthens-with-two-experienced-architects-with-a-focus-on-urban-development\/","og_locale":"en_US","og_type":"article","og_title":"FOJAB f\u00f6rst\u00e4rker med tv\u00e5 erfarna arkitekter med fokus p\u00e5 stadsbyggnad | FOJAB","og_description":"FOJAB rekryterar arkitekterna Emma Pihl och \u00c5sa Samuelsson, som b\u00e5da har l\u00e5ng erfarenhet av s\u00e5v\u00e4l stadsbyggnad som forsknings- och utvecklingsprojekt. Emma Pihl \u00e4r planeringsarkitekt med stor erfarenhet fr\u00e5n alla delar inom samh\u00e4llsplanering och stadsbyggnad. Hon har s\u00e4rskilt fokus p\u00e5 \u00f6versiktlig planering och tidiga skeden. \u00c5sa Samuelsson \u00e4r arkitekt med s\u00e4rskilt fokus p\u00e5 tidiga hus- och [&hellip;]","og_url":"https:\/\/fojab.se\/en\/topical\/fojab-strengthens-with-two-experienced-architects-with-a-focus-on-urban-development\/","og_site_name":"FOJAB","article_published_time":"2019-02-12T11:27:37+00:00","article_modified_time":"2020-01-24T15:35:12+00:00","og_image":[{"width":2001,"height":1321,"url":"https:\/\/media1.fojab.se\/2019\/04\/DSC05088_sv-2001x1321.jpg","type":"image\/jpeg"}],"author":"Frida Roijer","twitter_card":"summary_large_image","twitter_misc":{"Written by":"Frida Roijer","Est. reading time":"1 minute"},"schema":{"@context":"https:\/\/schema.org","@graph":[{"@type":"Article","@id":"https:\/\/fojab.se\/aktuellt\/fojab-forstarker-med-tva-erfarna-arkitekter-med-fokus-pa-stadsbyggnad\/#article","isPartOf":{"@id":"https:\/\/fojab.se\/aktuellt\/fojab-forstarker-med-tva-erfarna-arkitekter-med-fokus-pa-stadsbyggnad\/"},"author":{"name":"Frida Roijer","@id":"https:\/\/fojab.se\/#\/schema\/person\/54707f9ec80683b444c021e58fc3b87b"},"headline":"FOJAB f\u00f6rst\u00e4rker med tv\u00e5 erfarna arkitekter med fokus p\u00e5 stadsbyggnad","datePublished":"2019-02-12T11:27:37+00:00","dateModified":"2020-01-24T15:35:12+00:00","mainEntityOfPage":{"@id":"https:\/\/fojab.se\/aktuellt\/fojab-forstarker-med-tva-erfarna-arkitekter-med-fokus-pa-stadsbyggnad\/"},"wordCount":245,"image":{"@id":"https:\/\/fojab.se\/aktuellt\/fojab-forstarker-med-tva-erfarna-arkitekter-med-fokus-pa-stadsbyggnad\/#primaryimage"},"thumbnailUrl":"https:\/\/media1.fojab.se\/2019\/04\/DSC05088_sv.jpg","inLanguage":"en-US"},{"@type":"WebPage","@id":"https:\/\/fojab.se\/aktuellt\/fojab-forstarker-med-tva-erfarna-arkitekter-med-fokus-pa-stadsbyggnad\/","url":"https:\/\/fojab.se\/aktuellt\/fojab-forstarker-med-tva-erfarna-arkitekter-med-fokus-pa-stadsbyggnad\/","name":"FOJAB adds two experienced architects with a focus on urban development | FOJAB","isPartOf":{"@id":"https:\/\/fojab.se\/#website"},"primaryImageOfPage":{"@id":"https:\/\/fojab.se\/aktuellt\/fojab-forstarker-med-tva-erfarna-arkitekter-med-fokus-pa-stadsbyggnad\/#primaryimage"},"image":{"@id":"https:\/\/fojab.se\/aktuellt\/fojab-forstarker-med-tva-erfarna-arkitekter-med-fokus-pa-stadsbyggnad\/#primaryimage"},"thumbnailUrl":"https:\/\/media1.fojab.se\/2019\/04\/DSC05088_sv.jpg","datePublished":"2019-02-12T11:27:37+00:00","dateModified":"2020-01-24T15:35:12+00:00","author":{"@id":"https:\/\/fojab.se\/#\/schema\/person\/54707f9ec80683b444c021e58fc3b87b"},"breadcrumb":{"@id":"https:\/\/fojab.se\/aktuellt\/fojab-forstarker-med-tva-erfarna-arkitekter-med-fokus-pa-stadsbyggnad\/#breadcrumb"},"inLanguage":"en-US","potentialAction":[{"@type":"ReadAction","target":["https:\/\/fojab.se\/aktuellt\/fojab-forstarker-med-tva-erfarna-arkitekter-med-fokus-pa-stadsbyggnad\/"]}]},{"@type":"ImageObject","inLanguage":"en-US","@id":"https:\/\/fojab.se\/aktuellt\/fojab-forstarker-med-tva-erfarna-arkitekter-med-fokus-pa-stadsbyggnad\/#primaryimage","url":"https:\/\/media1.fojab.se\/2019\/04\/DSC05088_sv.jpg","contentUrl":"https:\/\/media1.fojab.se\/2019\/04\/DSC05088_sv.jpg","width":3744,"height":2472},{"@type":"BreadcrumbList","@id":"https:\/\/fojab.se\/aktuellt\/fojab-forstarker-med-tva-erfarna-arkitekter-med-fokus-pa-stadsbyggnad\/#breadcrumb","itemListElement":[{"@type":"ListItem","position":1,"name":"Hem","item":"https:\/\/fojab.se\/"},{"@type":"ListItem","position":2,"name":"FOJAB f\u00f6rst\u00e4rker med tv\u00e5 erfarna arkitekter med fokus p\u00e5 stadsbyggnad"}]},{"@type":"WebSite","@id":"https:\/\/fojab.se\/#website","url":"https:\/\/fojab.se\/","name":"FOJAB","description":"","potentialAction":[{"@type":"SearchAction","target":{"@type":"EntryPoint","urlTemplate":"https:\/\/fojab.se\/?s={search_term_string}"},"query-input":{"@type":"PropertyValueSpecification","valueRequired":true,"valueName":"search_term_string"}}],"inLanguage":"en-US"},{"@type":"Person","@id":"https:\/\/fojab.se\/#\/schema\/person\/54707f9ec80683b444c021e58fc3b87b","name":"Frida Roijer","image":{"@type":"ImageObject","inLanguage":"en-US","@id":"https:\/\/secure.gravatar.com\/avatar\/73fc92bb137edd2c9c6b8c33107eb69f59aacacfaee9868d7f812a97a93b9d9a?s=96&d=mm&r=g","url":"https:\/\/secure.gravatar.com\/avatar\/73fc92bb137edd2c9c6b8c33107eb69f59aacacfaee9868d7f812a97a93b9d9a?s=96&d=mm&r=g","contentUrl":"https:\/\/secure.gravatar.com\/avatar\/73fc92bb137edd2c9c6b8c33107eb69f59aacacfaee9868d7f812a97a93b9d9a?s=96&d=mm&r=g","caption":"Frida Roijer"},"url":"https:\/\/fojab.se\/en\/aktuellt\/author\/frida-roijer\/"}]}},"_links":{"self":[{"href":"https:\/\/fojab.se\/en\/wp-json\/wp\/v2\/posts\/3212","targetHints":{"allow":["GET"]}}],"collection":[{"href":"https:\/\/fojab.se\/en\/wp-json\/wp\/v2\/posts"}],"about":[{"href":"https:\/\/fojab.se\/en\/wp-json\/wp\/v2\/types\/post"}],"author":[{"embeddable":true,"href":"https:\/\/fojab.se\/en\/wp-json\/wp\/v2\/users\/13"}],"replies":[{"embeddable":true,"href":"https:\/\/fojab.se\/en\/wp-json\/wp\/v2\/comments?post=3212"}],"version-history":[{"count":8,"href":"https:\/\/fojab.se\/en\/wp-json\/wp\/v2\/posts\/3212\/revisions"}],"predecessor-version":[{"id":4947,"href":"https:\/\/fojab.se\/en\/wp-json\/wp\/v2\/posts\/3212\/revisions\/4947"}],"wp:featuredmedia":[{"embeddable":true,"href":"https:\/\/fojab.se\/en\/wp-json\/wp\/v2\/media\/3213"}],"wp:attachment":[{"href":"https:\/\/fojab.se\/en\/wp-json\/wp\/v2\/media?parent=3212"}],"wp:term":[{"taxonomy":"category","embeddable":true,"href":"https:\/\/fojab.se\/en\/wp-json\/wp\/v2\/categories?post=3212"},{"taxonomy":"post_tag","embeddable":true,"href":"https:\/\/fojab.se\/en\/wp-json\/wp\/v2\/tags?post=3212"}],"curies":[{"name":"wp","href":"https:\/\/api.w.org\/{rel}","templated":true}]}}