{"id":3208,"date":"2019-02-05T12:22:09","date_gmt":"2019-02-05T11:22:09","guid":{"rendered":"https:\/\/fojab.se\/?p=3208"},"modified":"2020-12-02T13:47:31","modified_gmt":"2020-12-02T11:47:31","slug":"axis-headquarters-new-landmark-in-lund","status":"publish","type":"post","link":"https:\/\/fojab.se\/en\/topical\/axis-headquarters-new-landmark-in-lund\/","title":{"rendered":"Axis office - new landmark in Lund, Sweden"},"content":{"rendered":"<p><strong>For several years, work has been underway to create Axis' new office and now it is almost time to move in. The office consists of an office block that is designed according to the needs and wishes of the knowledge companies of the future.<\/strong><\/p>\n<div class=\"clearfix\">\n<p>Axis' new office in Lund will be the face of the company and consists of a continuous building that is divided into several building bodies of varying heights that interact with each other. The main entrance is located in the corner of the block facing the Ideon area and inside there is a large, bright common entrance square with space for exhibitions, meetings and mingling. A generous staircase leads to the Axis restaurant and further up to the common, green courtyard. The crowning glory is a skylounge and a spacious roof terrace with a 360-degree view of the Scanian landscape.<\/p>\n<p>- \"We wanted to create a profile building for Axis with an identity and strong character, which at the same time contributes to the city's diversity and social sustainability,\" says Andreas Blomberg, responsible architect at FOJAB.<\/p>\n<p>The fa\u00e7ade consists of a heavy natural stone-clad base with lightweight glass facades with white, angled slats on top. Once inside the building, visitors and employees are greeted by light, which is a recurring theme, while local, natural materials such as limestone and wood provide a warm and cozy feel. The office spaces are tailored to Axis' needs with both traditional cellular offices and open plan offices with plenty of light.<\/p>\n<p>The block is part of the city planning office's objective to transform the Ideon area in Lund into a city with clear blocks and sunny meeting places for everyone who works, researches or visits Ideon.<\/p>\n<p>- \"What is being built now at Axis, but also at Medicon Village, is definitely a new chapter in the history of Ideon,\" says Marcus Horning, Director of Urban Development.<\/p>\n<p>Axis takes care of its employees in many ways. In addition to an attractive work environment, each employee has their own Axis bike, which can be ridden straight down to a garage with shower and changing rooms, and a gym with a glass roof that connects the gym to the common areas above.<\/p>\n<p>- The idea is for the office to feel a bit like a home at work, with plenty of areas for employees to meet and socialize,\" says Andreas Jentsch, supervising architect, FOJAB.<\/p>\n<\/div>\n<p>&nbsp;<\/p>\n<p><strong>For further information:<\/strong><br \/>\nAndreas Jentsch<br \/>\n<a href=\"mailto:andreas.blomberg@fojab.se\">andreas.blomberg@fojab.se<\/a><\/p>","protected":false},"excerpt":{"rendered":"<p>Under flera \u00e5r har arbetet p\u00e5g\u00e5tt med att skapa Axis nya kontor och nu \u00e4r det snart dags f\u00f6r inflyttning. Kontoret best\u00e5r av ett kontorskvarter som \u00e4r utformat efter framtidens kunskapsf\u00f6retags behov och \u00f6nskem\u00e5l. Axis nya kontor i Lund blir f\u00f6retagets ansikte ut\u00e5t och best\u00e5r av en sammanh\u00e4ngande byggnad som \u00e4r uppdelad i flera byggnadskroppar [&hellip;]<\/p>\n","protected":false},"author":13,"featured_media":3209,"comment_status":"closed","ping_status":"open","sticky":false,"template":"","format":"standard","meta":{"_monsterinsights_skip_tracking":false,"_monsterinsights_sitenote_active":false,"_monsterinsights_sitenote_note":"","_monsterinsights_sitenote_category":0,"footnotes":""},"categories":[1],"tags":[],"class_list":["post-3208","post","type-post","status-publish","format-standard","has-post-thumbnail","hentry","category-uncategorized"],"acf":[],"yoast_head":"<!-- This site is optimized with the Yoast SEO plugin v27.5 - https:\/\/yoast.com\/product\/yoast-seo-wordpress\/ -->\n<title>Axis kontor \u2013 nytt landm\u00e4rke i Lund | FOJAB<\/title>\n<meta name=\"robots\" content=\"index, follow, max-snippet:-1, max-image-preview:large, max-video-preview:-1\" \/>\n<link rel=\"canonical\" href=\"https:\/\/fojab.se\/en\/topical\/axis-headquarters-new-landmark-in-lund\/\" \/>\n<meta property=\"og:locale\" content=\"en_US\" \/>\n<meta property=\"og:type\" content=\"article\" \/>\n<meta property=\"og:title\" content=\"Axis kontor \u2013 nytt landm\u00e4rke i Lund | FOJAB\" \/>\n<meta property=\"og:description\" content=\"Under flera \u00e5r har arbetet p\u00e5g\u00e5tt med att skapa Axis nya kontor och nu \u00e4r det snart dags f\u00f6r inflyttning. Kontoret best\u00e5r av ett kontorskvarter som \u00e4r utformat efter framtidens kunskapsf\u00f6retags behov och \u00f6nskem\u00e5l. Axis nya kontor i Lund blir f\u00f6retagets ansikte ut\u00e5t och best\u00e5r av en sammanh\u00e4ngande byggnad som \u00e4r uppdelad i flera byggnadskroppar [&hellip;]\" \/>\n<meta property=\"og:url\" content=\"https:\/\/fojab.se\/en\/topical\/axis-headquarters-new-landmark-in-lund\/\" \/>\n<meta property=\"og:site_name\" content=\"FOJAB\" \/>\n<meta property=\"article:published_time\" content=\"2019-02-05T11:22:09+00:00\" \/>\n<meta property=\"article:modified_time\" content=\"2020-12-02T11:47:31+00:00\" \/>\n<meta property=\"og:image\" content=\"https:\/\/media1.fojab.se\/2019\/04\/fojab_stockholmsledet_14557045321.jpg\" \/>\n\t<meta property=\"og:image:width\" content=\"1000\" \/>\n\t<meta property=\"og:image:height\" content=\"740\" \/>\n\t<meta property=\"og:image:type\" content=\"image\/jpeg\" \/>\n<meta name=\"author\" content=\"Frida Roijer\" \/>\n<meta name=\"twitter:card\" content=\"summary_large_image\" \/>\n<meta name=\"twitter:label1\" content=\"Written by\" \/>\n\t<meta name=\"twitter:data1\" content=\"Frida Roijer\" \/>\n\t<meta name=\"twitter:label2\" content=\"Est. reading time\" \/>\n\t<meta name=\"twitter:data2\" content=\"2 minutes\" \/>\n<script type=\"application\/ld+json\" class=\"yoast-schema-graph\">{\"@context\":\"https:\\\/\\\/schema.org\",\"@graph\":[{\"@type\":\"Article\",\"@id\":\"https:\\\/\\\/fojab.se\\\/aktuellt\\\/axis-huvudkontor-nytt-landmarke-i-lund\\\/#article\",\"isPartOf\":{\"@id\":\"https:\\\/\\\/fojab.se\\\/aktuellt\\\/axis-huvudkontor-nytt-landmarke-i-lund\\\/\"},\"author\":{\"name\":\"Frida Roijer\",\"@id\":\"https:\\\/\\\/fojab.se\\\/#\\\/schema\\\/person\\\/54707f9ec80683b444c021e58fc3b87b\"},\"headline\":\"Axis kontor \u2013 nytt landm\u00e4rke i Lund\",\"datePublished\":\"2019-02-05T11:22:09+00:00\",\"dateModified\":\"2020-12-02T11:47:31+00:00\",\"mainEntityOfPage\":{\"@id\":\"https:\\\/\\\/fojab.se\\\/aktuellt\\\/axis-huvudkontor-nytt-landmarke-i-lund\\\/\"},\"wordCount\":424,\"image\":{\"@id\":\"https:\\\/\\\/fojab.se\\\/aktuellt\\\/axis-huvudkontor-nytt-landmarke-i-lund\\\/#primaryimage\"},\"thumbnailUrl\":\"https:\\\/\\\/media1.fojab.se\\\/2019\\\/04\\\/fojab_stockholmsledet_14557045321.jpg\",\"inLanguage\":\"en-US\"},{\"@type\":\"WebPage\",\"@id\":\"https:\\\/\\\/fojab.se\\\/aktuellt\\\/axis-huvudkontor-nytt-landmarke-i-lund\\\/\",\"url\":\"https:\\\/\\\/fojab.se\\\/aktuellt\\\/axis-huvudkontor-nytt-landmarke-i-lund\\\/\",\"name\":\"Axis kontor \u2013 nytt landm\u00e4rke i Lund | FOJAB\",\"isPartOf\":{\"@id\":\"https:\\\/\\\/fojab.se\\\/#website\"},\"primaryImageOfPage\":{\"@id\":\"https:\\\/\\\/fojab.se\\\/aktuellt\\\/axis-huvudkontor-nytt-landmarke-i-lund\\\/#primaryimage\"},\"image\":{\"@id\":\"https:\\\/\\\/fojab.se\\\/aktuellt\\\/axis-huvudkontor-nytt-landmarke-i-lund\\\/#primaryimage\"},\"thumbnailUrl\":\"https:\\\/\\\/media1.fojab.se\\\/2019\\\/04\\\/fojab_stockholmsledet_14557045321.jpg\",\"datePublished\":\"2019-02-05T11:22:09+00:00\",\"dateModified\":\"2020-12-02T11:47:31+00:00\",\"author\":{\"@id\":\"https:\\\/\\\/fojab.se\\\/#\\\/schema\\\/person\\\/54707f9ec80683b444c021e58fc3b87b\"},\"breadcrumb\":{\"@id\":\"https:\\\/\\\/fojab.se\\\/aktuellt\\\/axis-huvudkontor-nytt-landmarke-i-lund\\\/#breadcrumb\"},\"inLanguage\":\"en-US\",\"potentialAction\":[{\"@type\":\"ReadAction\",\"target\":[\"https:\\\/\\\/fojab.se\\\/aktuellt\\\/axis-huvudkontor-nytt-landmarke-i-lund\\\/\"]}]},{\"@type\":\"ImageObject\",\"inLanguage\":\"en-US\",\"@id\":\"https:\\\/\\\/fojab.se\\\/aktuellt\\\/axis-huvudkontor-nytt-landmarke-i-lund\\\/#primaryimage\",\"url\":\"https:\\\/\\\/media1.fojab.se\\\/2019\\\/04\\\/fojab_stockholmsledet_14557045321.jpg\",\"contentUrl\":\"https:\\\/\\\/media1.fojab.se\\\/2019\\\/04\\\/fojab_stockholmsledet_14557045321.jpg\",\"width\":1000,\"height\":740},{\"@type\":\"BreadcrumbList\",\"@id\":\"https:\\\/\\\/fojab.se\\\/aktuellt\\\/axis-huvudkontor-nytt-landmarke-i-lund\\\/#breadcrumb\",\"itemListElement\":[{\"@type\":\"ListItem\",\"position\":1,\"name\":\"Hem\",\"item\":\"https:\\\/\\\/fojab.se\\\/\"},{\"@type\":\"ListItem\",\"position\":2,\"name\":\"Axis kontor \u2013 nytt landm\u00e4rke i Lund\"}]},{\"@type\":\"WebSite\",\"@id\":\"https:\\\/\\\/fojab.se\\\/#website\",\"url\":\"https:\\\/\\\/fojab.se\\\/\",\"name\":\"FOJAB\",\"description\":\"\",\"potentialAction\":[{\"@type\":\"SearchAction\",\"target\":{\"@type\":\"EntryPoint\",\"urlTemplate\":\"https:\\\/\\\/fojab.se\\\/?s={search_term_string}\"},\"query-input\":{\"@type\":\"PropertyValueSpecification\",\"valueRequired\":true,\"valueName\":\"search_term_string\"}}],\"inLanguage\":\"en-US\"},{\"@type\":\"Person\",\"@id\":\"https:\\\/\\\/fojab.se\\\/#\\\/schema\\\/person\\\/54707f9ec80683b444c021e58fc3b87b\",\"name\":\"Frida Roijer\",\"image\":{\"@type\":\"ImageObject\",\"inLanguage\":\"en-US\",\"@id\":\"https:\\\/\\\/secure.gravatar.com\\\/avatar\\\/73fc92bb137edd2c9c6b8c33107eb69f59aacacfaee9868d7f812a97a93b9d9a?s=96&d=mm&r=g\",\"url\":\"https:\\\/\\\/secure.gravatar.com\\\/avatar\\\/73fc92bb137edd2c9c6b8c33107eb69f59aacacfaee9868d7f812a97a93b9d9a?s=96&d=mm&r=g\",\"contentUrl\":\"https:\\\/\\\/secure.gravatar.com\\\/avatar\\\/73fc92bb137edd2c9c6b8c33107eb69f59aacacfaee9868d7f812a97a93b9d9a?s=96&d=mm&r=g\",\"caption\":\"Frida Roijer\"},\"url\":\"https:\\\/\\\/fojab.se\\\/en\\\/aktuellt\\\/author\\\/frida-roijer\\\/\"}]}<\/script>\n<!-- \/ Yoast SEO plugin. -->","yoast_head_json":{"title":"Axis office - new landmark in Lund | FOJAB","robots":{"index":"index","follow":"follow","max-snippet":"max-snippet:-1","max-image-preview":"max-image-preview:large","max-video-preview":"max-video-preview:-1"},"canonical":"https:\/\/fojab.se\/en\/topical\/axis-headquarters-new-landmark-in-lund\/","og_locale":"en_US","og_type":"article","og_title":"Axis kontor \u2013 nytt landm\u00e4rke i Lund | FOJAB","og_description":"Under flera \u00e5r har arbetet p\u00e5g\u00e5tt med att skapa Axis nya kontor och nu \u00e4r det snart dags f\u00f6r inflyttning. Kontoret best\u00e5r av ett kontorskvarter som \u00e4r utformat efter framtidens kunskapsf\u00f6retags behov och \u00f6nskem\u00e5l. Axis nya kontor i Lund blir f\u00f6retagets ansikte ut\u00e5t och best\u00e5r av en sammanh\u00e4ngande byggnad som \u00e4r uppdelad i flera byggnadskroppar [&hellip;]","og_url":"https:\/\/fojab.se\/en\/topical\/axis-headquarters-new-landmark-in-lund\/","og_site_name":"FOJAB","article_published_time":"2019-02-05T11:22:09+00:00","article_modified_time":"2020-12-02T11:47:31+00:00","og_image":[{"width":1000,"height":740,"url":"https:\/\/media1.fojab.se\/2019\/04\/fojab_stockholmsledet_14557045321.jpg","type":"image\/jpeg"}],"author":"Frida Roijer","twitter_card":"summary_large_image","twitter_misc":{"Written by":"Frida Roijer","Est. reading time":"2 minutes"},"schema":{"@context":"https:\/\/schema.org","@graph":[{"@type":"Article","@id":"https:\/\/fojab.se\/aktuellt\/axis-huvudkontor-nytt-landmarke-i-lund\/#article","isPartOf":{"@id":"https:\/\/fojab.se\/aktuellt\/axis-huvudkontor-nytt-landmarke-i-lund\/"},"author":{"name":"Frida Roijer","@id":"https:\/\/fojab.se\/#\/schema\/person\/54707f9ec80683b444c021e58fc3b87b"},"headline":"Axis kontor \u2013 nytt landm\u00e4rke i Lund","datePublished":"2019-02-05T11:22:09+00:00","dateModified":"2020-12-02T11:47:31+00:00","mainEntityOfPage":{"@id":"https:\/\/fojab.se\/aktuellt\/axis-huvudkontor-nytt-landmarke-i-lund\/"},"wordCount":424,"image":{"@id":"https:\/\/fojab.se\/aktuellt\/axis-huvudkontor-nytt-landmarke-i-lund\/#primaryimage"},"thumbnailUrl":"https:\/\/media1.fojab.se\/2019\/04\/fojab_stockholmsledet_14557045321.jpg","inLanguage":"en-US"},{"@type":"WebPage","@id":"https:\/\/fojab.se\/aktuellt\/axis-huvudkontor-nytt-landmarke-i-lund\/","url":"https:\/\/fojab.se\/aktuellt\/axis-huvudkontor-nytt-landmarke-i-lund\/","name":"Axis office - new landmark in Lund | FOJAB","isPartOf":{"@id":"https:\/\/fojab.se\/#website"},"primaryImageOfPage":{"@id":"https:\/\/fojab.se\/aktuellt\/axis-huvudkontor-nytt-landmarke-i-lund\/#primaryimage"},"image":{"@id":"https:\/\/fojab.se\/aktuellt\/axis-huvudkontor-nytt-landmarke-i-lund\/#primaryimage"},"thumbnailUrl":"https:\/\/media1.fojab.se\/2019\/04\/fojab_stockholmsledet_14557045321.jpg","datePublished":"2019-02-05T11:22:09+00:00","dateModified":"2020-12-02T11:47:31+00:00","author":{"@id":"https:\/\/fojab.se\/#\/schema\/person\/54707f9ec80683b444c021e58fc3b87b"},"breadcrumb":{"@id":"https:\/\/fojab.se\/aktuellt\/axis-huvudkontor-nytt-landmarke-i-lund\/#breadcrumb"},"inLanguage":"en-US","potentialAction":[{"@type":"ReadAction","target":["https:\/\/fojab.se\/aktuellt\/axis-huvudkontor-nytt-landmarke-i-lund\/"]}]},{"@type":"ImageObject","inLanguage":"en-US","@id":"https:\/\/fojab.se\/aktuellt\/axis-huvudkontor-nytt-landmarke-i-lund\/#primaryimage","url":"https:\/\/media1.fojab.se\/2019\/04\/fojab_stockholmsledet_14557045321.jpg","contentUrl":"https:\/\/media1.fojab.se\/2019\/04\/fojab_stockholmsledet_14557045321.jpg","width":1000,"height":740},{"@type":"BreadcrumbList","@id":"https:\/\/fojab.se\/aktuellt\/axis-huvudkontor-nytt-landmarke-i-lund\/#breadcrumb","itemListElement":[{"@type":"ListItem","position":1,"name":"Hem","item":"https:\/\/fojab.se\/"},{"@type":"ListItem","position":2,"name":"Axis kontor \u2013 nytt landm\u00e4rke i Lund"}]},{"@type":"WebSite","@id":"https:\/\/fojab.se\/#website","url":"https:\/\/fojab.se\/","name":"FOJAB","description":"","potentialAction":[{"@type":"SearchAction","target":{"@type":"EntryPoint","urlTemplate":"https:\/\/fojab.se\/?s={search_term_string}"},"query-input":{"@type":"PropertyValueSpecification","valueRequired":true,"valueName":"search_term_string"}}],"inLanguage":"en-US"},{"@type":"Person","@id":"https:\/\/fojab.se\/#\/schema\/person\/54707f9ec80683b444c021e58fc3b87b","name":"Frida Roijer","image":{"@type":"ImageObject","inLanguage":"en-US","@id":"https:\/\/secure.gravatar.com\/avatar\/73fc92bb137edd2c9c6b8c33107eb69f59aacacfaee9868d7f812a97a93b9d9a?s=96&d=mm&r=g","url":"https:\/\/secure.gravatar.com\/avatar\/73fc92bb137edd2c9c6b8c33107eb69f59aacacfaee9868d7f812a97a93b9d9a?s=96&d=mm&r=g","contentUrl":"https:\/\/secure.gravatar.com\/avatar\/73fc92bb137edd2c9c6b8c33107eb69f59aacacfaee9868d7f812a97a93b9d9a?s=96&d=mm&r=g","caption":"Frida Roijer"},"url":"https:\/\/fojab.se\/en\/aktuellt\/author\/frida-roijer\/"}]}},"_links":{"self":[{"href":"https:\/\/fojab.se\/en\/wp-json\/wp\/v2\/posts\/3208","targetHints":{"allow":["GET"]}}],"collection":[{"href":"https:\/\/fojab.se\/en\/wp-json\/wp\/v2\/posts"}],"about":[{"href":"https:\/\/fojab.se\/en\/wp-json\/wp\/v2\/types\/post"}],"author":[{"embeddable":true,"href":"https:\/\/fojab.se\/en\/wp-json\/wp\/v2\/users\/13"}],"replies":[{"embeddable":true,"href":"https:\/\/fojab.se\/en\/wp-json\/wp\/v2\/comments?post=3208"}],"version-history":[{"count":7,"href":"https:\/\/fojab.se\/en\/wp-json\/wp\/v2\/posts\/3208\/revisions"}],"predecessor-version":[{"id":5910,"href":"https:\/\/fojab.se\/en\/wp-json\/wp\/v2\/posts\/3208\/revisions\/5910"}],"wp:featuredmedia":[{"embeddable":true,"href":"https:\/\/fojab.se\/en\/wp-json\/wp\/v2\/media\/3209"}],"wp:attachment":[{"href":"https:\/\/fojab.se\/en\/wp-json\/wp\/v2\/media?parent=3208"}],"wp:term":[{"taxonomy":"category","embeddable":true,"href":"https:\/\/fojab.se\/en\/wp-json\/wp\/v2\/categories?post=3208"},{"taxonomy":"post_tag","embeddable":true,"href":"https:\/\/fojab.se\/en\/wp-json\/wp\/v2\/tags?post=3208"}],"curies":[{"name":"wp","href":"https:\/\/api.w.org\/{rel}","templated":true}]}}