{"id":2946,"date":"2018-06-20T12:00:35","date_gmt":"2018-06-20T11:00:35","guid":{"rendered":"https:\/\/fojab.se\/?p=2946"},"modified":"2022-04-13T16:35:13","modified_gmt":"2022-04-13T14:35:13","slug":"fojab-architects-salon-in-almedalen","status":"publish","type":"post","link":"https:\/\/fojab.se\/en\/topical\/fojab-architects-salon-in-almedalen\/","title":{"rendered":"FOJAB architects' salon in Almedalen"},"content":{"rendered":"<p><strong>On Tuesday, July 3, we invite you to mingle, eat &amp; drink and have interesting conversations!<\/strong><\/p>\n<p>From 17:00 we offer food and drinks.<br \/>\n18-19:15 Panel discussion<br \/>\nAfter the panel discussion, we continue to mingle in our garden.<br \/>\nA warm welcome!<\/p>\n<p><strong>Car fires and urban development - how are they connected?<\/strong><\/p>\n<h4>Urban development as a tool for healing the city<\/h4>\n<p><strong>Participants in the panel:<\/strong><br \/>\nRobert Lavelid, moderator, FOJAB architects<br \/>\nAndreas Sch\u00f6nstr\u00f6m, Municipal Councillor, City of Malm\u00f6<br \/>\nAnna Heide, Business Development Manager, Trianon<br \/>\nJonas Nygren, Executive Director, Hyresg\u00e4stf\u00f6reningen.<br \/>\nIlyas Hassan, spokesperson, Suburbs Against Violence<\/p>\n<p><strong>Time:<\/strong>\u00a0Tuesday, July 3, 17:00 onwards<br \/>\n<strong>Location:<\/strong>\u00a0FOJAB architects' garden, S\u00f6dra Kyrkogatan 5<br \/>\nwith entrance from Klosterbrunnsgatan 8<br \/>\n<strong>Notification:<\/strong>\u00a0Send mail to\u00a0<a href=\"mailto:magdalena.hedman@fojab.se\">Magdalena Hedman<\/a><\/p>\n<p>More information can be found in\u00a0<a href=\"https:\/\/www.almedalsveckan.nu\/programapp\">The Almedalen app<\/a>!<br \/>\n&nbsp;<\/p>","protected":false},"excerpt":{"rendered":"<p>Tisdag 3 juli bjuder vi in till mingel, mat &amp; dryck och intressanta samtal! Fr\u00e5n kl 17 bjuder vi p\u00e5 mat &amp; dryck 18-19:15 Panelsamtal Efter panelsamtalet forts\u00e4tter vi att mingla i v\u00e5r tr\u00e4dg\u00e5rd Varmt v\u00e4lkomna! Bilbr\u00e4nder och stadsutveckling \u2013 hur h\u00e4nger det ihop? Stadsutveckling som ett verktyg f\u00f6r att l\u00e4ka samman staden Deltagare i [&hellip;]<\/p>\n","protected":false},"author":1,"featured_media":2947,"comment_status":"closed","ping_status":"open","sticky":false,"template":"","format":"standard","meta":{"_monsterinsights_skip_tracking":false,"_monsterinsights_sitenote_active":false,"_monsterinsights_sitenote_note":"","_monsterinsights_sitenote_category":0,"footnotes":""},"categories":[1],"tags":[],"class_list":["post-2946","post","type-post","status-publish","format-standard","has-post-thumbnail","hentry","category-uncategorized"],"acf":[],"yoast_head":"<!-- This site is optimized with the Yoast SEO plugin v27.5 - https:\/\/yoast.com\/product\/yoast-seo-wordpress\/ -->\n<title>FOJAB arkitekters salong i Almedalen | FOJAB<\/title>\n<meta name=\"robots\" content=\"index, follow, max-snippet:-1, max-image-preview:large, max-video-preview:-1\" \/>\n<link rel=\"canonical\" href=\"https:\/\/fojab.se\/en\/topical\/fojab-architects-salon-in-almedalen\/\" \/>\n<meta property=\"og:locale\" content=\"en_US\" \/>\n<meta property=\"og:type\" content=\"article\" \/>\n<meta property=\"og:title\" content=\"FOJAB arkitekters salong i Almedalen | FOJAB\" \/>\n<meta property=\"og:description\" content=\"Tisdag 3 juli bjuder vi in till mingel, mat &amp; dryck och intressanta samtal! Fr\u00e5n kl 17 bjuder vi p\u00e5 mat &amp; dryck 18-19:15 Panelsamtal Efter panelsamtalet forts\u00e4tter vi att mingla i v\u00e5r tr\u00e4dg\u00e5rd Varmt v\u00e4lkomna! Bilbr\u00e4nder och stadsutveckling \u2013 hur h\u00e4nger det ihop? Stadsutveckling som ett verktyg f\u00f6r att l\u00e4ka samman staden Deltagare i [&hellip;]\" \/>\n<meta property=\"og:url\" content=\"https:\/\/fojab.se\/en\/topical\/fojab-architects-salon-in-almedalen\/\" \/>\n<meta property=\"og:site_name\" content=\"FOJAB\" \/>\n<meta property=\"article:published_time\" content=\"2018-06-20T11:00:35+00:00\" \/>\n<meta property=\"article:modified_time\" content=\"2022-04-13T14:35:13+00:00\" \/>\n<meta property=\"og:image\" content=\"https:\/\/media1.fojab.se\/2019\/03\/2018-06-20-fojab-arkitekters-salong-i-almedalen.jpg\" \/>\n\t<meta property=\"og:image:width\" content=\"768\" \/>\n\t<meta property=\"og:image:height\" content=\"421\" \/>\n\t<meta property=\"og:image:type\" content=\"image\/jpeg\" \/>\n<meta name=\"author\" content=\"maximilian\" \/>\n<meta name=\"twitter:card\" content=\"summary_large_image\" \/>\n<meta name=\"twitter:label1\" content=\"Written by\" \/>\n\t<meta name=\"twitter:data1\" content=\"maximilian\" \/>\n\t<meta name=\"twitter:label2\" content=\"Est. reading time\" \/>\n\t<meta name=\"twitter:data2\" content=\"1 minute\" \/>\n<script type=\"application\/ld+json\" class=\"yoast-schema-graph\">{\"@context\":\"https:\\\/\\\/schema.org\",\"@graph\":[{\"@type\":\"Article\",\"@id\":\"https:\\\/\\\/fojab.se\\\/aktuellt\\\/fojab-arkitekters-salong-i-almedalen\\\/#article\",\"isPartOf\":{\"@id\":\"https:\\\/\\\/fojab.se\\\/aktuellt\\\/fojab-arkitekters-salong-i-almedalen\\\/\"},\"author\":{\"name\":\"maximilian\",\"@id\":\"https:\\\/\\\/fojab.se\\\/#\\\/schema\\\/person\\\/5d07c69e3efdb8880196d961e851fb86\"},\"headline\":\"FOJAB arkitekters salong i Almedalen\",\"datePublished\":\"2018-06-20T11:00:35+00:00\",\"dateModified\":\"2022-04-13T14:35:13+00:00\",\"mainEntityOfPage\":{\"@id\":\"https:\\\/\\\/fojab.se\\\/aktuellt\\\/fojab-arkitekters-salong-i-almedalen\\\/\"},\"wordCount\":137,\"image\":{\"@id\":\"https:\\\/\\\/fojab.se\\\/aktuellt\\\/fojab-arkitekters-salong-i-almedalen\\\/#primaryimage\"},\"thumbnailUrl\":\"https:\\\/\\\/media1.fojab.se\\\/2019\\\/03\\\/2018-06-20-fojab-arkitekters-salong-i-almedalen.jpg\",\"inLanguage\":\"en-US\"},{\"@type\":\"WebPage\",\"@id\":\"https:\\\/\\\/fojab.se\\\/aktuellt\\\/fojab-arkitekters-salong-i-almedalen\\\/\",\"url\":\"https:\\\/\\\/fojab.se\\\/aktuellt\\\/fojab-arkitekters-salong-i-almedalen\\\/\",\"name\":\"FOJAB arkitekters salong i Almedalen | FOJAB\",\"isPartOf\":{\"@id\":\"https:\\\/\\\/fojab.se\\\/#website\"},\"primaryImageOfPage\":{\"@id\":\"https:\\\/\\\/fojab.se\\\/aktuellt\\\/fojab-arkitekters-salong-i-almedalen\\\/#primaryimage\"},\"image\":{\"@id\":\"https:\\\/\\\/fojab.se\\\/aktuellt\\\/fojab-arkitekters-salong-i-almedalen\\\/#primaryimage\"},\"thumbnailUrl\":\"https:\\\/\\\/media1.fojab.se\\\/2019\\\/03\\\/2018-06-20-fojab-arkitekters-salong-i-almedalen.jpg\",\"datePublished\":\"2018-06-20T11:00:35+00:00\",\"dateModified\":\"2022-04-13T14:35:13+00:00\",\"author\":{\"@id\":\"https:\\\/\\\/fojab.se\\\/#\\\/schema\\\/person\\\/5d07c69e3efdb8880196d961e851fb86\"},\"breadcrumb\":{\"@id\":\"https:\\\/\\\/fojab.se\\\/aktuellt\\\/fojab-arkitekters-salong-i-almedalen\\\/#breadcrumb\"},\"inLanguage\":\"en-US\",\"potentialAction\":[{\"@type\":\"ReadAction\",\"target\":[\"https:\\\/\\\/fojab.se\\\/aktuellt\\\/fojab-arkitekters-salong-i-almedalen\\\/\"]}]},{\"@type\":\"ImageObject\",\"inLanguage\":\"en-US\",\"@id\":\"https:\\\/\\\/fojab.se\\\/aktuellt\\\/fojab-arkitekters-salong-i-almedalen\\\/#primaryimage\",\"url\":\"https:\\\/\\\/media1.fojab.se\\\/2019\\\/03\\\/2018-06-20-fojab-arkitekters-salong-i-almedalen.jpg\",\"contentUrl\":\"https:\\\/\\\/media1.fojab.se\\\/2019\\\/03\\\/2018-06-20-fojab-arkitekters-salong-i-almedalen.jpg\",\"width\":768,\"height\":421},{\"@type\":\"BreadcrumbList\",\"@id\":\"https:\\\/\\\/fojab.se\\\/aktuellt\\\/fojab-arkitekters-salong-i-almedalen\\\/#breadcrumb\",\"itemListElement\":[{\"@type\":\"ListItem\",\"position\":1,\"name\":\"Hem\",\"item\":\"https:\\\/\\\/fojab.se\\\/\"},{\"@type\":\"ListItem\",\"position\":2,\"name\":\"FOJAB arkitekters salong i Almedalen\"}]},{\"@type\":\"WebSite\",\"@id\":\"https:\\\/\\\/fojab.se\\\/#website\",\"url\":\"https:\\\/\\\/fojab.se\\\/\",\"name\":\"FOJAB\",\"description\":\"\",\"potentialAction\":[{\"@type\":\"SearchAction\",\"target\":{\"@type\":\"EntryPoint\",\"urlTemplate\":\"https:\\\/\\\/fojab.se\\\/?s={search_term_string}\"},\"query-input\":{\"@type\":\"PropertyValueSpecification\",\"valueRequired\":true,\"valueName\":\"search_term_string\"}}],\"inLanguage\":\"en-US\"},{\"@type\":\"Person\",\"@id\":\"https:\\\/\\\/fojab.se\\\/#\\\/schema\\\/person\\\/5d07c69e3efdb8880196d961e851fb86\",\"name\":\"maximilian\",\"image\":{\"@type\":\"ImageObject\",\"inLanguage\":\"en-US\",\"@id\":\"https:\\\/\\\/secure.gravatar.com\\\/avatar\\\/221a1319eee7f463c0098eb135b71e1f0a2c5dc558b91c929d84e226525981d8?s=96&d=mm&r=g\",\"url\":\"https:\\\/\\\/secure.gravatar.com\\\/avatar\\\/221a1319eee7f463c0098eb135b71e1f0a2c5dc558b91c929d84e226525981d8?s=96&d=mm&r=g\",\"contentUrl\":\"https:\\\/\\\/secure.gravatar.com\\\/avatar\\\/221a1319eee7f463c0098eb135b71e1f0a2c5dc558b91c929d84e226525981d8?s=96&d=mm&r=g\",\"caption\":\"maximilian\"},\"url\":\"https:\\\/\\\/fojab.se\\\/en\\\/aktuellt\\\/author\\\/maximilian\\\/\"}]}<\/script>\n<!-- \/ Yoast SEO plugin. -->","yoast_head_json":{"title":"FOJAB arkitekter's salon in Almedalen | FOJAB","robots":{"index":"index","follow":"follow","max-snippet":"max-snippet:-1","max-image-preview":"max-image-preview:large","max-video-preview":"max-video-preview:-1"},"canonical":"https:\/\/fojab.se\/en\/topical\/fojab-architects-salon-in-almedalen\/","og_locale":"en_US","og_type":"article","og_title":"FOJAB arkitekters salong i Almedalen | FOJAB","og_description":"Tisdag 3 juli bjuder vi in till mingel, mat &amp; dryck och intressanta samtal! Fr\u00e5n kl 17 bjuder vi p\u00e5 mat &amp; dryck 18-19:15 Panelsamtal Efter panelsamtalet forts\u00e4tter vi att mingla i v\u00e5r tr\u00e4dg\u00e5rd Varmt v\u00e4lkomna! Bilbr\u00e4nder och stadsutveckling \u2013 hur h\u00e4nger det ihop? Stadsutveckling som ett verktyg f\u00f6r att l\u00e4ka samman staden Deltagare i [&hellip;]","og_url":"https:\/\/fojab.se\/en\/topical\/fojab-architects-salon-in-almedalen\/","og_site_name":"FOJAB","article_published_time":"2018-06-20T11:00:35+00:00","article_modified_time":"2022-04-13T14:35:13+00:00","og_image":[{"width":768,"height":421,"url":"https:\/\/media1.fojab.se\/2019\/03\/2018-06-20-fojab-arkitekters-salong-i-almedalen.jpg","type":"image\/jpeg"}],"author":"maximilian","twitter_card":"summary_large_image","twitter_misc":{"Written by":"maximilian","Est. reading time":"1 minute"},"schema":{"@context":"https:\/\/schema.org","@graph":[{"@type":"Article","@id":"https:\/\/fojab.se\/aktuellt\/fojab-arkitekters-salong-i-almedalen\/#article","isPartOf":{"@id":"https:\/\/fojab.se\/aktuellt\/fojab-arkitekters-salong-i-almedalen\/"},"author":{"name":"maximilian","@id":"https:\/\/fojab.se\/#\/schema\/person\/5d07c69e3efdb8880196d961e851fb86"},"headline":"FOJAB arkitekters salong i Almedalen","datePublished":"2018-06-20T11:00:35+00:00","dateModified":"2022-04-13T14:35:13+00:00","mainEntityOfPage":{"@id":"https:\/\/fojab.se\/aktuellt\/fojab-arkitekters-salong-i-almedalen\/"},"wordCount":137,"image":{"@id":"https:\/\/fojab.se\/aktuellt\/fojab-arkitekters-salong-i-almedalen\/#primaryimage"},"thumbnailUrl":"https:\/\/media1.fojab.se\/2019\/03\/2018-06-20-fojab-arkitekters-salong-i-almedalen.jpg","inLanguage":"en-US"},{"@type":"WebPage","@id":"https:\/\/fojab.se\/aktuellt\/fojab-arkitekters-salong-i-almedalen\/","url":"https:\/\/fojab.se\/aktuellt\/fojab-arkitekters-salong-i-almedalen\/","name":"FOJAB arkitekter's salon in Almedalen | FOJAB","isPartOf":{"@id":"https:\/\/fojab.se\/#website"},"primaryImageOfPage":{"@id":"https:\/\/fojab.se\/aktuellt\/fojab-arkitekters-salong-i-almedalen\/#primaryimage"},"image":{"@id":"https:\/\/fojab.se\/aktuellt\/fojab-arkitekters-salong-i-almedalen\/#primaryimage"},"thumbnailUrl":"https:\/\/media1.fojab.se\/2019\/03\/2018-06-20-fojab-arkitekters-salong-i-almedalen.jpg","datePublished":"2018-06-20T11:00:35+00:00","dateModified":"2022-04-13T14:35:13+00:00","author":{"@id":"https:\/\/fojab.se\/#\/schema\/person\/5d07c69e3efdb8880196d961e851fb86"},"breadcrumb":{"@id":"https:\/\/fojab.se\/aktuellt\/fojab-arkitekters-salong-i-almedalen\/#breadcrumb"},"inLanguage":"en-US","potentialAction":[{"@type":"ReadAction","target":["https:\/\/fojab.se\/aktuellt\/fojab-arkitekters-salong-i-almedalen\/"]}]},{"@type":"ImageObject","inLanguage":"en-US","@id":"https:\/\/fojab.se\/aktuellt\/fojab-arkitekters-salong-i-almedalen\/#primaryimage","url":"https:\/\/media1.fojab.se\/2019\/03\/2018-06-20-fojab-arkitekters-salong-i-almedalen.jpg","contentUrl":"https:\/\/media1.fojab.se\/2019\/03\/2018-06-20-fojab-arkitekters-salong-i-almedalen.jpg","width":768,"height":421},{"@type":"BreadcrumbList","@id":"https:\/\/fojab.se\/aktuellt\/fojab-arkitekters-salong-i-almedalen\/#breadcrumb","itemListElement":[{"@type":"ListItem","position":1,"name":"Hem","item":"https:\/\/fojab.se\/"},{"@type":"ListItem","position":2,"name":"FOJAB arkitekters salong i Almedalen"}]},{"@type":"WebSite","@id":"https:\/\/fojab.se\/#website","url":"https:\/\/fojab.se\/","name":"FOJAB","description":"","potentialAction":[{"@type":"SearchAction","target":{"@type":"EntryPoint","urlTemplate":"https:\/\/fojab.se\/?s={search_term_string}"},"query-input":{"@type":"PropertyValueSpecification","valueRequired":true,"valueName":"search_term_string"}}],"inLanguage":"en-US"},{"@type":"Person","@id":"https:\/\/fojab.se\/#\/schema\/person\/5d07c69e3efdb8880196d961e851fb86","name":"Maximilian","image":{"@type":"ImageObject","inLanguage":"en-US","@id":"https:\/\/secure.gravatar.com\/avatar\/221a1319eee7f463c0098eb135b71e1f0a2c5dc558b91c929d84e226525981d8?s=96&d=mm&r=g","url":"https:\/\/secure.gravatar.com\/avatar\/221a1319eee7f463c0098eb135b71e1f0a2c5dc558b91c929d84e226525981d8?s=96&d=mm&r=g","contentUrl":"https:\/\/secure.gravatar.com\/avatar\/221a1319eee7f463c0098eb135b71e1f0a2c5dc558b91c929d84e226525981d8?s=96&d=mm&r=g","caption":"maximilian"},"url":"https:\/\/fojab.se\/en\/aktuellt\/author\/maximilian\/"}]}},"_links":{"self":[{"href":"https:\/\/fojab.se\/en\/wp-json\/wp\/v2\/posts\/2946","targetHints":{"allow":["GET"]}}],"collection":[{"href":"https:\/\/fojab.se\/en\/wp-json\/wp\/v2\/posts"}],"about":[{"href":"https:\/\/fojab.se\/en\/wp-json\/wp\/v2\/types\/post"}],"author":[{"embeddable":true,"href":"https:\/\/fojab.se\/en\/wp-json\/wp\/v2\/users\/1"}],"replies":[{"embeddable":true,"href":"https:\/\/fojab.se\/en\/wp-json\/wp\/v2\/comments?post=2946"}],"version-history":[{"count":4,"href":"https:\/\/fojab.se\/en\/wp-json\/wp\/v2\/posts\/2946\/revisions"}],"predecessor-version":[{"id":7639,"href":"https:\/\/fojab.se\/en\/wp-json\/wp\/v2\/posts\/2946\/revisions\/7639"}],"wp:featuredmedia":[{"embeddable":true,"href":"https:\/\/fojab.se\/en\/wp-json\/wp\/v2\/media\/2947"}],"wp:attachment":[{"href":"https:\/\/fojab.se\/en\/wp-json\/wp\/v2\/media?parent=2946"}],"wp:term":[{"taxonomy":"category","embeddable":true,"href":"https:\/\/fojab.se\/en\/wp-json\/wp\/v2\/categories?post=2946"},{"taxonomy":"post_tag","embeddable":true,"href":"https:\/\/fojab.se\/en\/wp-json\/wp\/v2\/tags?post=2946"}],"curies":[{"name":"wp","href":"https:\/\/api.w.org\/{rel}","templated":true}]}}