{"id":2941,"date":"2018-06-18T12:00:44","date_gmt":"2018-06-18T11:00:44","guid":{"rendered":"https:\/\/fojab.se\/?p=2941"},"modified":"2020-02-03T15:41:48","modified_gmt":"2020-02-03T14:41:48","slug":"the-neonatal-ward-at-helsingborg-hospital-is-ready-to-go","status":"publish","type":"post","link":"https:\/\/fojab.se\/en\/topical\/the-neonatal-ward-at-helsingborg-hospital-is-ready-to-go\/","title":{"rendered":"The neonatal ward at Helsingborg Hospital is completed"},"content":{"rendered":"<p><strong>In March, Helsingborg's new neonatal ward opened in the eastern wing of the hospital. FOJAB arkitekter, in collaboration with BSK arkitekter, has designed a modern intensive care unit to meet today's and tomorrow's neonatal care with a focus on patient and family-centered care.<\/strong><\/p>\n<p>The intensive care unit is for babies who are born prematurely or are otherwise sick and need treatment after birth. The new neonatal unit is built for a total of 12 beds. Of these, four are ICU rooms, seven are mother-baby beds and one is an isolation room.<\/p>\n<p>FOJAB was commissioned to design a ward that can meet current and future requirements for efficient and safe care and, not least, the most comfortable environment possible for the parents who will be staying in the ward. The old premises were cramped and the design was not in line with modern neonatal care. Today's neonatal care puts the child and the family at the center and believes that parents should be together with their child throughout the care period. There should also be opportunities for shared care, i.e. the sick mother can be cared for in the same room as the newborn baby.<\/p>\n<p>- The refurbishment is an important investment for the future, providing security for parents and their children and a better working environment for staff. The new premises are larger, brighter and built for care in single-patient\/family rooms, which puts the patient and family in focus and reduces the risk of infection spreading on the ward. \"The children can be very sensitive and it is important that the environment around the children is adapted so that they can develop and grow at their own pace,\" says Anna Hjort, responsible architect at FOJAB.<\/p>\n<p>An important starting point in the work on the ward has been daylight, with a focus on lots of glass and views. The patient rooms have been designed with glass doors so that staff can keep an eye on the patient, and to let more light into the premises. Colors and material choices are consistently light with wood elements and permeate the entire eastern wing.<\/p>\n<p>- Together with FOJAB, we have a team that has successfully worked on the new wards for a long time and with high quality. The project has given us the opportunity to develop our experience of large hospital projects for Region Sk\u00e5ne and to grow as an office in Malm\u00f6. With this capacity, we are now moving forward with a number of new sub-projects within the framework of the new hospital. These include new facades, a new freight and logistics center and laboratories,\" says M\u00e5ns Adamson, Business Manager for Healthcare at BSK Arkitekter.<\/p>\n<p><strong>For further information:<\/strong><br \/>\nAnna Hjort<br \/>\n<a href=\"mailto:anna.hjort@fojab.se\">anna.hjort@fojab.se<\/a><br \/>\n+46 702 - 91 33 60<\/p>\n<p><strong>Press:<\/strong><br \/>\nEmma Sch\u00f6\u00f6n<br \/>\n<a href=\"mailto:emma.schoon@fojab.se\">emma.schoon@<wbr \/>fojab.se<\/a><br \/>\n+46 702 - 49 11 57<\/p>","protected":false},"excerpt":{"rendered":"<p>I mars \u00f6ppnade Helsingborgs nya neonatalavdelning i den \u00d6stra flygeln p\u00e5 lasarettet. FOJAB arkitekter har i samarbete med BSK arkitekter utformat en modern intensivv\u00e5rdsavdelning f\u00f6r att m\u00f6ta dagens och framtidens neonatalv\u00e5rd med fokus p\u00e5 patient- och familjecentrerad v\u00e5rd. Intensivv\u00e5rdsavdelningen \u00e4r till f\u00f6r barn som f\u00f6ds f\u00f6r tidigt eller p\u00e5 annat s\u00e4tt \u00e4r sjuka och beh\u00f6ver [&hellip;]<\/p>\n","protected":false},"author":1,"featured_media":2943,"comment_status":"closed","ping_status":"open","sticky":false,"template":"","format":"standard","meta":{"_monsterinsights_skip_tracking":false,"_monsterinsights_sitenote_active":false,"_monsterinsights_sitenote_note":"","_monsterinsights_sitenote_category":0,"footnotes":""},"categories":[1],"tags":[],"class_list":["post-2941","post","type-post","status-publish","format-standard","has-post-thumbnail","hentry","category-uncategorized"],"acf":[],"yoast_head":"<!-- This site is optimized with the Yoast SEO plugin v27.5 - https:\/\/yoast.com\/product\/yoast-seo-wordpress\/ -->\n<title>Neonatalavdelningen p\u00e5 Helsingborgs lasarett st\u00e5r f\u00e4rdig | FOJAB<\/title>\n<meta name=\"robots\" content=\"index, follow, max-snippet:-1, max-image-preview:large, max-video-preview:-1\" \/>\n<link rel=\"canonical\" href=\"https:\/\/fojab.se\/en\/topical\/the-neonatal-ward-at-helsingborg-hospital-is-ready-to-go\/\" \/>\n<meta property=\"og:locale\" content=\"en_US\" \/>\n<meta property=\"og:type\" content=\"article\" \/>\n<meta property=\"og:title\" content=\"Neonatalavdelningen p\u00e5 Helsingborgs lasarett st\u00e5r f\u00e4rdig | FOJAB\" \/>\n<meta property=\"og:description\" content=\"I mars \u00f6ppnade Helsingborgs nya neonatalavdelning i den \u00d6stra flygeln p\u00e5 lasarettet. FOJAB arkitekter har i samarbete med BSK arkitekter utformat en modern intensivv\u00e5rdsavdelning f\u00f6r att m\u00f6ta dagens och framtidens neonatalv\u00e5rd med fokus p\u00e5 patient- och familjecentrerad v\u00e5rd. Intensivv\u00e5rdsavdelningen \u00e4r till f\u00f6r barn som f\u00f6ds f\u00f6r tidigt eller p\u00e5 annat s\u00e4tt \u00e4r sjuka och beh\u00f6ver [&hellip;]\" \/>\n<meta property=\"og:url\" content=\"https:\/\/fojab.se\/en\/topical\/the-neonatal-ward-at-helsingborg-hospital-is-ready-to-go\/\" \/>\n<meta property=\"og:site_name\" content=\"FOJAB\" \/>\n<meta property=\"article:published_time\" content=\"2018-06-18T11:00:44+00:00\" \/>\n<meta property=\"article:modified_time\" content=\"2020-02-03T14:41:48+00:00\" \/>\n<meta property=\"og:image\" content=\"https:\/\/media1.fojab.se\/2018\/06\/2018-06-18-neonatalavdelningen-pa-helsingborgs-lasarett-star-fardig.jpg\" \/>\n\t<meta property=\"og:image:width\" content=\"768\" \/>\n\t<meta property=\"og:image:height\" content=\"421\" \/>\n\t<meta property=\"og:image:type\" content=\"image\/jpeg\" \/>\n<meta name=\"author\" content=\"maximilian\" \/>\n<meta name=\"twitter:card\" content=\"summary_large_image\" \/>\n<meta name=\"twitter:label1\" content=\"Written by\" \/>\n\t<meta name=\"twitter:data1\" content=\"maximilian\" \/>\n\t<meta name=\"twitter:label2\" content=\"Est. reading time\" \/>\n\t<meta name=\"twitter:data2\" content=\"2 minutes\" \/>\n<script type=\"application\/ld+json\" class=\"yoast-schema-graph\">{\"@context\":\"https:\\\/\\\/schema.org\",\"@graph\":[{\"@type\":\"Article\",\"@id\":\"https:\\\/\\\/fojab.se\\\/aktuellt\\\/neonatalavdelningen-pa-helsingborgs-lasarett-star-fardig\\\/#article\",\"isPartOf\":{\"@id\":\"https:\\\/\\\/fojab.se\\\/aktuellt\\\/neonatalavdelningen-pa-helsingborgs-lasarett-star-fardig\\\/\"},\"author\":{\"name\":\"maximilian\",\"@id\":\"https:\\\/\\\/fojab.se\\\/#\\\/schema\\\/person\\\/5d07c69e3efdb8880196d961e851fb86\"},\"headline\":\"Neonatalavdelningen p\u00e5 Helsingborgs lasarett st\u00e5r f\u00e4rdig\",\"datePublished\":\"2018-06-18T11:00:44+00:00\",\"dateModified\":\"2020-02-03T14:41:48+00:00\",\"mainEntityOfPage\":{\"@id\":\"https:\\\/\\\/fojab.se\\\/aktuellt\\\/neonatalavdelningen-pa-helsingborgs-lasarett-star-fardig\\\/\"},\"wordCount\":491,\"image\":{\"@id\":\"https:\\\/\\\/fojab.se\\\/aktuellt\\\/neonatalavdelningen-pa-helsingborgs-lasarett-star-fardig\\\/#primaryimage\"},\"thumbnailUrl\":\"https:\\\/\\\/media1.fojab.se\\\/2018\\\/06\\\/2018-06-18-neonatalavdelningen-pa-helsingborgs-lasarett-star-fardig.jpg\",\"inLanguage\":\"en-US\"},{\"@type\":\"WebPage\",\"@id\":\"https:\\\/\\\/fojab.se\\\/aktuellt\\\/neonatalavdelningen-pa-helsingborgs-lasarett-star-fardig\\\/\",\"url\":\"https:\\\/\\\/fojab.se\\\/aktuellt\\\/neonatalavdelningen-pa-helsingborgs-lasarett-star-fardig\\\/\",\"name\":\"Neonatalavdelningen p\u00e5 Helsingborgs lasarett st\u00e5r f\u00e4rdig | FOJAB\",\"isPartOf\":{\"@id\":\"https:\\\/\\\/fojab.se\\\/#website\"},\"primaryImageOfPage\":{\"@id\":\"https:\\\/\\\/fojab.se\\\/aktuellt\\\/neonatalavdelningen-pa-helsingborgs-lasarett-star-fardig\\\/#primaryimage\"},\"image\":{\"@id\":\"https:\\\/\\\/fojab.se\\\/aktuellt\\\/neonatalavdelningen-pa-helsingborgs-lasarett-star-fardig\\\/#primaryimage\"},\"thumbnailUrl\":\"https:\\\/\\\/media1.fojab.se\\\/2018\\\/06\\\/2018-06-18-neonatalavdelningen-pa-helsingborgs-lasarett-star-fardig.jpg\",\"datePublished\":\"2018-06-18T11:00:44+00:00\",\"dateModified\":\"2020-02-03T14:41:48+00:00\",\"author\":{\"@id\":\"https:\\\/\\\/fojab.se\\\/#\\\/schema\\\/person\\\/5d07c69e3efdb8880196d961e851fb86\"},\"breadcrumb\":{\"@id\":\"https:\\\/\\\/fojab.se\\\/aktuellt\\\/neonatalavdelningen-pa-helsingborgs-lasarett-star-fardig\\\/#breadcrumb\"},\"inLanguage\":\"en-US\",\"potentialAction\":[{\"@type\":\"ReadAction\",\"target\":[\"https:\\\/\\\/fojab.se\\\/aktuellt\\\/neonatalavdelningen-pa-helsingborgs-lasarett-star-fardig\\\/\"]}]},{\"@type\":\"ImageObject\",\"inLanguage\":\"en-US\",\"@id\":\"https:\\\/\\\/fojab.se\\\/aktuellt\\\/neonatalavdelningen-pa-helsingborgs-lasarett-star-fardig\\\/#primaryimage\",\"url\":\"https:\\\/\\\/media1.fojab.se\\\/2018\\\/06\\\/2018-06-18-neonatalavdelningen-pa-helsingborgs-lasarett-star-fardig.jpg\",\"contentUrl\":\"https:\\\/\\\/media1.fojab.se\\\/2018\\\/06\\\/2018-06-18-neonatalavdelningen-pa-helsingborgs-lasarett-star-fardig.jpg\",\"width\":768,\"height\":421},{\"@type\":\"BreadcrumbList\",\"@id\":\"https:\\\/\\\/fojab.se\\\/aktuellt\\\/neonatalavdelningen-pa-helsingborgs-lasarett-star-fardig\\\/#breadcrumb\",\"itemListElement\":[{\"@type\":\"ListItem\",\"position\":1,\"name\":\"Hem\",\"item\":\"https:\\\/\\\/fojab.se\\\/\"},{\"@type\":\"ListItem\",\"position\":2,\"name\":\"Neonatalavdelningen p\u00e5 Helsingborgs lasarett st\u00e5r f\u00e4rdig\"}]},{\"@type\":\"WebSite\",\"@id\":\"https:\\\/\\\/fojab.se\\\/#website\",\"url\":\"https:\\\/\\\/fojab.se\\\/\",\"name\":\"FOJAB\",\"description\":\"\",\"potentialAction\":[{\"@type\":\"SearchAction\",\"target\":{\"@type\":\"EntryPoint\",\"urlTemplate\":\"https:\\\/\\\/fojab.se\\\/?s={search_term_string}\"},\"query-input\":{\"@type\":\"PropertyValueSpecification\",\"valueRequired\":true,\"valueName\":\"search_term_string\"}}],\"inLanguage\":\"en-US\"},{\"@type\":\"Person\",\"@id\":\"https:\\\/\\\/fojab.se\\\/#\\\/schema\\\/person\\\/5d07c69e3efdb8880196d961e851fb86\",\"name\":\"maximilian\",\"image\":{\"@type\":\"ImageObject\",\"inLanguage\":\"en-US\",\"@id\":\"https:\\\/\\\/secure.gravatar.com\\\/avatar\\\/221a1319eee7f463c0098eb135b71e1f0a2c5dc558b91c929d84e226525981d8?s=96&d=mm&r=g\",\"url\":\"https:\\\/\\\/secure.gravatar.com\\\/avatar\\\/221a1319eee7f463c0098eb135b71e1f0a2c5dc558b91c929d84e226525981d8?s=96&d=mm&r=g\",\"contentUrl\":\"https:\\\/\\\/secure.gravatar.com\\\/avatar\\\/221a1319eee7f463c0098eb135b71e1f0a2c5dc558b91c929d84e226525981d8?s=96&d=mm&r=g\",\"caption\":\"maximilian\"},\"url\":\"https:\\\/\\\/fojab.se\\\/en\\\/aktuellt\\\/author\\\/maximilian\\\/\"}]}<\/script>\n<!-- \/ Yoast SEO plugin. -->","yoast_head_json":{"title":"The neonatal ward at Helsingborg Hospital is completed | FOJAB","robots":{"index":"index","follow":"follow","max-snippet":"max-snippet:-1","max-image-preview":"max-image-preview:large","max-video-preview":"max-video-preview:-1"},"canonical":"https:\/\/fojab.se\/en\/topical\/the-neonatal-ward-at-helsingborg-hospital-is-ready-to-go\/","og_locale":"en_US","og_type":"article","og_title":"Neonatalavdelningen p\u00e5 Helsingborgs lasarett st\u00e5r f\u00e4rdig | FOJAB","og_description":"I mars \u00f6ppnade Helsingborgs nya neonatalavdelning i den \u00d6stra flygeln p\u00e5 lasarettet. FOJAB arkitekter har i samarbete med BSK arkitekter utformat en modern intensivv\u00e5rdsavdelning f\u00f6r att m\u00f6ta dagens och framtidens neonatalv\u00e5rd med fokus p\u00e5 patient- och familjecentrerad v\u00e5rd. Intensivv\u00e5rdsavdelningen \u00e4r till f\u00f6r barn som f\u00f6ds f\u00f6r tidigt eller p\u00e5 annat s\u00e4tt \u00e4r sjuka och beh\u00f6ver [&hellip;]","og_url":"https:\/\/fojab.se\/en\/topical\/the-neonatal-ward-at-helsingborg-hospital-is-ready-to-go\/","og_site_name":"FOJAB","article_published_time":"2018-06-18T11:00:44+00:00","article_modified_time":"2020-02-03T14:41:48+00:00","og_image":[{"width":768,"height":421,"url":"https:\/\/media1.fojab.se\/2018\/06\/2018-06-18-neonatalavdelningen-pa-helsingborgs-lasarett-star-fardig.jpg","type":"image\/jpeg"}],"author":"maximilian","twitter_card":"summary_large_image","twitter_misc":{"Written by":"maximilian","Est. reading time":"2 minutes"},"schema":{"@context":"https:\/\/schema.org","@graph":[{"@type":"Article","@id":"https:\/\/fojab.se\/aktuellt\/neonatalavdelningen-pa-helsingborgs-lasarett-star-fardig\/#article","isPartOf":{"@id":"https:\/\/fojab.se\/aktuellt\/neonatalavdelningen-pa-helsingborgs-lasarett-star-fardig\/"},"author":{"name":"maximilian","@id":"https:\/\/fojab.se\/#\/schema\/person\/5d07c69e3efdb8880196d961e851fb86"},"headline":"Neonatalavdelningen p\u00e5 Helsingborgs lasarett st\u00e5r f\u00e4rdig","datePublished":"2018-06-18T11:00:44+00:00","dateModified":"2020-02-03T14:41:48+00:00","mainEntityOfPage":{"@id":"https:\/\/fojab.se\/aktuellt\/neonatalavdelningen-pa-helsingborgs-lasarett-star-fardig\/"},"wordCount":491,"image":{"@id":"https:\/\/fojab.se\/aktuellt\/neonatalavdelningen-pa-helsingborgs-lasarett-star-fardig\/#primaryimage"},"thumbnailUrl":"https:\/\/media1.fojab.se\/2018\/06\/2018-06-18-neonatalavdelningen-pa-helsingborgs-lasarett-star-fardig.jpg","inLanguage":"en-US"},{"@type":"WebPage","@id":"https:\/\/fojab.se\/aktuellt\/neonatalavdelningen-pa-helsingborgs-lasarett-star-fardig\/","url":"https:\/\/fojab.se\/aktuellt\/neonatalavdelningen-pa-helsingborgs-lasarett-star-fardig\/","name":"The neonatal ward at Helsingborg Hospital is completed | FOJAB","isPartOf":{"@id":"https:\/\/fojab.se\/#website"},"primaryImageOfPage":{"@id":"https:\/\/fojab.se\/aktuellt\/neonatalavdelningen-pa-helsingborgs-lasarett-star-fardig\/#primaryimage"},"image":{"@id":"https:\/\/fojab.se\/aktuellt\/neonatalavdelningen-pa-helsingborgs-lasarett-star-fardig\/#primaryimage"},"thumbnailUrl":"https:\/\/media1.fojab.se\/2018\/06\/2018-06-18-neonatalavdelningen-pa-helsingborgs-lasarett-star-fardig.jpg","datePublished":"2018-06-18T11:00:44+00:00","dateModified":"2020-02-03T14:41:48+00:00","author":{"@id":"https:\/\/fojab.se\/#\/schema\/person\/5d07c69e3efdb8880196d961e851fb86"},"breadcrumb":{"@id":"https:\/\/fojab.se\/aktuellt\/neonatalavdelningen-pa-helsingborgs-lasarett-star-fardig\/#breadcrumb"},"inLanguage":"en-US","potentialAction":[{"@type":"ReadAction","target":["https:\/\/fojab.se\/aktuellt\/neonatalavdelningen-pa-helsingborgs-lasarett-star-fardig\/"]}]},{"@type":"ImageObject","inLanguage":"en-US","@id":"https:\/\/fojab.se\/aktuellt\/neonatalavdelningen-pa-helsingborgs-lasarett-star-fardig\/#primaryimage","url":"https:\/\/media1.fojab.se\/2018\/06\/2018-06-18-neonatalavdelningen-pa-helsingborgs-lasarett-star-fardig.jpg","contentUrl":"https:\/\/media1.fojab.se\/2018\/06\/2018-06-18-neonatalavdelningen-pa-helsingborgs-lasarett-star-fardig.jpg","width":768,"height":421},{"@type":"BreadcrumbList","@id":"https:\/\/fojab.se\/aktuellt\/neonatalavdelningen-pa-helsingborgs-lasarett-star-fardig\/#breadcrumb","itemListElement":[{"@type":"ListItem","position":1,"name":"Hem","item":"https:\/\/fojab.se\/"},{"@type":"ListItem","position":2,"name":"Neonatalavdelningen p\u00e5 Helsingborgs lasarett st\u00e5r f\u00e4rdig"}]},{"@type":"WebSite","@id":"https:\/\/fojab.se\/#website","url":"https:\/\/fojab.se\/","name":"FOJAB","description":"","potentialAction":[{"@type":"SearchAction","target":{"@type":"EntryPoint","urlTemplate":"https:\/\/fojab.se\/?s={search_term_string}"},"query-input":{"@type":"PropertyValueSpecification","valueRequired":true,"valueName":"search_term_string"}}],"inLanguage":"en-US"},{"@type":"Person","@id":"https:\/\/fojab.se\/#\/schema\/person\/5d07c69e3efdb8880196d961e851fb86","name":"Maximilian","image":{"@type":"ImageObject","inLanguage":"en-US","@id":"https:\/\/secure.gravatar.com\/avatar\/221a1319eee7f463c0098eb135b71e1f0a2c5dc558b91c929d84e226525981d8?s=96&d=mm&r=g","url":"https:\/\/secure.gravatar.com\/avatar\/221a1319eee7f463c0098eb135b71e1f0a2c5dc558b91c929d84e226525981d8?s=96&d=mm&r=g","contentUrl":"https:\/\/secure.gravatar.com\/avatar\/221a1319eee7f463c0098eb135b71e1f0a2c5dc558b91c929d84e226525981d8?s=96&d=mm&r=g","caption":"maximilian"},"url":"https:\/\/fojab.se\/en\/aktuellt\/author\/maximilian\/"}]}},"_links":{"self":[{"href":"https:\/\/fojab.se\/en\/wp-json\/wp\/v2\/posts\/2941","targetHints":{"allow":["GET"]}}],"collection":[{"href":"https:\/\/fojab.se\/en\/wp-json\/wp\/v2\/posts"}],"about":[{"href":"https:\/\/fojab.se\/en\/wp-json\/wp\/v2\/types\/post"}],"author":[{"embeddable":true,"href":"https:\/\/fojab.se\/en\/wp-json\/wp\/v2\/users\/1"}],"replies":[{"embeddable":true,"href":"https:\/\/fojab.se\/en\/wp-json\/wp\/v2\/comments?post=2941"}],"version-history":[{"count":9,"href":"https:\/\/fojab.se\/en\/wp-json\/wp\/v2\/posts\/2941\/revisions"}],"predecessor-version":[{"id":5025,"href":"https:\/\/fojab.se\/en\/wp-json\/wp\/v2\/posts\/2941\/revisions\/5025"}],"wp:featuredmedia":[{"embeddable":true,"href":"https:\/\/fojab.se\/en\/wp-json\/wp\/v2\/media\/2943"}],"wp:attachment":[{"href":"https:\/\/fojab.se\/en\/wp-json\/wp\/v2\/media?parent=2941"}],"wp:term":[{"taxonomy":"category","embeddable":true,"href":"https:\/\/fojab.se\/en\/wp-json\/wp\/v2\/categories?post=2941"},{"taxonomy":"post_tag","embeddable":true,"href":"https:\/\/fojab.se\/en\/wp-json\/wp\/v2\/tags?post=2941"}],"curies":[{"name":"wp","href":"https:\/\/api.w.org\/{rel}","templated":true}]}}