{"id":2932,"date":"2018-05-16T12:00:11","date_gmt":"2018-05-16T11:00:11","guid":{"rendered":"https:\/\/fojab.se\/?p=2932"},"modified":"2020-01-24T16:36:49","modified_gmt":"2020-01-24T15:36:49","slug":"international-day-of-light","status":"publish","type":"post","link":"https:\/\/fojab.se\/en\/topical\/international-day-of-light\/","title":{"rendered":"International day of light"},"content":{"rendered":"<p><strong>Today, 16 May 2018, UNESCO is organizing for the first time the International Day of Light. Around the world, the focus is on the importance of lighting for people's lives in the world. We took the opportunity to ask some questions to our lighting architect Viveca Rosencrantz.<\/strong><\/p>\n<p><strong>How important is light in our built environment?<br \/>\n<\/strong>Architecture and light are intimately linked. The interplay between darkness and light makes rooms, materials and colors visible. Light and sound environments interact. Spatial perception, orientation, safety, stimulation and, not least, health depend on quality light. There has been much focus on energy savings. The issue of social and economic sustainability is just as important in this context. We need to draw on existing research, take a long-term view and take responsibility for the issue of light.<\/p>\n<p><strong>Why are we not prioritizing light in the construction process?<br \/>\n<\/strong>This is partly due to a lack of knowledge at several influencing and decision-making levels. The concept of quality is not covered in the current standards, which focus on lux numbers, a very blunt instrument. Independent research is also not keeping up with the rapid technological development on the LED side and there is still a lack of standards in several areas that can provide guidance.<\/p>\n<p>The lighting issue is owned early on in the design process by the electrical consultant, who often chooses to draw general solutions focused on quantity. At that stage, there is insufficient information about activities, furnishings and colours. Factors that are very much part of the quality of the final lighting design. There is therefore also no coordination between general and environmental lighting.<\/p>\n<p><strong>What can we as architects do?<br \/>\n<\/strong>A lot. First of all, arming ourselves with knowledge, our own or others', and raising and actively pursuing the issue of light quality in time. Daylight management with solar shading and glare protection needs to be integrated into the architecture. It is also important to include the work of interior designers early in the process. Then there are completely different opportunities to get a differentiated, business-adapted lighting and avoid dazzling general overlighting. Ceiling-mounted LED panels are routinely designed today, with price and easy installation as arguments. A lighting million program that we already need to deal with in the form of negative effects on health and well-being at workplaces and schools. Here we can take help from synergonomists and lighting designers.<\/p>\n<p>&nbsp;<\/p>\n<p><strong>For further information:<\/strong><br \/>\nViveca Rosencrantz<br \/>\n<a href=\"mailto:viveca.rosencrantz@fojab.se\">viveca.rosencrantz@fojab.se<\/a><br \/>\n+46 761 - 16 81 10<\/p>\n<p><strong>Press:<\/strong><br \/>\nEmma Sch\u00f6\u00f6n<br \/>\n<a href=\"mailto:emma.schoon@fojab.se\">emma.schoon@<wbr \/>fojab.se<\/a><br \/>\n+46 702 - 49 11 57<\/p>","protected":false},"excerpt":{"rendered":"<p>Idag, den 16 maj 2018 arrangerar UNESCO f\u00f6r f\u00f6rsta g\u00e5ngen den Internationella Ljusdagen \u201dInternational day of light\u201d. Runt om i v\u00e4rlden s\u00e4tts fokus p\u00e5 belysningens betydelse f\u00f6r m\u00e4nniskors liv i v\u00e4rlden. Vi passade p\u00e5 att st\u00e4lla n\u00e5gra fr\u00e5gor till v\u00e5r ljusarkitekt Viveca Rosencrantz. Hur viktigt \u00e4r ljuset i v\u00e5r byggda milj\u00f6? Arkitektur och ljus h\u00e4nger [&hellip;]<\/p>\n","protected":false},"author":1,"featured_media":2933,"comment_status":"closed","ping_status":"open","sticky":false,"template":"","format":"standard","meta":{"_monsterinsights_skip_tracking":false,"_monsterinsights_sitenote_active":false,"_monsterinsights_sitenote_note":"","_monsterinsights_sitenote_category":0,"footnotes":""},"categories":[1],"tags":[],"class_list":["post-2932","post","type-post","status-publish","format-standard","has-post-thumbnail","hentry","category-uncategorized"],"acf":[],"yoast_head":"<!-- This site is optimized with the Yoast SEO plugin v27.5 - https:\/\/yoast.com\/product\/yoast-seo-wordpress\/ -->\n<title>International day of light | FOJAB<\/title>\n<meta name=\"robots\" content=\"index, follow, max-snippet:-1, max-image-preview:large, max-video-preview:-1\" \/>\n<link rel=\"canonical\" href=\"https:\/\/fojab.se\/en\/topical\/international-day-of-light\/\" \/>\n<meta property=\"og:locale\" content=\"en_US\" \/>\n<meta property=\"og:type\" content=\"article\" \/>\n<meta property=\"og:title\" content=\"International day of light | FOJAB\" \/>\n<meta property=\"og:description\" content=\"Idag, den 16 maj 2018 arrangerar UNESCO f\u00f6r f\u00f6rsta g\u00e5ngen den Internationella Ljusdagen \u201dInternational day of light\u201d. Runt om i v\u00e4rlden s\u00e4tts fokus p\u00e5 belysningens betydelse f\u00f6r m\u00e4nniskors liv i v\u00e4rlden. Vi passade p\u00e5 att st\u00e4lla n\u00e5gra fr\u00e5gor till v\u00e5r ljusarkitekt Viveca Rosencrantz. Hur viktigt \u00e4r ljuset i v\u00e5r byggda milj\u00f6? Arkitektur och ljus h\u00e4nger [&hellip;]\" \/>\n<meta property=\"og:url\" content=\"https:\/\/fojab.se\/en\/topical\/international-day-of-light\/\" \/>\n<meta property=\"og:site_name\" content=\"FOJAB\" \/>\n<meta property=\"article:published_time\" content=\"2018-05-16T11:00:11+00:00\" \/>\n<meta property=\"article:modified_time\" content=\"2020-01-24T15:36:49+00:00\" \/>\n<meta property=\"og:image\" content=\"https:\/\/media1.fojab.se\/2019\/03\/2018-05-16-international-day-of-light.jpg\" \/>\n\t<meta property=\"og:image:width\" content=\"768\" \/>\n\t<meta property=\"og:image:height\" content=\"421\" \/>\n\t<meta property=\"og:image:type\" content=\"image\/jpeg\" \/>\n<meta name=\"author\" content=\"maximilian\" \/>\n<meta name=\"twitter:card\" content=\"summary_large_image\" \/>\n<meta name=\"twitter:label1\" content=\"Written by\" \/>\n\t<meta name=\"twitter:data1\" content=\"maximilian\" \/>\n\t<meta name=\"twitter:label2\" content=\"Est. reading time\" \/>\n\t<meta name=\"twitter:data2\" content=\"2 minutes\" \/>\n<script type=\"application\/ld+json\" class=\"yoast-schema-graph\">{\"@context\":\"https:\\\/\\\/schema.org\",\"@graph\":[{\"@type\":\"Article\",\"@id\":\"https:\\\/\\\/fojab.se\\\/aktuellt\\\/international-day-of-light\\\/#article\",\"isPartOf\":{\"@id\":\"https:\\\/\\\/fojab.se\\\/aktuellt\\\/international-day-of-light\\\/\"},\"author\":{\"name\":\"maximilian\",\"@id\":\"https:\\\/\\\/fojab.se\\\/#\\\/schema\\\/person\\\/5d07c69e3efdb8880196d961e851fb86\"},\"headline\":\"International day of light\",\"datePublished\":\"2018-05-16T11:00:11+00:00\",\"dateModified\":\"2020-01-24T15:36:49+00:00\",\"mainEntityOfPage\":{\"@id\":\"https:\\\/\\\/fojab.se\\\/aktuellt\\\/international-day-of-light\\\/\"},\"wordCount\":430,\"image\":{\"@id\":\"https:\\\/\\\/fojab.se\\\/aktuellt\\\/international-day-of-light\\\/#primaryimage\"},\"thumbnailUrl\":\"https:\\\/\\\/media1.fojab.se\\\/2019\\\/03\\\/2018-05-16-international-day-of-light.jpg\",\"inLanguage\":\"en-US\"},{\"@type\":\"WebPage\",\"@id\":\"https:\\\/\\\/fojab.se\\\/aktuellt\\\/international-day-of-light\\\/\",\"url\":\"https:\\\/\\\/fojab.se\\\/aktuellt\\\/international-day-of-light\\\/\",\"name\":\"International day of light | FOJAB\",\"isPartOf\":{\"@id\":\"https:\\\/\\\/fojab.se\\\/#website\"},\"primaryImageOfPage\":{\"@id\":\"https:\\\/\\\/fojab.se\\\/aktuellt\\\/international-day-of-light\\\/#primaryimage\"},\"image\":{\"@id\":\"https:\\\/\\\/fojab.se\\\/aktuellt\\\/international-day-of-light\\\/#primaryimage\"},\"thumbnailUrl\":\"https:\\\/\\\/media1.fojab.se\\\/2019\\\/03\\\/2018-05-16-international-day-of-light.jpg\",\"datePublished\":\"2018-05-16T11:00:11+00:00\",\"dateModified\":\"2020-01-24T15:36:49+00:00\",\"author\":{\"@id\":\"https:\\\/\\\/fojab.se\\\/#\\\/schema\\\/person\\\/5d07c69e3efdb8880196d961e851fb86\"},\"breadcrumb\":{\"@id\":\"https:\\\/\\\/fojab.se\\\/aktuellt\\\/international-day-of-light\\\/#breadcrumb\"},\"inLanguage\":\"en-US\",\"potentialAction\":[{\"@type\":\"ReadAction\",\"target\":[\"https:\\\/\\\/fojab.se\\\/aktuellt\\\/international-day-of-light\\\/\"]}]},{\"@type\":\"ImageObject\",\"inLanguage\":\"en-US\",\"@id\":\"https:\\\/\\\/fojab.se\\\/aktuellt\\\/international-day-of-light\\\/#primaryimage\",\"url\":\"https:\\\/\\\/media1.fojab.se\\\/2019\\\/03\\\/2018-05-16-international-day-of-light.jpg\",\"contentUrl\":\"https:\\\/\\\/media1.fojab.se\\\/2019\\\/03\\\/2018-05-16-international-day-of-light.jpg\",\"width\":768,\"height\":421},{\"@type\":\"BreadcrumbList\",\"@id\":\"https:\\\/\\\/fojab.se\\\/aktuellt\\\/international-day-of-light\\\/#breadcrumb\",\"itemListElement\":[{\"@type\":\"ListItem\",\"position\":1,\"name\":\"Hem\",\"item\":\"https:\\\/\\\/fojab.se\\\/\"},{\"@type\":\"ListItem\",\"position\":2,\"name\":\"International day of light\"}]},{\"@type\":\"WebSite\",\"@id\":\"https:\\\/\\\/fojab.se\\\/#website\",\"url\":\"https:\\\/\\\/fojab.se\\\/\",\"name\":\"FOJAB\",\"description\":\"\",\"potentialAction\":[{\"@type\":\"SearchAction\",\"target\":{\"@type\":\"EntryPoint\",\"urlTemplate\":\"https:\\\/\\\/fojab.se\\\/?s={search_term_string}\"},\"query-input\":{\"@type\":\"PropertyValueSpecification\",\"valueRequired\":true,\"valueName\":\"search_term_string\"}}],\"inLanguage\":\"en-US\"},{\"@type\":\"Person\",\"@id\":\"https:\\\/\\\/fojab.se\\\/#\\\/schema\\\/person\\\/5d07c69e3efdb8880196d961e851fb86\",\"name\":\"maximilian\",\"image\":{\"@type\":\"ImageObject\",\"inLanguage\":\"en-US\",\"@id\":\"https:\\\/\\\/secure.gravatar.com\\\/avatar\\\/221a1319eee7f463c0098eb135b71e1f0a2c5dc558b91c929d84e226525981d8?s=96&d=mm&r=g\",\"url\":\"https:\\\/\\\/secure.gravatar.com\\\/avatar\\\/221a1319eee7f463c0098eb135b71e1f0a2c5dc558b91c929d84e226525981d8?s=96&d=mm&r=g\",\"contentUrl\":\"https:\\\/\\\/secure.gravatar.com\\\/avatar\\\/221a1319eee7f463c0098eb135b71e1f0a2c5dc558b91c929d84e226525981d8?s=96&d=mm&r=g\",\"caption\":\"maximilian\"},\"url\":\"https:\\\/\\\/fojab.se\\\/en\\\/aktuellt\\\/author\\\/maximilian\\\/\"}]}<\/script>\n<!-- \/ Yoast SEO plugin. -->","yoast_head_json":{"title":"International day of light | FOJAB","robots":{"index":"index","follow":"follow","max-snippet":"max-snippet:-1","max-image-preview":"max-image-preview:large","max-video-preview":"max-video-preview:-1"},"canonical":"https:\/\/fojab.se\/en\/topical\/international-day-of-light\/","og_locale":"en_US","og_type":"article","og_title":"International day of light | FOJAB","og_description":"Idag, den 16 maj 2018 arrangerar UNESCO f\u00f6r f\u00f6rsta g\u00e5ngen den Internationella Ljusdagen \u201dInternational day of light\u201d. Runt om i v\u00e4rlden s\u00e4tts fokus p\u00e5 belysningens betydelse f\u00f6r m\u00e4nniskors liv i v\u00e4rlden. Vi passade p\u00e5 att st\u00e4lla n\u00e5gra fr\u00e5gor till v\u00e5r ljusarkitekt Viveca Rosencrantz. Hur viktigt \u00e4r ljuset i v\u00e5r byggda milj\u00f6? Arkitektur och ljus h\u00e4nger [&hellip;]","og_url":"https:\/\/fojab.se\/en\/topical\/international-day-of-light\/","og_site_name":"FOJAB","article_published_time":"2018-05-16T11:00:11+00:00","article_modified_time":"2020-01-24T15:36:49+00:00","og_image":[{"width":768,"height":421,"url":"https:\/\/media1.fojab.se\/2019\/03\/2018-05-16-international-day-of-light.jpg","type":"image\/jpeg"}],"author":"maximilian","twitter_card":"summary_large_image","twitter_misc":{"Written by":"maximilian","Est. reading time":"2 minutes"},"schema":{"@context":"https:\/\/schema.org","@graph":[{"@type":"Article","@id":"https:\/\/fojab.se\/aktuellt\/international-day-of-light\/#article","isPartOf":{"@id":"https:\/\/fojab.se\/aktuellt\/international-day-of-light\/"},"author":{"name":"maximilian","@id":"https:\/\/fojab.se\/#\/schema\/person\/5d07c69e3efdb8880196d961e851fb86"},"headline":"International day of light","datePublished":"2018-05-16T11:00:11+00:00","dateModified":"2020-01-24T15:36:49+00:00","mainEntityOfPage":{"@id":"https:\/\/fojab.se\/aktuellt\/international-day-of-light\/"},"wordCount":430,"image":{"@id":"https:\/\/fojab.se\/aktuellt\/international-day-of-light\/#primaryimage"},"thumbnailUrl":"https:\/\/media1.fojab.se\/2019\/03\/2018-05-16-international-day-of-light.jpg","inLanguage":"en-US"},{"@type":"WebPage","@id":"https:\/\/fojab.se\/aktuellt\/international-day-of-light\/","url":"https:\/\/fojab.se\/aktuellt\/international-day-of-light\/","name":"International day of light | FOJAB","isPartOf":{"@id":"https:\/\/fojab.se\/#website"},"primaryImageOfPage":{"@id":"https:\/\/fojab.se\/aktuellt\/international-day-of-light\/#primaryimage"},"image":{"@id":"https:\/\/fojab.se\/aktuellt\/international-day-of-light\/#primaryimage"},"thumbnailUrl":"https:\/\/media1.fojab.se\/2019\/03\/2018-05-16-international-day-of-light.jpg","datePublished":"2018-05-16T11:00:11+00:00","dateModified":"2020-01-24T15:36:49+00:00","author":{"@id":"https:\/\/fojab.se\/#\/schema\/person\/5d07c69e3efdb8880196d961e851fb86"},"breadcrumb":{"@id":"https:\/\/fojab.se\/aktuellt\/international-day-of-light\/#breadcrumb"},"inLanguage":"en-US","potentialAction":[{"@type":"ReadAction","target":["https:\/\/fojab.se\/aktuellt\/international-day-of-light\/"]}]},{"@type":"ImageObject","inLanguage":"en-US","@id":"https:\/\/fojab.se\/aktuellt\/international-day-of-light\/#primaryimage","url":"https:\/\/media1.fojab.se\/2019\/03\/2018-05-16-international-day-of-light.jpg","contentUrl":"https:\/\/media1.fojab.se\/2019\/03\/2018-05-16-international-day-of-light.jpg","width":768,"height":421},{"@type":"BreadcrumbList","@id":"https:\/\/fojab.se\/aktuellt\/international-day-of-light\/#breadcrumb","itemListElement":[{"@type":"ListItem","position":1,"name":"Hem","item":"https:\/\/fojab.se\/"},{"@type":"ListItem","position":2,"name":"International day of light"}]},{"@type":"WebSite","@id":"https:\/\/fojab.se\/#website","url":"https:\/\/fojab.se\/","name":"FOJAB","description":"","potentialAction":[{"@type":"SearchAction","target":{"@type":"EntryPoint","urlTemplate":"https:\/\/fojab.se\/?s={search_term_string}"},"query-input":{"@type":"PropertyValueSpecification","valueRequired":true,"valueName":"search_term_string"}}],"inLanguage":"en-US"},{"@type":"Person","@id":"https:\/\/fojab.se\/#\/schema\/person\/5d07c69e3efdb8880196d961e851fb86","name":"Maximilian","image":{"@type":"ImageObject","inLanguage":"en-US","@id":"https:\/\/secure.gravatar.com\/avatar\/221a1319eee7f463c0098eb135b71e1f0a2c5dc558b91c929d84e226525981d8?s=96&d=mm&r=g","url":"https:\/\/secure.gravatar.com\/avatar\/221a1319eee7f463c0098eb135b71e1f0a2c5dc558b91c929d84e226525981d8?s=96&d=mm&r=g","contentUrl":"https:\/\/secure.gravatar.com\/avatar\/221a1319eee7f463c0098eb135b71e1f0a2c5dc558b91c929d84e226525981d8?s=96&d=mm&r=g","caption":"maximilian"},"url":"https:\/\/fojab.se\/en\/aktuellt\/author\/maximilian\/"}]}},"_links":{"self":[{"href":"https:\/\/fojab.se\/en\/wp-json\/wp\/v2\/posts\/2932","targetHints":{"allow":["GET"]}}],"collection":[{"href":"https:\/\/fojab.se\/en\/wp-json\/wp\/v2\/posts"}],"about":[{"href":"https:\/\/fojab.se\/en\/wp-json\/wp\/v2\/types\/post"}],"author":[{"embeddable":true,"href":"https:\/\/fojab.se\/en\/wp-json\/wp\/v2\/users\/1"}],"replies":[{"embeddable":true,"href":"https:\/\/fojab.se\/en\/wp-json\/wp\/v2\/comments?post=2932"}],"version-history":[{"count":7,"href":"https:\/\/fojab.se\/en\/wp-json\/wp\/v2\/posts\/2932\/revisions"}],"predecessor-version":[{"id":4955,"href":"https:\/\/fojab.se\/en\/wp-json\/wp\/v2\/posts\/2932\/revisions\/4955"}],"wp:featuredmedia":[{"embeddable":true,"href":"https:\/\/fojab.se\/en\/wp-json\/wp\/v2\/media\/2933"}],"wp:attachment":[{"href":"https:\/\/fojab.se\/en\/wp-json\/wp\/v2\/media?parent=2932"}],"wp:term":[{"taxonomy":"category","embeddable":true,"href":"https:\/\/fojab.se\/en\/wp-json\/wp\/v2\/categories?post=2932"},{"taxonomy":"post_tag","embeddable":true,"href":"https:\/\/fojab.se\/en\/wp-json\/wp\/v2\/tags?post=2932"}],"curies":[{"name":"wp","href":"https:\/\/api.w.org\/{rel}","templated":true}]}}