{"id":2930,"date":"2018-05-02T12:01:42","date_gmt":"2018-05-02T11:01:42","guid":{"rendered":"https:\/\/fojab.se\/?p=2930"},"modified":"2020-01-24T16:36:49","modified_gmt":"2020-01-24T15:36:49","slug":"aromalund-central-lund-gets-a-new-block","status":"publish","type":"post","link":"https:\/\/fojab.se\/en\/topical\/aromalund-central-lund-gets-a-new-block\/","title":{"rendered":"Aromalund - central Lund gets a new neighborhood"},"content":{"rendered":"<p><strong>At King Oskar's Bridge, a few hundred meters north of Lund C, we are designing two residential blocks and an office building for the property development company Sj\u00f6son. The blocks are given a strong character, great variation in expression and high quality materials.<\/strong><\/p>\n<p>Aromalund will be an attractive and urban neighborhood with a focus on a sustainable lifestyle and people at the center. The site where the neighborhood is emerging has historically been part of northern Lund's plantations and apple orchards. The history of the site together with the Aroma apple, Sk\u00e5ne's landscape apple, is the basis for the name Aromalund.<\/p>\n<p>The development consists of an office block in the southern part and two residential blocks with green courtyards and a common square. The residential buildings consist of 165 homes in ten different buildings oriented around raised courtyards. FOJAB's ambition is to give the neighborhoods great variation in expression with facade materials consisting of brick and light-colored plaster.<\/p>\n<p>- The idea has been to create a variety of selected characters - classic, minimalist, earthy and innovative. The different characters will reflect everything from facade design to floor plan. The residential courtyards will also draw inspiration from the different characters, which will contribute to a great variety in the courtyard environment,\" says Joachim Lundqvist, commissioned architect for the residential block.<\/p>\n<p><strong>A solitaire in the middle of Aromalund<\/strong><br \/>\nThe office block consists of a character building made up of several interacting volumes. The building height is varied to meet both the higher existing buildings adjacent to Kung Oskars bro and the adjacent lower housing in the east. At Kung Oskars v\u00e4g in the southeast there is a welcoming entrance square and the main entrance to the office. The entrance square is connected by an atrium which is the communicative node of the office section, with a walk around the atrium encouraging spontaneous and planned meetings. The office floors can be subdivided for different actors, with views and interaction with the atrium setting the tone. Up on the roof there is a penthouse with unobstructed views of Lund, as well as terrace areas and green roofs.<\/p>\n<p>With an interesting play of volumes in different heights and indentations and a homogeneous facade material, a solitaire is created in the middle of the new neighborhood.<\/p>\n<p>Joachim Lundquist is the architect responsible for the residential block, while Kjell Adamsson is responsible for the office building. The project team also includes architects Karin Andersson, Mattias \u00c5str\u00f6m, Andreas Jentsch, Haydar Alward and Emma Carlbom, project manager.<\/p>\n<p>&nbsp;<\/p>\n<p><strong>For further information:<\/strong><br \/>\nJoachim Lundquist<br \/>\n<a href=\"mailto:joachim.lundquist@fojab.se\">joachim.lundquist@fojab.se<\/a><br \/>\n+46 705 - 90 24 18<\/p>\n<p><strong>Press:<\/strong><br \/>\nEmma Sch\u00f6\u00f6n<br \/>\n<a href=\"mailto:emma.schoon@fojab.se\">emma.schoon@<wbr \/>fojab.se<\/a><br \/>\n+46 702 - 49 11 57<\/p>","protected":false},"excerpt":{"rendered":"<p>Vid Kung Oskars bro, ett par hundra meter norr om Lund C ritar vi tv\u00e5 bostadskvarter och ett kontorshus \u00e5t fastighetsutvecklingsbolaget Sj\u00f6son. Kvarteren ges en stark karakt\u00e4r, stor variation i uttryck och materialval av h\u00f6g kvalitet. Aromalund ska bli ett attraktivt och urbant kvarter med fokus p\u00e5 en h\u00e5llbar livsstil och m\u00e4nniskan i centrum. Platsen [&hellip;]<\/p>\n","protected":false},"author":1,"featured_media":873,"comment_status":"closed","ping_status":"open","sticky":false,"template":"","format":"standard","meta":{"_monsterinsights_skip_tracking":false,"_monsterinsights_sitenote_active":false,"_monsterinsights_sitenote_note":"","_monsterinsights_sitenote_category":0,"footnotes":""},"categories":[1],"tags":[],"class_list":["post-2930","post","type-post","status-publish","format-standard","has-post-thumbnail","hentry","category-uncategorized"],"acf":[],"yoast_head":"<!-- This site is optimized with the Yoast SEO plugin v27.5 - https:\/\/yoast.com\/product\/yoast-seo-wordpress\/ -->\n<title>Aromalund \u2013 centrala Lund f\u00e5r ett nytt kvarter | FOJAB<\/title>\n<meta name=\"robots\" content=\"index, follow, max-snippet:-1, max-image-preview:large, max-video-preview:-1\" \/>\n<link rel=\"canonical\" href=\"https:\/\/fojab.se\/en\/topical\/aromalund-central-lund-gets-a-new-block\/\" \/>\n<meta property=\"og:locale\" content=\"en_US\" \/>\n<meta property=\"og:type\" content=\"article\" \/>\n<meta property=\"og:title\" content=\"Aromalund \u2013 centrala Lund f\u00e5r ett nytt kvarter | FOJAB\" \/>\n<meta property=\"og:description\" content=\"Vid Kung Oskars bro, ett par hundra meter norr om Lund C ritar vi tv\u00e5 bostadskvarter och ett kontorshus \u00e5t fastighetsutvecklingsbolaget Sj\u00f6son. Kvarteren ges en stark karakt\u00e4r, stor variation i uttryck och materialval av h\u00f6g kvalitet. Aromalund ska bli ett attraktivt och urbant kvarter med fokus p\u00e5 en h\u00e5llbar livsstil och m\u00e4nniskan i centrum. Platsen [&hellip;]\" \/>\n<meta property=\"og:url\" content=\"https:\/\/fojab.se\/en\/topical\/aromalund-central-lund-gets-a-new-block\/\" \/>\n<meta property=\"og:site_name\" content=\"FOJAB\" \/>\n<meta property=\"article:published_time\" content=\"2018-05-02T11:01:42+00:00\" \/>\n<meta property=\"article:modified_time\" content=\"2020-01-24T15:36:49+00:00\" \/>\n<meta property=\"og:image\" content=\"https:\/\/media1.fojab.se\/2019\/02\/fojab_bernlundska-huset_1524668544-2001x898.jpg\" \/>\n\t<meta property=\"og:image:width\" content=\"2001\" \/>\n\t<meta property=\"og:image:height\" content=\"898\" \/>\n\t<meta property=\"og:image:type\" content=\"image\/jpeg\" \/>\n<meta name=\"author\" content=\"maximilian\" \/>\n<meta name=\"twitter:card\" content=\"summary_large_image\" \/>\n<meta name=\"twitter:label1\" content=\"Written by\" \/>\n\t<meta name=\"twitter:data1\" content=\"maximilian\" \/>\n\t<meta name=\"twitter:label2\" content=\"Est. reading time\" \/>\n\t<meta name=\"twitter:data2\" content=\"2 minutes\" \/>\n<script type=\"application\/ld+json\" class=\"yoast-schema-graph\">{\"@context\":\"https:\\\/\\\/schema.org\",\"@graph\":[{\"@type\":\"Article\",\"@id\":\"https:\\\/\\\/fojab.se\\\/aktuellt\\\/aromalund-centrala-lund-far-ett-nytt-kvarter\\\/#article\",\"isPartOf\":{\"@id\":\"https:\\\/\\\/fojab.se\\\/aktuellt\\\/aromalund-centrala-lund-far-ett-nytt-kvarter\\\/\"},\"author\":{\"name\":\"maximilian\",\"@id\":\"https:\\\/\\\/fojab.se\\\/#\\\/schema\\\/person\\\/5d07c69e3efdb8880196d961e851fb86\"},\"headline\":\"Aromalund \u2013 centrala Lund f\u00e5r ett nytt kvarter\",\"datePublished\":\"2018-05-02T11:01:42+00:00\",\"dateModified\":\"2020-01-24T15:36:49+00:00\",\"mainEntityOfPage\":{\"@id\":\"https:\\\/\\\/fojab.se\\\/aktuellt\\\/aromalund-centrala-lund-far-ett-nytt-kvarter\\\/\"},\"wordCount\":446,\"image\":{\"@id\":\"https:\\\/\\\/fojab.se\\\/aktuellt\\\/aromalund-centrala-lund-far-ett-nytt-kvarter\\\/#primaryimage\"},\"thumbnailUrl\":\"https:\\\/\\\/media1.fojab.se\\\/2019\\\/02\\\/fojab_bernlundska-huset_1524668544-scaled.jpg\",\"inLanguage\":\"en-US\"},{\"@type\":\"WebPage\",\"@id\":\"https:\\\/\\\/fojab.se\\\/aktuellt\\\/aromalund-centrala-lund-far-ett-nytt-kvarter\\\/\",\"url\":\"https:\\\/\\\/fojab.se\\\/aktuellt\\\/aromalund-centrala-lund-far-ett-nytt-kvarter\\\/\",\"name\":\"Aromalund \u2013 centrala Lund f\u00e5r ett nytt kvarter | FOJAB\",\"isPartOf\":{\"@id\":\"https:\\\/\\\/fojab.se\\\/#website\"},\"primaryImageOfPage\":{\"@id\":\"https:\\\/\\\/fojab.se\\\/aktuellt\\\/aromalund-centrala-lund-far-ett-nytt-kvarter\\\/#primaryimage\"},\"image\":{\"@id\":\"https:\\\/\\\/fojab.se\\\/aktuellt\\\/aromalund-centrala-lund-far-ett-nytt-kvarter\\\/#primaryimage\"},\"thumbnailUrl\":\"https:\\\/\\\/media1.fojab.se\\\/2019\\\/02\\\/fojab_bernlundska-huset_1524668544-scaled.jpg\",\"datePublished\":\"2018-05-02T11:01:42+00:00\",\"dateModified\":\"2020-01-24T15:36:49+00:00\",\"author\":{\"@id\":\"https:\\\/\\\/fojab.se\\\/#\\\/schema\\\/person\\\/5d07c69e3efdb8880196d961e851fb86\"},\"breadcrumb\":{\"@id\":\"https:\\\/\\\/fojab.se\\\/aktuellt\\\/aromalund-centrala-lund-far-ett-nytt-kvarter\\\/#breadcrumb\"},\"inLanguage\":\"en-US\",\"potentialAction\":[{\"@type\":\"ReadAction\",\"target\":[\"https:\\\/\\\/fojab.se\\\/aktuellt\\\/aromalund-centrala-lund-far-ett-nytt-kvarter\\\/\"]}]},{\"@type\":\"ImageObject\",\"inLanguage\":\"en-US\",\"@id\":\"https:\\\/\\\/fojab.se\\\/aktuellt\\\/aromalund-centrala-lund-far-ett-nytt-kvarter\\\/#primaryimage\",\"url\":\"https:\\\/\\\/media1.fojab.se\\\/2019\\\/02\\\/fojab_bernlundska-huset_1524668544-scaled.jpg\",\"contentUrl\":\"https:\\\/\\\/media1.fojab.se\\\/2019\\\/02\\\/fojab_bernlundska-huset_1524668544-scaled.jpg\",\"width\":2560,\"height\":1149},{\"@type\":\"BreadcrumbList\",\"@id\":\"https:\\\/\\\/fojab.se\\\/aktuellt\\\/aromalund-centrala-lund-far-ett-nytt-kvarter\\\/#breadcrumb\",\"itemListElement\":[{\"@type\":\"ListItem\",\"position\":1,\"name\":\"Hem\",\"item\":\"https:\\\/\\\/fojab.se\\\/\"},{\"@type\":\"ListItem\",\"position\":2,\"name\":\"Aromalund \u2013 centrala Lund f\u00e5r ett nytt kvarter\"}]},{\"@type\":\"WebSite\",\"@id\":\"https:\\\/\\\/fojab.se\\\/#website\",\"url\":\"https:\\\/\\\/fojab.se\\\/\",\"name\":\"FOJAB\",\"description\":\"\",\"potentialAction\":[{\"@type\":\"SearchAction\",\"target\":{\"@type\":\"EntryPoint\",\"urlTemplate\":\"https:\\\/\\\/fojab.se\\\/?s={search_term_string}\"},\"query-input\":{\"@type\":\"PropertyValueSpecification\",\"valueRequired\":true,\"valueName\":\"search_term_string\"}}],\"inLanguage\":\"en-US\"},{\"@type\":\"Person\",\"@id\":\"https:\\\/\\\/fojab.se\\\/#\\\/schema\\\/person\\\/5d07c69e3efdb8880196d961e851fb86\",\"name\":\"maximilian\",\"image\":{\"@type\":\"ImageObject\",\"inLanguage\":\"en-US\",\"@id\":\"https:\\\/\\\/secure.gravatar.com\\\/avatar\\\/221a1319eee7f463c0098eb135b71e1f0a2c5dc558b91c929d84e226525981d8?s=96&d=mm&r=g\",\"url\":\"https:\\\/\\\/secure.gravatar.com\\\/avatar\\\/221a1319eee7f463c0098eb135b71e1f0a2c5dc558b91c929d84e226525981d8?s=96&d=mm&r=g\",\"contentUrl\":\"https:\\\/\\\/secure.gravatar.com\\\/avatar\\\/221a1319eee7f463c0098eb135b71e1f0a2c5dc558b91c929d84e226525981d8?s=96&d=mm&r=g\",\"caption\":\"maximilian\"},\"url\":\"https:\\\/\\\/fojab.se\\\/en\\\/aktuellt\\\/author\\\/maximilian\\\/\"}]}<\/script>\n<!-- \/ Yoast SEO plugin. -->","yoast_head_json":{"title":"Aromalund - central Lund gets a new neighborhood | FOJAB","robots":{"index":"index","follow":"follow","max-snippet":"max-snippet:-1","max-image-preview":"max-image-preview:large","max-video-preview":"max-video-preview:-1"},"canonical":"https:\/\/fojab.se\/en\/topical\/aromalund-central-lund-gets-a-new-block\/","og_locale":"en_US","og_type":"article","og_title":"Aromalund \u2013 centrala Lund f\u00e5r ett nytt kvarter | FOJAB","og_description":"Vid Kung Oskars bro, ett par hundra meter norr om Lund C ritar vi tv\u00e5 bostadskvarter och ett kontorshus \u00e5t fastighetsutvecklingsbolaget Sj\u00f6son. Kvarteren ges en stark karakt\u00e4r, stor variation i uttryck och materialval av h\u00f6g kvalitet. Aromalund ska bli ett attraktivt och urbant kvarter med fokus p\u00e5 en h\u00e5llbar livsstil och m\u00e4nniskan i centrum. Platsen [&hellip;]","og_url":"https:\/\/fojab.se\/en\/topical\/aromalund-central-lund-gets-a-new-block\/","og_site_name":"FOJAB","article_published_time":"2018-05-02T11:01:42+00:00","article_modified_time":"2020-01-24T15:36:49+00:00","og_image":[{"width":2001,"height":898,"url":"https:\/\/media1.fojab.se\/2019\/02\/fojab_bernlundska-huset_1524668544-2001x898.jpg","type":"image\/jpeg"}],"author":"maximilian","twitter_card":"summary_large_image","twitter_misc":{"Written by":"maximilian","Est. reading time":"2 minutes"},"schema":{"@context":"https:\/\/schema.org","@graph":[{"@type":"Article","@id":"https:\/\/fojab.se\/aktuellt\/aromalund-centrala-lund-far-ett-nytt-kvarter\/#article","isPartOf":{"@id":"https:\/\/fojab.se\/aktuellt\/aromalund-centrala-lund-far-ett-nytt-kvarter\/"},"author":{"name":"maximilian","@id":"https:\/\/fojab.se\/#\/schema\/person\/5d07c69e3efdb8880196d961e851fb86"},"headline":"Aromalund \u2013 centrala Lund f\u00e5r ett nytt kvarter","datePublished":"2018-05-02T11:01:42+00:00","dateModified":"2020-01-24T15:36:49+00:00","mainEntityOfPage":{"@id":"https:\/\/fojab.se\/aktuellt\/aromalund-centrala-lund-far-ett-nytt-kvarter\/"},"wordCount":446,"image":{"@id":"https:\/\/fojab.se\/aktuellt\/aromalund-centrala-lund-far-ett-nytt-kvarter\/#primaryimage"},"thumbnailUrl":"https:\/\/media1.fojab.se\/2019\/02\/fojab_bernlundska-huset_1524668544-scaled.jpg","inLanguage":"en-US"},{"@type":"WebPage","@id":"https:\/\/fojab.se\/aktuellt\/aromalund-centrala-lund-far-ett-nytt-kvarter\/","url":"https:\/\/fojab.se\/aktuellt\/aromalund-centrala-lund-far-ett-nytt-kvarter\/","name":"Aromalund - central Lund gets a new neighborhood | FOJAB","isPartOf":{"@id":"https:\/\/fojab.se\/#website"},"primaryImageOfPage":{"@id":"https:\/\/fojab.se\/aktuellt\/aromalund-centrala-lund-far-ett-nytt-kvarter\/#primaryimage"},"image":{"@id":"https:\/\/fojab.se\/aktuellt\/aromalund-centrala-lund-far-ett-nytt-kvarter\/#primaryimage"},"thumbnailUrl":"https:\/\/media1.fojab.se\/2019\/02\/fojab_bernlundska-huset_1524668544-scaled.jpg","datePublished":"2018-05-02T11:01:42+00:00","dateModified":"2020-01-24T15:36:49+00:00","author":{"@id":"https:\/\/fojab.se\/#\/schema\/person\/5d07c69e3efdb8880196d961e851fb86"},"breadcrumb":{"@id":"https:\/\/fojab.se\/aktuellt\/aromalund-centrala-lund-far-ett-nytt-kvarter\/#breadcrumb"},"inLanguage":"en-US","potentialAction":[{"@type":"ReadAction","target":["https:\/\/fojab.se\/aktuellt\/aromalund-centrala-lund-far-ett-nytt-kvarter\/"]}]},{"@type":"ImageObject","inLanguage":"en-US","@id":"https:\/\/fojab.se\/aktuellt\/aromalund-centrala-lund-far-ett-nytt-kvarter\/#primaryimage","url":"https:\/\/media1.fojab.se\/2019\/02\/fojab_bernlundska-huset_1524668544-scaled.jpg","contentUrl":"https:\/\/media1.fojab.se\/2019\/02\/fojab_bernlundska-huset_1524668544-scaled.jpg","width":2560,"height":1149},{"@type":"BreadcrumbList","@id":"https:\/\/fojab.se\/aktuellt\/aromalund-centrala-lund-far-ett-nytt-kvarter\/#breadcrumb","itemListElement":[{"@type":"ListItem","position":1,"name":"Hem","item":"https:\/\/fojab.se\/"},{"@type":"ListItem","position":2,"name":"Aromalund \u2013 centrala Lund f\u00e5r ett nytt kvarter"}]},{"@type":"WebSite","@id":"https:\/\/fojab.se\/#website","url":"https:\/\/fojab.se\/","name":"FOJAB","description":"","potentialAction":[{"@type":"SearchAction","target":{"@type":"EntryPoint","urlTemplate":"https:\/\/fojab.se\/?s={search_term_string}"},"query-input":{"@type":"PropertyValueSpecification","valueRequired":true,"valueName":"search_term_string"}}],"inLanguage":"en-US"},{"@type":"Person","@id":"https:\/\/fojab.se\/#\/schema\/person\/5d07c69e3efdb8880196d961e851fb86","name":"Maximilian","image":{"@type":"ImageObject","inLanguage":"en-US","@id":"https:\/\/secure.gravatar.com\/avatar\/221a1319eee7f463c0098eb135b71e1f0a2c5dc558b91c929d84e226525981d8?s=96&d=mm&r=g","url":"https:\/\/secure.gravatar.com\/avatar\/221a1319eee7f463c0098eb135b71e1f0a2c5dc558b91c929d84e226525981d8?s=96&d=mm&r=g","contentUrl":"https:\/\/secure.gravatar.com\/avatar\/221a1319eee7f463c0098eb135b71e1f0a2c5dc558b91c929d84e226525981d8?s=96&d=mm&r=g","caption":"maximilian"},"url":"https:\/\/fojab.se\/en\/aktuellt\/author\/maximilian\/"}]}},"_links":{"self":[{"href":"https:\/\/fojab.se\/en\/wp-json\/wp\/v2\/posts\/2930","targetHints":{"allow":["GET"]}}],"collection":[{"href":"https:\/\/fojab.se\/en\/wp-json\/wp\/v2\/posts"}],"about":[{"href":"https:\/\/fojab.se\/en\/wp-json\/wp\/v2\/types\/post"}],"author":[{"embeddable":true,"href":"https:\/\/fojab.se\/en\/wp-json\/wp\/v2\/users\/1"}],"replies":[{"embeddable":true,"href":"https:\/\/fojab.se\/en\/wp-json\/wp\/v2\/comments?post=2930"}],"version-history":[{"count":5,"href":"https:\/\/fojab.se\/en\/wp-json\/wp\/v2\/posts\/2930\/revisions"}],"predecessor-version":[{"id":4956,"href":"https:\/\/fojab.se\/en\/wp-json\/wp\/v2\/posts\/2930\/revisions\/4956"}],"wp:featuredmedia":[{"embeddable":true,"href":"https:\/\/fojab.se\/en\/wp-json\/wp\/v2\/media\/873"}],"wp:attachment":[{"href":"https:\/\/fojab.se\/en\/wp-json\/wp\/v2\/media?parent=2930"}],"wp:term":[{"taxonomy":"category","embeddable":true,"href":"https:\/\/fojab.se\/en\/wp-json\/wp\/v2\/categories?post=2930"},{"taxonomy":"post_tag","embeddable":true,"href":"https:\/\/fojab.se\/en\/wp-json\/wp\/v2\/tags?post=2930"}],"curies":[{"name":"wp","href":"https:\/\/api.w.org\/{rel}","templated":true}]}}