{"id":2871,"date":"2017-10-01T12:00:36","date_gmt":"2017-10-01T11:00:36","guid":{"rendered":"https:\/\/fojab.se\/?p=2871"},"modified":"2023-01-26T14:49:29","modified_gmt":"2023-01-26T13:49:29","slug":"hofs-park-the-future-housing-for-the-elderly-in-vaxjo","status":"publish","type":"post","link":"https:\/\/fojab.se\/en\/topical\/hofs-park-the-future-housing-for-the-elderly-in-vaxjo\/","title":{"rendered":"Hofs Park - Future housing for the elderly in V\u00e4xj\u00f6"},"content":{"rendered":"<p><strong>Last autumn, V\u00e4xj\u00f6bost\u00e4der AB arranged an idea competition regarding a concept for how the future housing for the elderly in V\u00e4xj\u00f6 should be designed. FOJAB, together with the real estate company APP Properties, has developed a unique neighborhood for the target group 55+.<\/strong><\/p>\n<p>The design is based on the basic idea of letting the park and the green environment characterize living in Hofs Park. The park creates community for the residents and promotes a social and active life in the neighborhood. Green paths, walkways and outdoor environments interact well with the sculpted buildings and the surroundings. Adjacent to the park and square are the neighborhood's common facilities, such as a restaurant and caf\u00e9, gym, indoor and outdoor pool. Together with the boule and tennis courts, the pensioners' house, medical center and shops form a whole. The block will also include a preschool, which contributes to a vibrant neighborhood.<\/p>\n<p>Hofs Park has high environmental and sustainability standards from a social, ecological and economic perspective. The idea is to install solar cells and meters for electricity, hot and cold water where residents can compare their consumption with an average for the area. This will further enhance the attractiveness of the neighborhood and contribute to Europe's greenest city. Construction of Hofs Park is planned to start in the fall of 2018.<\/p>","protected":false},"excerpt":{"rendered":"<p>V\u00e4xj\u00f6bost\u00e4der AB arrangerade i h\u00f6stas en id\u00e9t\u00e4vling g\u00e4llande ett koncept f\u00f6r hur framtidens boende f\u00f6r \u00e4ldre i V\u00e4xj\u00f6 ska utformas. FOJAB har tillsammans med fastighetsbolaget APP Properties tagit fram ett unikt kvarter f\u00f6r m\u00e5lgruppen 55+. Gestaltningen bygger p\u00e5 grundid\u00e9n om att l\u00e5ta parken och den gr\u00f6na milj\u00f6n pr\u00e4gla boendet i Hofs Park. Parken skapar gemenskap [&hellip;]<\/p>\n","protected":false},"author":1,"featured_media":2872,"comment_status":"closed","ping_status":"open","sticky":false,"template":"","format":"standard","meta":{"_monsterinsights_skip_tracking":false,"_monsterinsights_sitenote_active":false,"_monsterinsights_sitenote_note":"","_monsterinsights_sitenote_category":0,"footnotes":""},"categories":[1],"tags":[],"class_list":["post-2871","post","type-post","status-publish","format-standard","has-post-thumbnail","hentry","category-uncategorized"],"acf":[],"yoast_head":"<!-- This site is optimized with the Yoast SEO plugin v27.4 - https:\/\/yoast.com\/product\/yoast-seo-wordpress\/ -->\n<title>Hofs Park - Framtidens boende f\u00f6r \u00e4ldre i V\u00e4xj\u00f6 | FOJAB<\/title>\n<meta name=\"robots\" content=\"index, follow, max-snippet:-1, max-image-preview:large, max-video-preview:-1\" \/>\n<link rel=\"canonical\" href=\"https:\/\/fojab.se\/en\/topical\/hofs-park-the-future-housing-for-the-elderly-in-vaxjo\/\" \/>\n<meta property=\"og:locale\" content=\"en_US\" \/>\n<meta property=\"og:type\" content=\"article\" \/>\n<meta property=\"og:title\" content=\"Hofs Park - Framtidens boende f\u00f6r \u00e4ldre i V\u00e4xj\u00f6 | FOJAB\" \/>\n<meta property=\"og:description\" content=\"V\u00e4xj\u00f6bost\u00e4der AB arrangerade i h\u00f6stas en id\u00e9t\u00e4vling g\u00e4llande ett koncept f\u00f6r hur framtidens boende f\u00f6r \u00e4ldre i V\u00e4xj\u00f6 ska utformas. FOJAB har tillsammans med fastighetsbolaget APP Properties tagit fram ett unikt kvarter f\u00f6r m\u00e5lgruppen 55+. Gestaltningen bygger p\u00e5 grundid\u00e9n om att l\u00e5ta parken och den gr\u00f6na milj\u00f6n pr\u00e4gla boendet i Hofs Park. Parken skapar gemenskap [&hellip;]\" \/>\n<meta property=\"og:url\" content=\"https:\/\/fojab.se\/en\/topical\/hofs-park-the-future-housing-for-the-elderly-in-vaxjo\/\" \/>\n<meta property=\"og:site_name\" content=\"FOJAB\" \/>\n<meta property=\"article:published_time\" content=\"2017-10-01T11:00:36+00:00\" \/>\n<meta property=\"article:modified_time\" content=\"2023-01-26T13:49:29+00:00\" \/>\n<meta property=\"og:image\" content=\"https:\/\/media1.fojab.se\/2019\/03\/2017-10-01-hovs-park-framtidens-boende-for-aldre-i-vaxjo.jpg\" \/>\n\t<meta property=\"og:image:width\" content=\"768\" \/>\n\t<meta property=\"og:image:height\" content=\"421\" \/>\n\t<meta property=\"og:image:type\" content=\"image\/jpeg\" \/>\n<meta name=\"author\" content=\"maximilian\" \/>\n<meta name=\"twitter:card\" content=\"summary_large_image\" \/>\n<meta name=\"twitter:label1\" content=\"Written by\" \/>\n\t<meta name=\"twitter:data1\" content=\"maximilian\" \/>\n\t<meta name=\"twitter:label2\" content=\"Est. reading time\" \/>\n\t<meta name=\"twitter:data2\" content=\"1 minute\" \/>\n<script type=\"application\/ld+json\" class=\"yoast-schema-graph\">{\"@context\":\"https:\\\/\\\/schema.org\",\"@graph\":[{\"@type\":\"Article\",\"@id\":\"https:\\\/\\\/fojab.se\\\/aktuellt\\\/hofs-park-framtidens-boende-for-aldre-i-vaxjo\\\/#article\",\"isPartOf\":{\"@id\":\"https:\\\/\\\/fojab.se\\\/aktuellt\\\/hofs-park-framtidens-boende-for-aldre-i-vaxjo\\\/\"},\"author\":{\"name\":\"maximilian\",\"@id\":\"https:\\\/\\\/fojab.se\\\/#\\\/schema\\\/person\\\/5d07c69e3efdb8880196d961e851fb86\"},\"headline\":\"Hofs Park &#8211; Framtidens boende f\u00f6r \u00e4ldre i V\u00e4xj\u00f6\",\"datePublished\":\"2017-10-01T11:00:36+00:00\",\"dateModified\":\"2023-01-26T13:49:29+00:00\",\"mainEntityOfPage\":{\"@id\":\"https:\\\/\\\/fojab.se\\\/aktuellt\\\/hofs-park-framtidens-boende-for-aldre-i-vaxjo\\\/\"},\"wordCount\":238,\"image\":{\"@id\":\"https:\\\/\\\/fojab.se\\\/aktuellt\\\/hofs-park-framtidens-boende-for-aldre-i-vaxjo\\\/#primaryimage\"},\"thumbnailUrl\":\"https:\\\/\\\/media1.fojab.se\\\/2019\\\/03\\\/2017-10-01-hovs-park-framtidens-boende-for-aldre-i-vaxjo.jpg\",\"inLanguage\":\"en-US\"},{\"@type\":\"WebPage\",\"@id\":\"https:\\\/\\\/fojab.se\\\/aktuellt\\\/hofs-park-framtidens-boende-for-aldre-i-vaxjo\\\/\",\"url\":\"https:\\\/\\\/fojab.se\\\/aktuellt\\\/hofs-park-framtidens-boende-for-aldre-i-vaxjo\\\/\",\"name\":\"Hofs Park - Framtidens boende f\u00f6r \u00e4ldre i V\u00e4xj\u00f6 | FOJAB\",\"isPartOf\":{\"@id\":\"https:\\\/\\\/fojab.se\\\/#website\"},\"primaryImageOfPage\":{\"@id\":\"https:\\\/\\\/fojab.se\\\/aktuellt\\\/hofs-park-framtidens-boende-for-aldre-i-vaxjo\\\/#primaryimage\"},\"image\":{\"@id\":\"https:\\\/\\\/fojab.se\\\/aktuellt\\\/hofs-park-framtidens-boende-for-aldre-i-vaxjo\\\/#primaryimage\"},\"thumbnailUrl\":\"https:\\\/\\\/media1.fojab.se\\\/2019\\\/03\\\/2017-10-01-hovs-park-framtidens-boende-for-aldre-i-vaxjo.jpg\",\"datePublished\":\"2017-10-01T11:00:36+00:00\",\"dateModified\":\"2023-01-26T13:49:29+00:00\",\"author\":{\"@id\":\"https:\\\/\\\/fojab.se\\\/#\\\/schema\\\/person\\\/5d07c69e3efdb8880196d961e851fb86\"},\"breadcrumb\":{\"@id\":\"https:\\\/\\\/fojab.se\\\/aktuellt\\\/hofs-park-framtidens-boende-for-aldre-i-vaxjo\\\/#breadcrumb\"},\"inLanguage\":\"en-US\",\"potentialAction\":[{\"@type\":\"ReadAction\",\"target\":[\"https:\\\/\\\/fojab.se\\\/aktuellt\\\/hofs-park-framtidens-boende-for-aldre-i-vaxjo\\\/\"]}]},{\"@type\":\"ImageObject\",\"inLanguage\":\"en-US\",\"@id\":\"https:\\\/\\\/fojab.se\\\/aktuellt\\\/hofs-park-framtidens-boende-for-aldre-i-vaxjo\\\/#primaryimage\",\"url\":\"https:\\\/\\\/media1.fojab.se\\\/2019\\\/03\\\/2017-10-01-hovs-park-framtidens-boende-for-aldre-i-vaxjo.jpg\",\"contentUrl\":\"https:\\\/\\\/media1.fojab.se\\\/2019\\\/03\\\/2017-10-01-hovs-park-framtidens-boende-for-aldre-i-vaxjo.jpg\",\"width\":768,\"height\":421},{\"@type\":\"BreadcrumbList\",\"@id\":\"https:\\\/\\\/fojab.se\\\/aktuellt\\\/hofs-park-framtidens-boende-for-aldre-i-vaxjo\\\/#breadcrumb\",\"itemListElement\":[{\"@type\":\"ListItem\",\"position\":1,\"name\":\"Hem\",\"item\":\"https:\\\/\\\/fojab.se\\\/\"},{\"@type\":\"ListItem\",\"position\":2,\"name\":\"Hofs Park &#8211; Framtidens boende f\u00f6r \u00e4ldre i V\u00e4xj\u00f6\"}]},{\"@type\":\"WebSite\",\"@id\":\"https:\\\/\\\/fojab.se\\\/#website\",\"url\":\"https:\\\/\\\/fojab.se\\\/\",\"name\":\"FOJAB\",\"description\":\"\",\"potentialAction\":[{\"@type\":\"SearchAction\",\"target\":{\"@type\":\"EntryPoint\",\"urlTemplate\":\"https:\\\/\\\/fojab.se\\\/?s={search_term_string}\"},\"query-input\":{\"@type\":\"PropertyValueSpecification\",\"valueRequired\":true,\"valueName\":\"search_term_string\"}}],\"inLanguage\":\"en-US\"},{\"@type\":\"Person\",\"@id\":\"https:\\\/\\\/fojab.se\\\/#\\\/schema\\\/person\\\/5d07c69e3efdb8880196d961e851fb86\",\"name\":\"maximilian\",\"image\":{\"@type\":\"ImageObject\",\"inLanguage\":\"en-US\",\"@id\":\"https:\\\/\\\/secure.gravatar.com\\\/avatar\\\/221a1319eee7f463c0098eb135b71e1f0a2c5dc558b91c929d84e226525981d8?s=96&d=mm&r=g\",\"url\":\"https:\\\/\\\/secure.gravatar.com\\\/avatar\\\/221a1319eee7f463c0098eb135b71e1f0a2c5dc558b91c929d84e226525981d8?s=96&d=mm&r=g\",\"contentUrl\":\"https:\\\/\\\/secure.gravatar.com\\\/avatar\\\/221a1319eee7f463c0098eb135b71e1f0a2c5dc558b91c929d84e226525981d8?s=96&d=mm&r=g\",\"caption\":\"maximilian\"},\"url\":\"https:\\\/\\\/fojab.se\\\/en\\\/aktuellt\\\/author\\\/maximilian\\\/\"}]}<\/script>\n<!-- \/ Yoast SEO plugin. -->","yoast_head_json":{"title":"Hofs Park - Future housing for the elderly in V\u00e4xj\u00f6 | FOJAB","robots":{"index":"index","follow":"follow","max-snippet":"max-snippet:-1","max-image-preview":"max-image-preview:large","max-video-preview":"max-video-preview:-1"},"canonical":"https:\/\/fojab.se\/en\/topical\/hofs-park-the-future-housing-for-the-elderly-in-vaxjo\/","og_locale":"en_US","og_type":"article","og_title":"Hofs Park - Framtidens boende f\u00f6r \u00e4ldre i V\u00e4xj\u00f6 | FOJAB","og_description":"V\u00e4xj\u00f6bost\u00e4der AB arrangerade i h\u00f6stas en id\u00e9t\u00e4vling g\u00e4llande ett koncept f\u00f6r hur framtidens boende f\u00f6r \u00e4ldre i V\u00e4xj\u00f6 ska utformas. FOJAB har tillsammans med fastighetsbolaget APP Properties tagit fram ett unikt kvarter f\u00f6r m\u00e5lgruppen 55+. Gestaltningen bygger p\u00e5 grundid\u00e9n om att l\u00e5ta parken och den gr\u00f6na milj\u00f6n pr\u00e4gla boendet i Hofs Park. Parken skapar gemenskap [&hellip;]","og_url":"https:\/\/fojab.se\/en\/topical\/hofs-park-the-future-housing-for-the-elderly-in-vaxjo\/","og_site_name":"FOJAB","article_published_time":"2017-10-01T11:00:36+00:00","article_modified_time":"2023-01-26T13:49:29+00:00","og_image":[{"width":768,"height":421,"url":"https:\/\/media1.fojab.se\/2019\/03\/2017-10-01-hovs-park-framtidens-boende-for-aldre-i-vaxjo.jpg","type":"image\/jpeg"}],"author":"maximilian","twitter_card":"summary_large_image","twitter_misc":{"Written by":"maximilian","Est. reading time":"1 minute"},"schema":{"@context":"https:\/\/schema.org","@graph":[{"@type":"Article","@id":"https:\/\/fojab.se\/aktuellt\/hofs-park-framtidens-boende-for-aldre-i-vaxjo\/#article","isPartOf":{"@id":"https:\/\/fojab.se\/aktuellt\/hofs-park-framtidens-boende-for-aldre-i-vaxjo\/"},"author":{"name":"maximilian","@id":"https:\/\/fojab.se\/#\/schema\/person\/5d07c69e3efdb8880196d961e851fb86"},"headline":"Hofs Park &#8211; Framtidens boende f\u00f6r \u00e4ldre i V\u00e4xj\u00f6","datePublished":"2017-10-01T11:00:36+00:00","dateModified":"2023-01-26T13:49:29+00:00","mainEntityOfPage":{"@id":"https:\/\/fojab.se\/aktuellt\/hofs-park-framtidens-boende-for-aldre-i-vaxjo\/"},"wordCount":238,"image":{"@id":"https:\/\/fojab.se\/aktuellt\/hofs-park-framtidens-boende-for-aldre-i-vaxjo\/#primaryimage"},"thumbnailUrl":"https:\/\/media1.fojab.se\/2019\/03\/2017-10-01-hovs-park-framtidens-boende-for-aldre-i-vaxjo.jpg","inLanguage":"en-US"},{"@type":"WebPage","@id":"https:\/\/fojab.se\/aktuellt\/hofs-park-framtidens-boende-for-aldre-i-vaxjo\/","url":"https:\/\/fojab.se\/aktuellt\/hofs-park-framtidens-boende-for-aldre-i-vaxjo\/","name":"Hofs Park - Future housing for the elderly in V\u00e4xj\u00f6 | FOJAB","isPartOf":{"@id":"https:\/\/fojab.se\/#website"},"primaryImageOfPage":{"@id":"https:\/\/fojab.se\/aktuellt\/hofs-park-framtidens-boende-for-aldre-i-vaxjo\/#primaryimage"},"image":{"@id":"https:\/\/fojab.se\/aktuellt\/hofs-park-framtidens-boende-for-aldre-i-vaxjo\/#primaryimage"},"thumbnailUrl":"https:\/\/media1.fojab.se\/2019\/03\/2017-10-01-hovs-park-framtidens-boende-for-aldre-i-vaxjo.jpg","datePublished":"2017-10-01T11:00:36+00:00","dateModified":"2023-01-26T13:49:29+00:00","author":{"@id":"https:\/\/fojab.se\/#\/schema\/person\/5d07c69e3efdb8880196d961e851fb86"},"breadcrumb":{"@id":"https:\/\/fojab.se\/aktuellt\/hofs-park-framtidens-boende-for-aldre-i-vaxjo\/#breadcrumb"},"inLanguage":"en-US","potentialAction":[{"@type":"ReadAction","target":["https:\/\/fojab.se\/aktuellt\/hofs-park-framtidens-boende-for-aldre-i-vaxjo\/"]}]},{"@type":"ImageObject","inLanguage":"en-US","@id":"https:\/\/fojab.se\/aktuellt\/hofs-park-framtidens-boende-for-aldre-i-vaxjo\/#primaryimage","url":"https:\/\/media1.fojab.se\/2019\/03\/2017-10-01-hovs-park-framtidens-boende-for-aldre-i-vaxjo.jpg","contentUrl":"https:\/\/media1.fojab.se\/2019\/03\/2017-10-01-hovs-park-framtidens-boende-for-aldre-i-vaxjo.jpg","width":768,"height":421},{"@type":"BreadcrumbList","@id":"https:\/\/fojab.se\/aktuellt\/hofs-park-framtidens-boende-for-aldre-i-vaxjo\/#breadcrumb","itemListElement":[{"@type":"ListItem","position":1,"name":"Hem","item":"https:\/\/fojab.se\/"},{"@type":"ListItem","position":2,"name":"Hofs Park &#8211; Framtidens boende f\u00f6r \u00e4ldre i V\u00e4xj\u00f6"}]},{"@type":"WebSite","@id":"https:\/\/fojab.se\/#website","url":"https:\/\/fojab.se\/","name":"FOJAB","description":"","potentialAction":[{"@type":"SearchAction","target":{"@type":"EntryPoint","urlTemplate":"https:\/\/fojab.se\/?s={search_term_string}"},"query-input":{"@type":"PropertyValueSpecification","valueRequired":true,"valueName":"search_term_string"}}],"inLanguage":"en-US"},{"@type":"Person","@id":"https:\/\/fojab.se\/#\/schema\/person\/5d07c69e3efdb8880196d961e851fb86","name":"Maximilian","image":{"@type":"ImageObject","inLanguage":"en-US","@id":"https:\/\/secure.gravatar.com\/avatar\/221a1319eee7f463c0098eb135b71e1f0a2c5dc558b91c929d84e226525981d8?s=96&d=mm&r=g","url":"https:\/\/secure.gravatar.com\/avatar\/221a1319eee7f463c0098eb135b71e1f0a2c5dc558b91c929d84e226525981d8?s=96&d=mm&r=g","contentUrl":"https:\/\/secure.gravatar.com\/avatar\/221a1319eee7f463c0098eb135b71e1f0a2c5dc558b91c929d84e226525981d8?s=96&d=mm&r=g","caption":"maximilian"},"url":"https:\/\/fojab.se\/en\/aktuellt\/author\/maximilian\/"}]}},"_links":{"self":[{"href":"https:\/\/fojab.se\/en\/wp-json\/wp\/v2\/posts\/2871","targetHints":{"allow":["GET"]}}],"collection":[{"href":"https:\/\/fojab.se\/en\/wp-json\/wp\/v2\/posts"}],"about":[{"href":"https:\/\/fojab.se\/en\/wp-json\/wp\/v2\/types\/post"}],"author":[{"embeddable":true,"href":"https:\/\/fojab.se\/en\/wp-json\/wp\/v2\/users\/1"}],"replies":[{"embeddable":true,"href":"https:\/\/fojab.se\/en\/wp-json\/wp\/v2\/comments?post=2871"}],"version-history":[{"count":2,"href":"https:\/\/fojab.se\/en\/wp-json\/wp\/v2\/posts\/2871\/revisions"}],"predecessor-version":[{"id":10121,"href":"https:\/\/fojab.se\/en\/wp-json\/wp\/v2\/posts\/2871\/revisions\/10121"}],"wp:featuredmedia":[{"embeddable":true,"href":"https:\/\/fojab.se\/en\/wp-json\/wp\/v2\/media\/2872"}],"wp:attachment":[{"href":"https:\/\/fojab.se\/en\/wp-json\/wp\/v2\/media?parent=2871"}],"wp:term":[{"taxonomy":"category","embeddable":true,"href":"https:\/\/fojab.se\/en\/wp-json\/wp\/v2\/categories?post=2871"},{"taxonomy":"post_tag","embeddable":true,"href":"https:\/\/fojab.se\/en\/wp-json\/wp\/v2\/tags?post=2871"}],"curies":[{"name":"wp","href":"https:\/\/api.w.org\/{rel}","templated":true}]}}