{"id":2825,"date":"2017-05-18T12:00:28","date_gmt":"2017-05-18T11:00:28","guid":{"rendered":"https:\/\/fojab.se\/?p=2825"},"modified":"2019-04-16T09:58:00","modified_gmt":"2019-04-16T08:58:00","slug":"choice-architecture-salons-in-both-malmo-and-stockholm","status":"publish","type":"post","link":"https:\/\/fojab.se\/en\/topical\/choice-architecture-salons-in-both-malmo-and-stockholm\/","title":{"rendered":"Well-attended architecture salons in both Malm\u00f6 and Stockholm"},"content":{"rendered":"<p><strong>During the spring, we organized two well-attended architecture salons in Malm\u00f6 and Stockholm. In Malm\u00f6, there were interesting discussions about Virtual Reality where visitors took the opportunity to look into the future and deepen their knowledge. At the Stockholm office's seventh architecture salon, 'The beauty of the city' was debated.  This is an urgent issue in a time of intensive construction and many large-scale projects.<\/strong><\/p>\n<p><strong>FOJAB arkitekter's Malm\u00f6 office organized architecture salon #2.\u00a0<\/strong>on the theme Virtual Reality - experiences and visions. Some fifty visitors took the opportunity to explore the future and deepen their knowledge of VR. There was mingling and food followed by an illuminating and interesting panel debate. There were also test stations where visitors could visually step in and experience ongoing projects.<\/p>\n<p>Petra Jenning, architect and responsible for FOJABcode moderated between exciting contributions from Mats Eliasson, CEO of One Reality, Ulrika Hallengren, Head of Development at Wihlborgs, Per Sik\u00f6, Studio Lead at Jayway and Mimmi Tegn\u00e9r, Business Developer at Science Center Malm\u00f6 Museer.<\/p>\n<p>The panel agreed on the importance and possibilities of VR for architects and the construction industry. Partly in the visualization work but also to streamline work processes, develop future construction projects and technical solutions. The democratic process was highlighted and the opportunities provided in the form of an increased understanding of the final product.<\/p>\n<p>- As architects, we work to create information and understanding. Being able to have a spatial and real experience of the building before it is actually built is a fantastic opportunity,\" said Petra Jenning.<\/p>\n<p><strong>At the Stockholm office's seventh Architecture Salon<\/strong>\u00a0debated 'The beauty of the city'.  A pressing issue at a time of intensive construction and many large-scale projects, the engagement of both the invited speakers and the audience was unmistakable. During a few intense hours, the issue was highlighted through introductory speeches and in a subsequent debate, led by FOJAB arkitekter's Robert Lavelid.<\/p>\n<p>First up was Torleif Falk, newly appointed City Architect of Stockholm, who emphasized that the city has been full of unbridled life since the time of Gustav Vasa and that the success factor lies in balancing sustainability, function and beauty.<\/p>\n<p>Tatjana Joksimovi\u0107, Head of Planning at the County Administrative Board, highlighted cultural heritage as intimately linked to sustainability development and emphasized the County Administrative Board's desire to provide advice and guidance at an early stage. Anna Nyberg, Vasakronan's Head of Real Estate Development in Stockholm, also saw the cooperation between real estate developers, the City of Stockholm, the County Administrative Board and the Beauty Council as valuable in achieving a mixed and safe city with life and movement.<\/p>\n<p>- The Beauty Council is unique in its independence as a municipal body, said its secretary and head of office Henrik Nerlund, describing its mission as advisory, reactive, initiating and educative.<\/p>\n<p>- Plan community buildings first and not last, he told the Salon.<\/p>\n<p>Jesper Wallin, CEO of Byggnadsfirman Erik Wallin, highlighted the need to stick to the core values throughout the project:<\/p>\n<p>- Together, we need to stay focused on the purpose of the project - this is where architects have an important role in finding the balance in the process.<\/p>","protected":false},"excerpt":{"rendered":"<p>Under v\u00e5ren har vi anordnat tv\u00e5 v\u00e4lbes\u00f6kta arkitektursalonger i Malm\u00f6 och Stockholm. I Malm\u00f6 f\u00f6rdes intressanta diskussioner om Virtual Reality d\u00e4r bes\u00f6karna passade p\u00e5 att framtidsspana och f\u00f6rdjupa sin kunskap. P\u00e5 Stockholmskontorets sjunde arkitektursalong\u00a0debatterades \u201dStadens sk\u00f6nhet\u201d.\u00a0 Angel\u00e4get i en tid av intensivt byggande och m\u00e5nga storskaliga projekt. FOJAB arkitekters Malm\u00f6kontor anordnade arkitektursalong #2\u00a0p\u00e5 temat Virtual [&hellip;]<\/p>\n","protected":false},"author":1,"featured_media":2826,"comment_status":"closed","ping_status":"open","sticky":false,"template":"","format":"standard","meta":{"_monsterinsights_skip_tracking":false,"_monsterinsights_sitenote_active":false,"_monsterinsights_sitenote_note":"","_monsterinsights_sitenote_category":0,"footnotes":""},"categories":[1],"tags":[],"class_list":["post-2825","post","type-post","status-publish","format-standard","has-post-thumbnail","hentry","category-uncategorized"],"acf":[],"yoast_head":"<!-- This site is optimized with the Yoast SEO plugin v27.5 - https:\/\/yoast.com\/product\/yoast-seo-wordpress\/ -->\n<title>V\u00e4lbes\u00f6kta arkitektursalonger i b\u00e5de Malm\u00f6 och Stockholm | FOJAB<\/title>\n<meta name=\"robots\" content=\"index, follow, max-snippet:-1, max-image-preview:large, max-video-preview:-1\" \/>\n<link rel=\"canonical\" href=\"https:\/\/fojab.se\/en\/topical\/choice-architecture-salons-in-both-malmo-and-stockholm\/\" \/>\n<meta property=\"og:locale\" content=\"en_US\" \/>\n<meta property=\"og:type\" content=\"article\" \/>\n<meta property=\"og:title\" content=\"V\u00e4lbes\u00f6kta arkitektursalonger i b\u00e5de Malm\u00f6 och Stockholm | FOJAB\" \/>\n<meta property=\"og:description\" content=\"Under v\u00e5ren har vi anordnat tv\u00e5 v\u00e4lbes\u00f6kta arkitektursalonger i Malm\u00f6 och Stockholm. I Malm\u00f6 f\u00f6rdes intressanta diskussioner om Virtual Reality d\u00e4r bes\u00f6karna passade p\u00e5 att framtidsspana och f\u00f6rdjupa sin kunskap. P\u00e5 Stockholmskontorets sjunde arkitektursalong\u00a0debatterades \u201dStadens sk\u00f6nhet\u201d.\u00a0 Angel\u00e4get i en tid av intensivt byggande och m\u00e5nga storskaliga projekt. FOJAB arkitekters Malm\u00f6kontor anordnade arkitektursalong #2\u00a0p\u00e5 temat Virtual [&hellip;]\" \/>\n<meta property=\"og:url\" content=\"https:\/\/fojab.se\/en\/topical\/choice-architecture-salons-in-both-malmo-and-stockholm\/\" \/>\n<meta property=\"og:site_name\" content=\"FOJAB\" \/>\n<meta property=\"article:published_time\" content=\"2017-05-18T11:00:28+00:00\" \/>\n<meta property=\"article:modified_time\" content=\"2019-04-16T08:58:00+00:00\" \/>\n<meta property=\"og:image\" content=\"https:\/\/media1.fojab.se\/2019\/03\/2017-05-18-valbesokt-arkitektursalong-i-bade-malmo-och-stockholm.jpg\" \/>\n\t<meta property=\"og:image:width\" content=\"768\" \/>\n\t<meta property=\"og:image:height\" content=\"421\" \/>\n\t<meta property=\"og:image:type\" content=\"image\/jpeg\" \/>\n<meta name=\"author\" content=\"maximilian\" \/>\n<meta name=\"twitter:card\" content=\"summary_large_image\" \/>\n<meta name=\"twitter:label1\" content=\"Written by\" \/>\n\t<meta name=\"twitter:data1\" content=\"maximilian\" \/>\n\t<meta name=\"twitter:label2\" content=\"Est. reading time\" \/>\n\t<meta name=\"twitter:data2\" content=\"3 minutes\" \/>\n<script type=\"application\/ld+json\" class=\"yoast-schema-graph\">{\"@context\":\"https:\\\/\\\/schema.org\",\"@graph\":[{\"@type\":\"Article\",\"@id\":\"https:\\\/\\\/fojab.se\\\/aktuellt\\\/valbesokta-arkitektursalonger-i-bade-malmo-och-stockholm\\\/#article\",\"isPartOf\":{\"@id\":\"https:\\\/\\\/fojab.se\\\/aktuellt\\\/valbesokta-arkitektursalonger-i-bade-malmo-och-stockholm\\\/\"},\"author\":{\"name\":\"maximilian\",\"@id\":\"https:\\\/\\\/fojab.se\\\/#\\\/schema\\\/person\\\/5d07c69e3efdb8880196d961e851fb86\"},\"headline\":\"V\u00e4lbes\u00f6kta arkitektursalonger i b\u00e5de Malm\u00f6 och Stockholm\",\"datePublished\":\"2017-05-18T11:00:28+00:00\",\"dateModified\":\"2019-04-16T08:58:00+00:00\",\"mainEntityOfPage\":{\"@id\":\"https:\\\/\\\/fojab.se\\\/aktuellt\\\/valbesokta-arkitektursalonger-i-bade-malmo-och-stockholm\\\/\"},\"wordCount\":533,\"image\":{\"@id\":\"https:\\\/\\\/fojab.se\\\/aktuellt\\\/valbesokta-arkitektursalonger-i-bade-malmo-och-stockholm\\\/#primaryimage\"},\"thumbnailUrl\":\"https:\\\/\\\/media1.fojab.se\\\/2019\\\/03\\\/2017-05-18-valbesokt-arkitektursalong-i-bade-malmo-och-stockholm.jpg\",\"inLanguage\":\"en-US\"},{\"@type\":\"WebPage\",\"@id\":\"https:\\\/\\\/fojab.se\\\/aktuellt\\\/valbesokta-arkitektursalonger-i-bade-malmo-och-stockholm\\\/\",\"url\":\"https:\\\/\\\/fojab.se\\\/aktuellt\\\/valbesokta-arkitektursalonger-i-bade-malmo-och-stockholm\\\/\",\"name\":\"V\u00e4lbes\u00f6kta arkitektursalonger i b\u00e5de Malm\u00f6 och Stockholm | FOJAB\",\"isPartOf\":{\"@id\":\"https:\\\/\\\/fojab.se\\\/#website\"},\"primaryImageOfPage\":{\"@id\":\"https:\\\/\\\/fojab.se\\\/aktuellt\\\/valbesokta-arkitektursalonger-i-bade-malmo-och-stockholm\\\/#primaryimage\"},\"image\":{\"@id\":\"https:\\\/\\\/fojab.se\\\/aktuellt\\\/valbesokta-arkitektursalonger-i-bade-malmo-och-stockholm\\\/#primaryimage\"},\"thumbnailUrl\":\"https:\\\/\\\/media1.fojab.se\\\/2019\\\/03\\\/2017-05-18-valbesokt-arkitektursalong-i-bade-malmo-och-stockholm.jpg\",\"datePublished\":\"2017-05-18T11:00:28+00:00\",\"dateModified\":\"2019-04-16T08:58:00+00:00\",\"author\":{\"@id\":\"https:\\\/\\\/fojab.se\\\/#\\\/schema\\\/person\\\/5d07c69e3efdb8880196d961e851fb86\"},\"breadcrumb\":{\"@id\":\"https:\\\/\\\/fojab.se\\\/aktuellt\\\/valbesokta-arkitektursalonger-i-bade-malmo-och-stockholm\\\/#breadcrumb\"},\"inLanguage\":\"en-US\",\"potentialAction\":[{\"@type\":\"ReadAction\",\"target\":[\"https:\\\/\\\/fojab.se\\\/aktuellt\\\/valbesokta-arkitektursalonger-i-bade-malmo-och-stockholm\\\/\"]}]},{\"@type\":\"ImageObject\",\"inLanguage\":\"en-US\",\"@id\":\"https:\\\/\\\/fojab.se\\\/aktuellt\\\/valbesokta-arkitektursalonger-i-bade-malmo-och-stockholm\\\/#primaryimage\",\"url\":\"https:\\\/\\\/media1.fojab.se\\\/2019\\\/03\\\/2017-05-18-valbesokt-arkitektursalong-i-bade-malmo-och-stockholm.jpg\",\"contentUrl\":\"https:\\\/\\\/media1.fojab.se\\\/2019\\\/03\\\/2017-05-18-valbesokt-arkitektursalong-i-bade-malmo-och-stockholm.jpg\",\"width\":768,\"height\":421},{\"@type\":\"BreadcrumbList\",\"@id\":\"https:\\\/\\\/fojab.se\\\/aktuellt\\\/valbesokta-arkitektursalonger-i-bade-malmo-och-stockholm\\\/#breadcrumb\",\"itemListElement\":[{\"@type\":\"ListItem\",\"position\":1,\"name\":\"Hem\",\"item\":\"https:\\\/\\\/fojab.se\\\/\"},{\"@type\":\"ListItem\",\"position\":2,\"name\":\"V\u00e4lbes\u00f6kta arkitektursalonger i b\u00e5de Malm\u00f6 och Stockholm\"}]},{\"@type\":\"WebSite\",\"@id\":\"https:\\\/\\\/fojab.se\\\/#website\",\"url\":\"https:\\\/\\\/fojab.se\\\/\",\"name\":\"FOJAB\",\"description\":\"\",\"potentialAction\":[{\"@type\":\"SearchAction\",\"target\":{\"@type\":\"EntryPoint\",\"urlTemplate\":\"https:\\\/\\\/fojab.se\\\/?s={search_term_string}\"},\"query-input\":{\"@type\":\"PropertyValueSpecification\",\"valueRequired\":true,\"valueName\":\"search_term_string\"}}],\"inLanguage\":\"en-US\"},{\"@type\":\"Person\",\"@id\":\"https:\\\/\\\/fojab.se\\\/#\\\/schema\\\/person\\\/5d07c69e3efdb8880196d961e851fb86\",\"name\":\"maximilian\",\"image\":{\"@type\":\"ImageObject\",\"inLanguage\":\"en-US\",\"@id\":\"https:\\\/\\\/secure.gravatar.com\\\/avatar\\\/221a1319eee7f463c0098eb135b71e1f0a2c5dc558b91c929d84e226525981d8?s=96&d=mm&r=g\",\"url\":\"https:\\\/\\\/secure.gravatar.com\\\/avatar\\\/221a1319eee7f463c0098eb135b71e1f0a2c5dc558b91c929d84e226525981d8?s=96&d=mm&r=g\",\"contentUrl\":\"https:\\\/\\\/secure.gravatar.com\\\/avatar\\\/221a1319eee7f463c0098eb135b71e1f0a2c5dc558b91c929d84e226525981d8?s=96&d=mm&r=g\",\"caption\":\"maximilian\"},\"url\":\"https:\\\/\\\/fojab.se\\\/en\\\/aktuellt\\\/author\\\/maximilian\\\/\"}]}<\/script>\n<!-- \/ Yoast SEO plugin. -->","yoast_head_json":{"title":"Well-attended architecture salons in both Malm\u00f6 and Stockholm | FOJAB","robots":{"index":"index","follow":"follow","max-snippet":"max-snippet:-1","max-image-preview":"max-image-preview:large","max-video-preview":"max-video-preview:-1"},"canonical":"https:\/\/fojab.se\/en\/topical\/choice-architecture-salons-in-both-malmo-and-stockholm\/","og_locale":"en_US","og_type":"article","og_title":"V\u00e4lbes\u00f6kta arkitektursalonger i b\u00e5de Malm\u00f6 och Stockholm | FOJAB","og_description":"Under v\u00e5ren har vi anordnat tv\u00e5 v\u00e4lbes\u00f6kta arkitektursalonger i Malm\u00f6 och Stockholm. I Malm\u00f6 f\u00f6rdes intressanta diskussioner om Virtual Reality d\u00e4r bes\u00f6karna passade p\u00e5 att framtidsspana och f\u00f6rdjupa sin kunskap. P\u00e5 Stockholmskontorets sjunde arkitektursalong\u00a0debatterades \u201dStadens sk\u00f6nhet\u201d.\u00a0 Angel\u00e4get i en tid av intensivt byggande och m\u00e5nga storskaliga projekt. FOJAB arkitekters Malm\u00f6kontor anordnade arkitektursalong #2\u00a0p\u00e5 temat Virtual [&hellip;]","og_url":"https:\/\/fojab.se\/en\/topical\/choice-architecture-salons-in-both-malmo-and-stockholm\/","og_site_name":"FOJAB","article_published_time":"2017-05-18T11:00:28+00:00","article_modified_time":"2019-04-16T08:58:00+00:00","og_image":[{"width":768,"height":421,"url":"https:\/\/media1.fojab.se\/2019\/03\/2017-05-18-valbesokt-arkitektursalong-i-bade-malmo-och-stockholm.jpg","type":"image\/jpeg"}],"author":"maximilian","twitter_card":"summary_large_image","twitter_misc":{"Written by":"maximilian","Est. reading time":"3 minutes"},"schema":{"@context":"https:\/\/schema.org","@graph":[{"@type":"Article","@id":"https:\/\/fojab.se\/aktuellt\/valbesokta-arkitektursalonger-i-bade-malmo-och-stockholm\/#article","isPartOf":{"@id":"https:\/\/fojab.se\/aktuellt\/valbesokta-arkitektursalonger-i-bade-malmo-och-stockholm\/"},"author":{"name":"maximilian","@id":"https:\/\/fojab.se\/#\/schema\/person\/5d07c69e3efdb8880196d961e851fb86"},"headline":"V\u00e4lbes\u00f6kta arkitektursalonger i b\u00e5de Malm\u00f6 och Stockholm","datePublished":"2017-05-18T11:00:28+00:00","dateModified":"2019-04-16T08:58:00+00:00","mainEntityOfPage":{"@id":"https:\/\/fojab.se\/aktuellt\/valbesokta-arkitektursalonger-i-bade-malmo-och-stockholm\/"},"wordCount":533,"image":{"@id":"https:\/\/fojab.se\/aktuellt\/valbesokta-arkitektursalonger-i-bade-malmo-och-stockholm\/#primaryimage"},"thumbnailUrl":"https:\/\/media1.fojab.se\/2019\/03\/2017-05-18-valbesokt-arkitektursalong-i-bade-malmo-och-stockholm.jpg","inLanguage":"en-US"},{"@type":"WebPage","@id":"https:\/\/fojab.se\/aktuellt\/valbesokta-arkitektursalonger-i-bade-malmo-och-stockholm\/","url":"https:\/\/fojab.se\/aktuellt\/valbesokta-arkitektursalonger-i-bade-malmo-och-stockholm\/","name":"Well-attended architecture salons in both Malm\u00f6 and Stockholm | FOJAB","isPartOf":{"@id":"https:\/\/fojab.se\/#website"},"primaryImageOfPage":{"@id":"https:\/\/fojab.se\/aktuellt\/valbesokta-arkitektursalonger-i-bade-malmo-och-stockholm\/#primaryimage"},"image":{"@id":"https:\/\/fojab.se\/aktuellt\/valbesokta-arkitektursalonger-i-bade-malmo-och-stockholm\/#primaryimage"},"thumbnailUrl":"https:\/\/media1.fojab.se\/2019\/03\/2017-05-18-valbesokt-arkitektursalong-i-bade-malmo-och-stockholm.jpg","datePublished":"2017-05-18T11:00:28+00:00","dateModified":"2019-04-16T08:58:00+00:00","author":{"@id":"https:\/\/fojab.se\/#\/schema\/person\/5d07c69e3efdb8880196d961e851fb86"},"breadcrumb":{"@id":"https:\/\/fojab.se\/aktuellt\/valbesokta-arkitektursalonger-i-bade-malmo-och-stockholm\/#breadcrumb"},"inLanguage":"en-US","potentialAction":[{"@type":"ReadAction","target":["https:\/\/fojab.se\/aktuellt\/valbesokta-arkitektursalonger-i-bade-malmo-och-stockholm\/"]}]},{"@type":"ImageObject","inLanguage":"en-US","@id":"https:\/\/fojab.se\/aktuellt\/valbesokta-arkitektursalonger-i-bade-malmo-och-stockholm\/#primaryimage","url":"https:\/\/media1.fojab.se\/2019\/03\/2017-05-18-valbesokt-arkitektursalong-i-bade-malmo-och-stockholm.jpg","contentUrl":"https:\/\/media1.fojab.se\/2019\/03\/2017-05-18-valbesokt-arkitektursalong-i-bade-malmo-och-stockholm.jpg","width":768,"height":421},{"@type":"BreadcrumbList","@id":"https:\/\/fojab.se\/aktuellt\/valbesokta-arkitektursalonger-i-bade-malmo-och-stockholm\/#breadcrumb","itemListElement":[{"@type":"ListItem","position":1,"name":"Hem","item":"https:\/\/fojab.se\/"},{"@type":"ListItem","position":2,"name":"V\u00e4lbes\u00f6kta arkitektursalonger i b\u00e5de Malm\u00f6 och Stockholm"}]},{"@type":"WebSite","@id":"https:\/\/fojab.se\/#website","url":"https:\/\/fojab.se\/","name":"FOJAB","description":"","potentialAction":[{"@type":"SearchAction","target":{"@type":"EntryPoint","urlTemplate":"https:\/\/fojab.se\/?s={search_term_string}"},"query-input":{"@type":"PropertyValueSpecification","valueRequired":true,"valueName":"search_term_string"}}],"inLanguage":"en-US"},{"@type":"Person","@id":"https:\/\/fojab.se\/#\/schema\/person\/5d07c69e3efdb8880196d961e851fb86","name":"Maximilian","image":{"@type":"ImageObject","inLanguage":"en-US","@id":"https:\/\/secure.gravatar.com\/avatar\/221a1319eee7f463c0098eb135b71e1f0a2c5dc558b91c929d84e226525981d8?s=96&d=mm&r=g","url":"https:\/\/secure.gravatar.com\/avatar\/221a1319eee7f463c0098eb135b71e1f0a2c5dc558b91c929d84e226525981d8?s=96&d=mm&r=g","contentUrl":"https:\/\/secure.gravatar.com\/avatar\/221a1319eee7f463c0098eb135b71e1f0a2c5dc558b91c929d84e226525981d8?s=96&d=mm&r=g","caption":"maximilian"},"url":"https:\/\/fojab.se\/en\/aktuellt\/author\/maximilian\/"}]}},"_links":{"self":[{"href":"https:\/\/fojab.se\/en\/wp-json\/wp\/v2\/posts\/2825","targetHints":{"allow":["GET"]}}],"collection":[{"href":"https:\/\/fojab.se\/en\/wp-json\/wp\/v2\/posts"}],"about":[{"href":"https:\/\/fojab.se\/en\/wp-json\/wp\/v2\/types\/post"}],"author":[{"embeddable":true,"href":"https:\/\/fojab.se\/en\/wp-json\/wp\/v2\/users\/1"}],"replies":[{"embeddable":true,"href":"https:\/\/fojab.se\/en\/wp-json\/wp\/v2\/comments?post=2825"}],"version-history":[{"count":1,"href":"https:\/\/fojab.se\/en\/wp-json\/wp\/v2\/posts\/2825\/revisions"}],"predecessor-version":[{"id":2827,"href":"https:\/\/fojab.se\/en\/wp-json\/wp\/v2\/posts\/2825\/revisions\/2827"}],"wp:featuredmedia":[{"embeddable":true,"href":"https:\/\/fojab.se\/en\/wp-json\/wp\/v2\/media\/2826"}],"wp:attachment":[{"href":"https:\/\/fojab.se\/en\/wp-json\/wp\/v2\/media?parent=2825"}],"wp:term":[{"taxonomy":"category","embeddable":true,"href":"https:\/\/fojab.se\/en\/wp-json\/wp\/v2\/categories?post=2825"},{"taxonomy":"post_tag","embeddable":true,"href":"https:\/\/fojab.se\/en\/wp-json\/wp\/v2\/tags?post=2825"}],"curies":[{"name":"wp","href":"https:\/\/api.w.org\/{rel}","templated":true}]}}