{"id":2779,"date":"2017-01-24T12:00:23","date_gmt":"2017-01-24T11:00:23","guid":{"rendered":"https:\/\/fojab.se\/?p=2779"},"modified":"2019-04-16T09:58:01","modified_gmt":"2019-04-16T08:58:01","slug":"fojab-ab-and-fojab-arkitekter-ab-merge","status":"publish","type":"post","link":"https:\/\/fojab.se\/en\/topical\/fojab-ab-and-fojab-arkitekter-ab-merge\/","title":{"rendered":"FOJAB AB and FOJAB arkitekter AB to merge"},"content":{"rendered":"<p><strong>In the fall of 2016, FOJAB arkitekter decided to carry out a merger between the parent company FOJAB AB and the subsidiary FOJAB arkitekter AB.<\/strong><\/p>\n<p>The merger has now been completed, which means that all employees and all commitments in FOJAB arkitekter AB are taken over on completely unchanged terms by the parent company. The parent company FOJAB AB is renamed FOJAB arkitekter AB and the organization number remains 556689-6980. The CEO of the company is Daniel Nord.<\/p>\n<p>For you as a customer, the merger does not make much difference. New project agreements will be written against the new organization number. Our existing project agreements will not change. You keep the same contact persons at FOJAB arkitekter as before.<\/p>\n<p>The merger means that we can simplify and streamline the organization internally, leading to a clearer and more transparent organization. This allows us to focus on our ambitions to create high-quality architecture that has value over time for our clients.<\/p>\n<p>If you have any questions, do not hesitate to contact your contact person at FOJAB arkitekter or directly to CEO Daniel Nord.<\/p>\n<p>With kind regards,<br \/>\nDaniel Nord, CEO of FOJAB arkitekter AB<\/p>","protected":false},"excerpt":{"rendered":"<p>FOJAB arkitekter beslutade under h\u00f6sten 2016 att genomf\u00f6ra en fusion mellan moderbolaget FOJAB AB och dotterbolaget FOJAB arkitekter AB. Fusionen har nu genomf\u00f6rts vilket inneb\u00e4r att alla anst\u00e4llda och alla \u00e5taganden i FOJAB arkitekter AB \u00f6vertas p\u00e5 helt of\u00f6r\u00e4ndrade villkor av moderbolaget. Moderbolaget FOJAB AB namn\u00e4ndras till FOJAB arkitekter AB och organisationsnumret f\u00f6rblir 556689-6980. VD [&hellip;]<\/p>\n","protected":false},"author":1,"featured_media":2780,"comment_status":"closed","ping_status":"open","sticky":false,"template":"","format":"standard","meta":{"_monsterinsights_skip_tracking":false,"_monsterinsights_sitenote_active":false,"_monsterinsights_sitenote_note":"","_monsterinsights_sitenote_category":0,"footnotes":""},"categories":[1],"tags":[],"class_list":["post-2779","post","type-post","status-publish","format-standard","has-post-thumbnail","hentry","category-uncategorized"],"acf":[],"yoast_head":"<!-- This site is optimized with the Yoast SEO plugin v27.5 - https:\/\/yoast.com\/product\/yoast-seo-wordpress\/ -->\n<title>FOJAB AB och FOJAB arkitekter AB fusioneras | FOJAB<\/title>\n<meta name=\"robots\" content=\"index, follow, max-snippet:-1, max-image-preview:large, max-video-preview:-1\" \/>\n<link rel=\"canonical\" href=\"https:\/\/fojab.se\/en\/topical\/fojab-ab-and-fojab-arkitekter-ab-merge\/\" \/>\n<meta property=\"og:locale\" content=\"en_US\" \/>\n<meta property=\"og:type\" content=\"article\" \/>\n<meta property=\"og:title\" content=\"FOJAB AB och FOJAB arkitekter AB fusioneras | FOJAB\" \/>\n<meta property=\"og:description\" content=\"FOJAB arkitekter beslutade under h\u00f6sten 2016 att genomf\u00f6ra en fusion mellan moderbolaget FOJAB AB och dotterbolaget FOJAB arkitekter AB. Fusionen har nu genomf\u00f6rts vilket inneb\u00e4r att alla anst\u00e4llda och alla \u00e5taganden i FOJAB arkitekter AB \u00f6vertas p\u00e5 helt of\u00f6r\u00e4ndrade villkor av moderbolaget. Moderbolaget FOJAB AB namn\u00e4ndras till FOJAB arkitekter AB och organisationsnumret f\u00f6rblir 556689-6980. VD [&hellip;]\" \/>\n<meta property=\"og:url\" content=\"https:\/\/fojab.se\/en\/topical\/fojab-ab-and-fojab-arkitekter-ab-merge\/\" \/>\n<meta property=\"og:site_name\" content=\"FOJAB\" \/>\n<meta property=\"article:published_time\" content=\"2017-01-24T11:00:23+00:00\" \/>\n<meta property=\"article:modified_time\" content=\"2019-04-16T08:58:01+00:00\" \/>\n<meta property=\"og:image\" content=\"https:\/\/media1.fojab.se\/2019\/03\/2017-01-24-fojab-ab-och-fojab-arkitekter-ab-fusioneras.jpg\" \/>\n\t<meta property=\"og:image:width\" content=\"768\" \/>\n\t<meta property=\"og:image:height\" content=\"421\" \/>\n\t<meta property=\"og:image:type\" content=\"image\/jpeg\" \/>\n<meta name=\"author\" content=\"maximilian\" \/>\n<meta name=\"twitter:card\" content=\"summary_large_image\" \/>\n<meta name=\"twitter:label1\" content=\"Written by\" \/>\n\t<meta name=\"twitter:data1\" content=\"maximilian\" \/>\n\t<meta name=\"twitter:label2\" content=\"Est. reading time\" \/>\n\t<meta name=\"twitter:data2\" content=\"1 minute\" \/>\n<script type=\"application\/ld+json\" class=\"yoast-schema-graph\">{\"@context\":\"https:\\\/\\\/schema.org\",\"@graph\":[{\"@type\":\"Article\",\"@id\":\"https:\\\/\\\/fojab.se\\\/aktuellt\\\/fojab-ab-och-fojab-arkitekter-ab-fusioneras\\\/#article\",\"isPartOf\":{\"@id\":\"https:\\\/\\\/fojab.se\\\/aktuellt\\\/fojab-ab-och-fojab-arkitekter-ab-fusioneras\\\/\"},\"author\":{\"name\":\"maximilian\",\"@id\":\"https:\\\/\\\/fojab.se\\\/#\\\/schema\\\/person\\\/5d07c69e3efdb8880196d961e851fb86\"},\"headline\":\"FOJAB AB och FOJAB arkitekter AB fusioneras\",\"datePublished\":\"2017-01-24T11:00:23+00:00\",\"dateModified\":\"2019-04-16T08:58:01+00:00\",\"mainEntityOfPage\":{\"@id\":\"https:\\\/\\\/fojab.se\\\/aktuellt\\\/fojab-ab-och-fojab-arkitekter-ab-fusioneras\\\/\"},\"wordCount\":203,\"image\":{\"@id\":\"https:\\\/\\\/fojab.se\\\/aktuellt\\\/fojab-ab-och-fojab-arkitekter-ab-fusioneras\\\/#primaryimage\"},\"thumbnailUrl\":\"https:\\\/\\\/media1.fojab.se\\\/2019\\\/03\\\/2017-01-24-fojab-ab-och-fojab-arkitekter-ab-fusioneras.jpg\",\"inLanguage\":\"en-US\"},{\"@type\":\"WebPage\",\"@id\":\"https:\\\/\\\/fojab.se\\\/aktuellt\\\/fojab-ab-och-fojab-arkitekter-ab-fusioneras\\\/\",\"url\":\"https:\\\/\\\/fojab.se\\\/aktuellt\\\/fojab-ab-och-fojab-arkitekter-ab-fusioneras\\\/\",\"name\":\"FOJAB AB och FOJAB arkitekter AB fusioneras | FOJAB\",\"isPartOf\":{\"@id\":\"https:\\\/\\\/fojab.se\\\/#website\"},\"primaryImageOfPage\":{\"@id\":\"https:\\\/\\\/fojab.se\\\/aktuellt\\\/fojab-ab-och-fojab-arkitekter-ab-fusioneras\\\/#primaryimage\"},\"image\":{\"@id\":\"https:\\\/\\\/fojab.se\\\/aktuellt\\\/fojab-ab-och-fojab-arkitekter-ab-fusioneras\\\/#primaryimage\"},\"thumbnailUrl\":\"https:\\\/\\\/media1.fojab.se\\\/2019\\\/03\\\/2017-01-24-fojab-ab-och-fojab-arkitekter-ab-fusioneras.jpg\",\"datePublished\":\"2017-01-24T11:00:23+00:00\",\"dateModified\":\"2019-04-16T08:58:01+00:00\",\"author\":{\"@id\":\"https:\\\/\\\/fojab.se\\\/#\\\/schema\\\/person\\\/5d07c69e3efdb8880196d961e851fb86\"},\"breadcrumb\":{\"@id\":\"https:\\\/\\\/fojab.se\\\/aktuellt\\\/fojab-ab-och-fojab-arkitekter-ab-fusioneras\\\/#breadcrumb\"},\"inLanguage\":\"en-US\",\"potentialAction\":[{\"@type\":\"ReadAction\",\"target\":[\"https:\\\/\\\/fojab.se\\\/aktuellt\\\/fojab-ab-och-fojab-arkitekter-ab-fusioneras\\\/\"]}]},{\"@type\":\"ImageObject\",\"inLanguage\":\"en-US\",\"@id\":\"https:\\\/\\\/fojab.se\\\/aktuellt\\\/fojab-ab-och-fojab-arkitekter-ab-fusioneras\\\/#primaryimage\",\"url\":\"https:\\\/\\\/media1.fojab.se\\\/2019\\\/03\\\/2017-01-24-fojab-ab-och-fojab-arkitekter-ab-fusioneras.jpg\",\"contentUrl\":\"https:\\\/\\\/media1.fojab.se\\\/2019\\\/03\\\/2017-01-24-fojab-ab-och-fojab-arkitekter-ab-fusioneras.jpg\",\"width\":768,\"height\":421},{\"@type\":\"BreadcrumbList\",\"@id\":\"https:\\\/\\\/fojab.se\\\/aktuellt\\\/fojab-ab-och-fojab-arkitekter-ab-fusioneras\\\/#breadcrumb\",\"itemListElement\":[{\"@type\":\"ListItem\",\"position\":1,\"name\":\"Hem\",\"item\":\"https:\\\/\\\/fojab.se\\\/\"},{\"@type\":\"ListItem\",\"position\":2,\"name\":\"FOJAB AB och FOJAB arkitekter AB fusioneras\"}]},{\"@type\":\"WebSite\",\"@id\":\"https:\\\/\\\/fojab.se\\\/#website\",\"url\":\"https:\\\/\\\/fojab.se\\\/\",\"name\":\"FOJAB\",\"description\":\"\",\"potentialAction\":[{\"@type\":\"SearchAction\",\"target\":{\"@type\":\"EntryPoint\",\"urlTemplate\":\"https:\\\/\\\/fojab.se\\\/?s={search_term_string}\"},\"query-input\":{\"@type\":\"PropertyValueSpecification\",\"valueRequired\":true,\"valueName\":\"search_term_string\"}}],\"inLanguage\":\"en-US\"},{\"@type\":\"Person\",\"@id\":\"https:\\\/\\\/fojab.se\\\/#\\\/schema\\\/person\\\/5d07c69e3efdb8880196d961e851fb86\",\"name\":\"maximilian\",\"image\":{\"@type\":\"ImageObject\",\"inLanguage\":\"en-US\",\"@id\":\"https:\\\/\\\/secure.gravatar.com\\\/avatar\\\/221a1319eee7f463c0098eb135b71e1f0a2c5dc558b91c929d84e226525981d8?s=96&d=mm&r=g\",\"url\":\"https:\\\/\\\/secure.gravatar.com\\\/avatar\\\/221a1319eee7f463c0098eb135b71e1f0a2c5dc558b91c929d84e226525981d8?s=96&d=mm&r=g\",\"contentUrl\":\"https:\\\/\\\/secure.gravatar.com\\\/avatar\\\/221a1319eee7f463c0098eb135b71e1f0a2c5dc558b91c929d84e226525981d8?s=96&d=mm&r=g\",\"caption\":\"maximilian\"},\"url\":\"https:\\\/\\\/fojab.se\\\/en\\\/aktuellt\\\/author\\\/maximilian\\\/\"}]}<\/script>\n<!-- \/ Yoast SEO plugin. -->","yoast_head_json":{"title":"FOJAB AB and FOJAB arkitekter AB merge | FOJAB","robots":{"index":"index","follow":"follow","max-snippet":"max-snippet:-1","max-image-preview":"max-image-preview:large","max-video-preview":"max-video-preview:-1"},"canonical":"https:\/\/fojab.se\/en\/topical\/fojab-ab-and-fojab-arkitekter-ab-merge\/","og_locale":"en_US","og_type":"article","og_title":"FOJAB AB och FOJAB arkitekter AB fusioneras | FOJAB","og_description":"FOJAB arkitekter beslutade under h\u00f6sten 2016 att genomf\u00f6ra en fusion mellan moderbolaget FOJAB AB och dotterbolaget FOJAB arkitekter AB. Fusionen har nu genomf\u00f6rts vilket inneb\u00e4r att alla anst\u00e4llda och alla \u00e5taganden i FOJAB arkitekter AB \u00f6vertas p\u00e5 helt of\u00f6r\u00e4ndrade villkor av moderbolaget. Moderbolaget FOJAB AB namn\u00e4ndras till FOJAB arkitekter AB och organisationsnumret f\u00f6rblir 556689-6980. VD [&hellip;]","og_url":"https:\/\/fojab.se\/en\/topical\/fojab-ab-and-fojab-arkitekter-ab-merge\/","og_site_name":"FOJAB","article_published_time":"2017-01-24T11:00:23+00:00","article_modified_time":"2019-04-16T08:58:01+00:00","og_image":[{"width":768,"height":421,"url":"https:\/\/media1.fojab.se\/2019\/03\/2017-01-24-fojab-ab-och-fojab-arkitekter-ab-fusioneras.jpg","type":"image\/jpeg"}],"author":"maximilian","twitter_card":"summary_large_image","twitter_misc":{"Written by":"maximilian","Est. reading time":"1 minute"},"schema":{"@context":"https:\/\/schema.org","@graph":[{"@type":"Article","@id":"https:\/\/fojab.se\/aktuellt\/fojab-ab-och-fojab-arkitekter-ab-fusioneras\/#article","isPartOf":{"@id":"https:\/\/fojab.se\/aktuellt\/fojab-ab-och-fojab-arkitekter-ab-fusioneras\/"},"author":{"name":"maximilian","@id":"https:\/\/fojab.se\/#\/schema\/person\/5d07c69e3efdb8880196d961e851fb86"},"headline":"FOJAB AB och FOJAB arkitekter AB fusioneras","datePublished":"2017-01-24T11:00:23+00:00","dateModified":"2019-04-16T08:58:01+00:00","mainEntityOfPage":{"@id":"https:\/\/fojab.se\/aktuellt\/fojab-ab-och-fojab-arkitekter-ab-fusioneras\/"},"wordCount":203,"image":{"@id":"https:\/\/fojab.se\/aktuellt\/fojab-ab-och-fojab-arkitekter-ab-fusioneras\/#primaryimage"},"thumbnailUrl":"https:\/\/media1.fojab.se\/2019\/03\/2017-01-24-fojab-ab-och-fojab-arkitekter-ab-fusioneras.jpg","inLanguage":"en-US"},{"@type":"WebPage","@id":"https:\/\/fojab.se\/aktuellt\/fojab-ab-och-fojab-arkitekter-ab-fusioneras\/","url":"https:\/\/fojab.se\/aktuellt\/fojab-ab-och-fojab-arkitekter-ab-fusioneras\/","name":"FOJAB AB and FOJAB arkitekter AB merge | FOJAB","isPartOf":{"@id":"https:\/\/fojab.se\/#website"},"primaryImageOfPage":{"@id":"https:\/\/fojab.se\/aktuellt\/fojab-ab-och-fojab-arkitekter-ab-fusioneras\/#primaryimage"},"image":{"@id":"https:\/\/fojab.se\/aktuellt\/fojab-ab-och-fojab-arkitekter-ab-fusioneras\/#primaryimage"},"thumbnailUrl":"https:\/\/media1.fojab.se\/2019\/03\/2017-01-24-fojab-ab-och-fojab-arkitekter-ab-fusioneras.jpg","datePublished":"2017-01-24T11:00:23+00:00","dateModified":"2019-04-16T08:58:01+00:00","author":{"@id":"https:\/\/fojab.se\/#\/schema\/person\/5d07c69e3efdb8880196d961e851fb86"},"breadcrumb":{"@id":"https:\/\/fojab.se\/aktuellt\/fojab-ab-och-fojab-arkitekter-ab-fusioneras\/#breadcrumb"},"inLanguage":"en-US","potentialAction":[{"@type":"ReadAction","target":["https:\/\/fojab.se\/aktuellt\/fojab-ab-och-fojab-arkitekter-ab-fusioneras\/"]}]},{"@type":"ImageObject","inLanguage":"en-US","@id":"https:\/\/fojab.se\/aktuellt\/fojab-ab-och-fojab-arkitekter-ab-fusioneras\/#primaryimage","url":"https:\/\/media1.fojab.se\/2019\/03\/2017-01-24-fojab-ab-och-fojab-arkitekter-ab-fusioneras.jpg","contentUrl":"https:\/\/media1.fojab.se\/2019\/03\/2017-01-24-fojab-ab-och-fojab-arkitekter-ab-fusioneras.jpg","width":768,"height":421},{"@type":"BreadcrumbList","@id":"https:\/\/fojab.se\/aktuellt\/fojab-ab-och-fojab-arkitekter-ab-fusioneras\/#breadcrumb","itemListElement":[{"@type":"ListItem","position":1,"name":"Hem","item":"https:\/\/fojab.se\/"},{"@type":"ListItem","position":2,"name":"FOJAB AB och FOJAB arkitekter AB fusioneras"}]},{"@type":"WebSite","@id":"https:\/\/fojab.se\/#website","url":"https:\/\/fojab.se\/","name":"FOJAB","description":"","potentialAction":[{"@type":"SearchAction","target":{"@type":"EntryPoint","urlTemplate":"https:\/\/fojab.se\/?s={search_term_string}"},"query-input":{"@type":"PropertyValueSpecification","valueRequired":true,"valueName":"search_term_string"}}],"inLanguage":"en-US"},{"@type":"Person","@id":"https:\/\/fojab.se\/#\/schema\/person\/5d07c69e3efdb8880196d961e851fb86","name":"Maximilian","image":{"@type":"ImageObject","inLanguage":"en-US","@id":"https:\/\/secure.gravatar.com\/avatar\/221a1319eee7f463c0098eb135b71e1f0a2c5dc558b91c929d84e226525981d8?s=96&d=mm&r=g","url":"https:\/\/secure.gravatar.com\/avatar\/221a1319eee7f463c0098eb135b71e1f0a2c5dc558b91c929d84e226525981d8?s=96&d=mm&r=g","contentUrl":"https:\/\/secure.gravatar.com\/avatar\/221a1319eee7f463c0098eb135b71e1f0a2c5dc558b91c929d84e226525981d8?s=96&d=mm&r=g","caption":"maximilian"},"url":"https:\/\/fojab.se\/en\/aktuellt\/author\/maximilian\/"}]}},"_links":{"self":[{"href":"https:\/\/fojab.se\/en\/wp-json\/wp\/v2\/posts\/2779","targetHints":{"allow":["GET"]}}],"collection":[{"href":"https:\/\/fojab.se\/en\/wp-json\/wp\/v2\/posts"}],"about":[{"href":"https:\/\/fojab.se\/en\/wp-json\/wp\/v2\/types\/post"}],"author":[{"embeddable":true,"href":"https:\/\/fojab.se\/en\/wp-json\/wp\/v2\/users\/1"}],"replies":[{"embeddable":true,"href":"https:\/\/fojab.se\/en\/wp-json\/wp\/v2\/comments?post=2779"}],"version-history":[{"count":1,"href":"https:\/\/fojab.se\/en\/wp-json\/wp\/v2\/posts\/2779\/revisions"}],"predecessor-version":[{"id":2781,"href":"https:\/\/fojab.se\/en\/wp-json\/wp\/v2\/posts\/2779\/revisions\/2781"}],"wp:featuredmedia":[{"embeddable":true,"href":"https:\/\/fojab.se\/en\/wp-json\/wp\/v2\/media\/2780"}],"wp:attachment":[{"href":"https:\/\/fojab.se\/en\/wp-json\/wp\/v2\/media?parent=2779"}],"wp:term":[{"taxonomy":"category","embeddable":true,"href":"https:\/\/fojab.se\/en\/wp-json\/wp\/v2\/categories?post=2779"},{"taxonomy":"post_tag","embeddable":true,"href":"https:\/\/fojab.se\/en\/wp-json\/wp\/v2\/tags?post=2779"}],"curies":[{"name":"wp","href":"https:\/\/api.w.org\/{rel}","templated":true}]}}