{"id":2751,"date":"2016-11-28T12:00:35","date_gmt":"2016-11-28T11:00:35","guid":{"rendered":"https:\/\/fojab.se\/?p=2751"},"modified":"2019-04-16T09:58:01","modified_gmt":"2019-04-16T08:58:01","slug":"fojab-arkitekter-continues-in-parallel-assignment-in-vastra-hamnen-malmo","status":"publish","type":"post","link":"https:\/\/fojab.se\/en\/topical\/fojab-arkitekter-continues-in-parallel-assignment-in-vastra-hamnen-malmo\/","title":{"rendered":"FOJAB architects continue in parallel assignment in V\u00e4stra Hamnen, Malm\u00f6"},"content":{"rendered":"<p><strong>FOJAB arkitekter is now working on a parallel assignment to design 160 new homes in a strategic location in Dockplatsen in V\u00e4stra hamnen. Here, two slender buildings with 17 and 25 floors will rise, offering residents views of the sea and the city. It will be an urban, city-center residence with a wide range of services.<\/strong><\/p>\n<p>The site owner Wihlborgs, in collaboration with JM and the City Planning Office, has chosen to continue working with FOJAB arkitekter to design a new residential building at Dockplatsen in V\u00e4stra hamnen. The plan is for a building with a five-storey base from which two slender structures of 17 and 25 storeys rise.<\/p>\n<p>The building's shape and heights relate to the site's surroundings; to the east is the harbor basin, where the building is the tallest. Towards Dockplatsen and the guest harbor, the building steps down slightly, to connect with five floors towards the surrounding buildings and Isbergs gata, which is lower than the surrounding buildings. The two tapered towers will be characteristic of the building, providing beautiful views from all apartments and minimal shade on Dockplatsen.<\/p>\n<p>- For us, it has been important to create a building with a strong character and form, which is born from the site, with links to Kockum's industrial history. We are sure that it will become a node and a benchmark for the area,\" says Joachim Lundqvist, Head of Architecture at FOJAB arkitekter.<\/p>\n<p>The plan is to clad the building and the two towers with a weatherproof and robust exterior, with the entire body of the building consisting of balconies. There will be a total of 160 homes in the building, and a garden on the roof of the base will be shared by the residents. With a grateful southwest exposure, this creates a sunny shelf with plenty of shelter and a lush landscape.<\/p>\n<p>The bottom floor at the base of the building contains public spaces for services, shops and restaurants. An atrium accessed from all the commercial spaces becomes the heart of the building and a focal point. The atrium forms a node in the promenade that runs from Klaffbron via the edge of the harbor basin and diagonally through the new building to end at Dockplatsen.<\/p>\n<p>FOJAB arkitekter's project team consists of Joachim Lundquist, Stefan Johansson, Mikael Pettersson, Ida Stavenow and Johan Paju. The city of Malm\u00f6's detailed planning work is currently underway, and construction is expected to start in 2018 at the earliest.<\/p>","protected":false},"excerpt":{"rendered":"<p>FOJAB arkitekter arbetar nu vidare utifr\u00e5n ett parallellt uppdrag med att rita 160 nya bost\u00e4der p\u00e5 ett strategiskt l\u00e4ge i Dockplatsen i V\u00e4stra hamnen. H\u00e4r kommer tv\u00e5 slanka byggnadskroppar med 17 respektive 25 v\u00e5ningar att resa sig, och erbjuda utsikt f\u00f6r de boende \u00f6ver hav och stad. Det blir ett urbant, cityn\u00e4ra boende med ett [&hellip;]<\/p>\n","protected":false},"author":1,"featured_media":2752,"comment_status":"closed","ping_status":"open","sticky":false,"template":"","format":"standard","meta":{"_monsterinsights_skip_tracking":false,"_monsterinsights_sitenote_active":false,"_monsterinsights_sitenote_note":"","_monsterinsights_sitenote_category":0,"footnotes":""},"categories":[1],"tags":[],"class_list":["post-2751","post","type-post","status-publish","format-standard","has-post-thumbnail","hentry","category-uncategorized"],"acf":[],"yoast_head":"<!-- This site is optimized with the Yoast SEO plugin v27.5 - https:\/\/yoast.com\/product\/yoast-seo-wordpress\/ -->\n<title>FOJAB arkitekter vidare i parallellt uppdrag i V\u00e4stra Hamnen, Malm\u00f6 | FOJAB<\/title>\n<meta name=\"robots\" content=\"index, follow, max-snippet:-1, max-image-preview:large, max-video-preview:-1\" \/>\n<link rel=\"canonical\" href=\"https:\/\/fojab.se\/en\/topical\/fojab-arkitekter-continues-in-parallel-assignment-in-vastra-hamnen-malmo\/\" \/>\n<meta property=\"og:locale\" content=\"en_US\" \/>\n<meta property=\"og:type\" content=\"article\" \/>\n<meta property=\"og:title\" content=\"FOJAB arkitekter vidare i parallellt uppdrag i V\u00e4stra Hamnen, Malm\u00f6 | FOJAB\" \/>\n<meta property=\"og:description\" content=\"FOJAB arkitekter arbetar nu vidare utifr\u00e5n ett parallellt uppdrag med att rita 160 nya bost\u00e4der p\u00e5 ett strategiskt l\u00e4ge i Dockplatsen i V\u00e4stra hamnen. H\u00e4r kommer tv\u00e5 slanka byggnadskroppar med 17 respektive 25 v\u00e5ningar att resa sig, och erbjuda utsikt f\u00f6r de boende \u00f6ver hav och stad. Det blir ett urbant, cityn\u00e4ra boende med ett [&hellip;]\" \/>\n<meta property=\"og:url\" content=\"https:\/\/fojab.se\/en\/topical\/fojab-arkitekter-continues-in-parallel-assignment-in-vastra-hamnen-malmo\/\" \/>\n<meta property=\"og:site_name\" content=\"FOJAB\" \/>\n<meta property=\"article:published_time\" content=\"2016-11-28T11:00:35+00:00\" \/>\n<meta property=\"article:modified_time\" content=\"2019-04-16T08:58:01+00:00\" \/>\n<meta property=\"og:image\" content=\"https:\/\/media1.fojab.se\/2019\/03\/2016-11-28-fojab-arkitekter-vidare-i-parallellt-uppdrag-i-vastra-hamnen-malmo.jpg\" \/>\n\t<meta property=\"og:image:width\" content=\"768\" \/>\n\t<meta property=\"og:image:height\" content=\"421\" \/>\n\t<meta property=\"og:image:type\" content=\"image\/jpeg\" \/>\n<meta name=\"author\" content=\"maximilian\" \/>\n<meta name=\"twitter:card\" content=\"summary_large_image\" \/>\n<meta name=\"twitter:label1\" content=\"Written by\" \/>\n\t<meta name=\"twitter:data1\" content=\"maximilian\" \/>\n\t<meta name=\"twitter:label2\" content=\"Est. reading time\" \/>\n\t<meta name=\"twitter:data2\" content=\"2 minutes\" \/>\n<script type=\"application\/ld+json\" class=\"yoast-schema-graph\">{\"@context\":\"https:\\\/\\\/schema.org\",\"@graph\":[{\"@type\":\"Article\",\"@id\":\"https:\\\/\\\/fojab.se\\\/aktuellt\\\/fojab-arkitekter-vidare-i-parallellt-uppdrag-i-vastra-hamnen-malmo\\\/#article\",\"isPartOf\":{\"@id\":\"https:\\\/\\\/fojab.se\\\/aktuellt\\\/fojab-arkitekter-vidare-i-parallellt-uppdrag-i-vastra-hamnen-malmo\\\/\"},\"author\":{\"name\":\"maximilian\",\"@id\":\"https:\\\/\\\/fojab.se\\\/#\\\/schema\\\/person\\\/5d07c69e3efdb8880196d961e851fb86\"},\"headline\":\"FOJAB arkitekter vidare i parallellt uppdrag i V\u00e4stra Hamnen, Malm\u00f6\",\"datePublished\":\"2016-11-28T11:00:35+00:00\",\"dateModified\":\"2019-04-16T08:58:01+00:00\",\"mainEntityOfPage\":{\"@id\":\"https:\\\/\\\/fojab.se\\\/aktuellt\\\/fojab-arkitekter-vidare-i-parallellt-uppdrag-i-vastra-hamnen-malmo\\\/\"},\"wordCount\":436,\"image\":{\"@id\":\"https:\\\/\\\/fojab.se\\\/aktuellt\\\/fojab-arkitekter-vidare-i-parallellt-uppdrag-i-vastra-hamnen-malmo\\\/#primaryimage\"},\"thumbnailUrl\":\"https:\\\/\\\/media1.fojab.se\\\/2019\\\/03\\\/2016-11-28-fojab-arkitekter-vidare-i-parallellt-uppdrag-i-vastra-hamnen-malmo.jpg\",\"inLanguage\":\"en-US\"},{\"@type\":\"WebPage\",\"@id\":\"https:\\\/\\\/fojab.se\\\/aktuellt\\\/fojab-arkitekter-vidare-i-parallellt-uppdrag-i-vastra-hamnen-malmo\\\/\",\"url\":\"https:\\\/\\\/fojab.se\\\/aktuellt\\\/fojab-arkitekter-vidare-i-parallellt-uppdrag-i-vastra-hamnen-malmo\\\/\",\"name\":\"FOJAB arkitekter vidare i parallellt uppdrag i V\u00e4stra Hamnen, Malm\u00f6 | FOJAB\",\"isPartOf\":{\"@id\":\"https:\\\/\\\/fojab.se\\\/#website\"},\"primaryImageOfPage\":{\"@id\":\"https:\\\/\\\/fojab.se\\\/aktuellt\\\/fojab-arkitekter-vidare-i-parallellt-uppdrag-i-vastra-hamnen-malmo\\\/#primaryimage\"},\"image\":{\"@id\":\"https:\\\/\\\/fojab.se\\\/aktuellt\\\/fojab-arkitekter-vidare-i-parallellt-uppdrag-i-vastra-hamnen-malmo\\\/#primaryimage\"},\"thumbnailUrl\":\"https:\\\/\\\/media1.fojab.se\\\/2019\\\/03\\\/2016-11-28-fojab-arkitekter-vidare-i-parallellt-uppdrag-i-vastra-hamnen-malmo.jpg\",\"datePublished\":\"2016-11-28T11:00:35+00:00\",\"dateModified\":\"2019-04-16T08:58:01+00:00\",\"author\":{\"@id\":\"https:\\\/\\\/fojab.se\\\/#\\\/schema\\\/person\\\/5d07c69e3efdb8880196d961e851fb86\"},\"breadcrumb\":{\"@id\":\"https:\\\/\\\/fojab.se\\\/aktuellt\\\/fojab-arkitekter-vidare-i-parallellt-uppdrag-i-vastra-hamnen-malmo\\\/#breadcrumb\"},\"inLanguage\":\"en-US\",\"potentialAction\":[{\"@type\":\"ReadAction\",\"target\":[\"https:\\\/\\\/fojab.se\\\/aktuellt\\\/fojab-arkitekter-vidare-i-parallellt-uppdrag-i-vastra-hamnen-malmo\\\/\"]}]},{\"@type\":\"ImageObject\",\"inLanguage\":\"en-US\",\"@id\":\"https:\\\/\\\/fojab.se\\\/aktuellt\\\/fojab-arkitekter-vidare-i-parallellt-uppdrag-i-vastra-hamnen-malmo\\\/#primaryimage\",\"url\":\"https:\\\/\\\/media1.fojab.se\\\/2019\\\/03\\\/2016-11-28-fojab-arkitekter-vidare-i-parallellt-uppdrag-i-vastra-hamnen-malmo.jpg\",\"contentUrl\":\"https:\\\/\\\/media1.fojab.se\\\/2019\\\/03\\\/2016-11-28-fojab-arkitekter-vidare-i-parallellt-uppdrag-i-vastra-hamnen-malmo.jpg\",\"width\":768,\"height\":421},{\"@type\":\"BreadcrumbList\",\"@id\":\"https:\\\/\\\/fojab.se\\\/aktuellt\\\/fojab-arkitekter-vidare-i-parallellt-uppdrag-i-vastra-hamnen-malmo\\\/#breadcrumb\",\"itemListElement\":[{\"@type\":\"ListItem\",\"position\":1,\"name\":\"Hem\",\"item\":\"https:\\\/\\\/fojab.se\\\/\"},{\"@type\":\"ListItem\",\"position\":2,\"name\":\"FOJAB arkitekter vidare i parallellt uppdrag i V\u00e4stra Hamnen, Malm\u00f6\"}]},{\"@type\":\"WebSite\",\"@id\":\"https:\\\/\\\/fojab.se\\\/#website\",\"url\":\"https:\\\/\\\/fojab.se\\\/\",\"name\":\"FOJAB\",\"description\":\"\",\"potentialAction\":[{\"@type\":\"SearchAction\",\"target\":{\"@type\":\"EntryPoint\",\"urlTemplate\":\"https:\\\/\\\/fojab.se\\\/?s={search_term_string}\"},\"query-input\":{\"@type\":\"PropertyValueSpecification\",\"valueRequired\":true,\"valueName\":\"search_term_string\"}}],\"inLanguage\":\"en-US\"},{\"@type\":\"Person\",\"@id\":\"https:\\\/\\\/fojab.se\\\/#\\\/schema\\\/person\\\/5d07c69e3efdb8880196d961e851fb86\",\"name\":\"maximilian\",\"image\":{\"@type\":\"ImageObject\",\"inLanguage\":\"en-US\",\"@id\":\"https:\\\/\\\/secure.gravatar.com\\\/avatar\\\/221a1319eee7f463c0098eb135b71e1f0a2c5dc558b91c929d84e226525981d8?s=96&d=mm&r=g\",\"url\":\"https:\\\/\\\/secure.gravatar.com\\\/avatar\\\/221a1319eee7f463c0098eb135b71e1f0a2c5dc558b91c929d84e226525981d8?s=96&d=mm&r=g\",\"contentUrl\":\"https:\\\/\\\/secure.gravatar.com\\\/avatar\\\/221a1319eee7f463c0098eb135b71e1f0a2c5dc558b91c929d84e226525981d8?s=96&d=mm&r=g\",\"caption\":\"maximilian\"},\"url\":\"https:\\\/\\\/fojab.se\\\/en\\\/aktuellt\\\/author\\\/maximilian\\\/\"}]}<\/script>\n<!-- \/ Yoast SEO plugin. -->","yoast_head_json":{"title":"FOJAB architects continue in parallel assignment in V\u00e4stra Hamnen, Malm\u00f6 | FOJAB","robots":{"index":"index","follow":"follow","max-snippet":"max-snippet:-1","max-image-preview":"max-image-preview:large","max-video-preview":"max-video-preview:-1"},"canonical":"https:\/\/fojab.se\/en\/topical\/fojab-arkitekter-continues-in-parallel-assignment-in-vastra-hamnen-malmo\/","og_locale":"en_US","og_type":"article","og_title":"FOJAB arkitekter vidare i parallellt uppdrag i V\u00e4stra Hamnen, Malm\u00f6 | FOJAB","og_description":"FOJAB arkitekter arbetar nu vidare utifr\u00e5n ett parallellt uppdrag med att rita 160 nya bost\u00e4der p\u00e5 ett strategiskt l\u00e4ge i Dockplatsen i V\u00e4stra hamnen. H\u00e4r kommer tv\u00e5 slanka byggnadskroppar med 17 respektive 25 v\u00e5ningar att resa sig, och erbjuda utsikt f\u00f6r de boende \u00f6ver hav och stad. Det blir ett urbant, cityn\u00e4ra boende med ett [&hellip;]","og_url":"https:\/\/fojab.se\/en\/topical\/fojab-arkitekter-continues-in-parallel-assignment-in-vastra-hamnen-malmo\/","og_site_name":"FOJAB","article_published_time":"2016-11-28T11:00:35+00:00","article_modified_time":"2019-04-16T08:58:01+00:00","og_image":[{"width":768,"height":421,"url":"https:\/\/media1.fojab.se\/2019\/03\/2016-11-28-fojab-arkitekter-vidare-i-parallellt-uppdrag-i-vastra-hamnen-malmo.jpg","type":"image\/jpeg"}],"author":"maximilian","twitter_card":"summary_large_image","twitter_misc":{"Written by":"maximilian","Est. reading time":"2 minutes"},"schema":{"@context":"https:\/\/schema.org","@graph":[{"@type":"Article","@id":"https:\/\/fojab.se\/aktuellt\/fojab-arkitekter-vidare-i-parallellt-uppdrag-i-vastra-hamnen-malmo\/#article","isPartOf":{"@id":"https:\/\/fojab.se\/aktuellt\/fojab-arkitekter-vidare-i-parallellt-uppdrag-i-vastra-hamnen-malmo\/"},"author":{"name":"maximilian","@id":"https:\/\/fojab.se\/#\/schema\/person\/5d07c69e3efdb8880196d961e851fb86"},"headline":"FOJAB arkitekter vidare i parallellt uppdrag i V\u00e4stra Hamnen, Malm\u00f6","datePublished":"2016-11-28T11:00:35+00:00","dateModified":"2019-04-16T08:58:01+00:00","mainEntityOfPage":{"@id":"https:\/\/fojab.se\/aktuellt\/fojab-arkitekter-vidare-i-parallellt-uppdrag-i-vastra-hamnen-malmo\/"},"wordCount":436,"image":{"@id":"https:\/\/fojab.se\/aktuellt\/fojab-arkitekter-vidare-i-parallellt-uppdrag-i-vastra-hamnen-malmo\/#primaryimage"},"thumbnailUrl":"https:\/\/media1.fojab.se\/2019\/03\/2016-11-28-fojab-arkitekter-vidare-i-parallellt-uppdrag-i-vastra-hamnen-malmo.jpg","inLanguage":"en-US"},{"@type":"WebPage","@id":"https:\/\/fojab.se\/aktuellt\/fojab-arkitekter-vidare-i-parallellt-uppdrag-i-vastra-hamnen-malmo\/","url":"https:\/\/fojab.se\/aktuellt\/fojab-arkitekter-vidare-i-parallellt-uppdrag-i-vastra-hamnen-malmo\/","name":"FOJAB architects continue in parallel assignment in V\u00e4stra Hamnen, Malm\u00f6 | FOJAB","isPartOf":{"@id":"https:\/\/fojab.se\/#website"},"primaryImageOfPage":{"@id":"https:\/\/fojab.se\/aktuellt\/fojab-arkitekter-vidare-i-parallellt-uppdrag-i-vastra-hamnen-malmo\/#primaryimage"},"image":{"@id":"https:\/\/fojab.se\/aktuellt\/fojab-arkitekter-vidare-i-parallellt-uppdrag-i-vastra-hamnen-malmo\/#primaryimage"},"thumbnailUrl":"https:\/\/media1.fojab.se\/2019\/03\/2016-11-28-fojab-arkitekter-vidare-i-parallellt-uppdrag-i-vastra-hamnen-malmo.jpg","datePublished":"2016-11-28T11:00:35+00:00","dateModified":"2019-04-16T08:58:01+00:00","author":{"@id":"https:\/\/fojab.se\/#\/schema\/person\/5d07c69e3efdb8880196d961e851fb86"},"breadcrumb":{"@id":"https:\/\/fojab.se\/aktuellt\/fojab-arkitekter-vidare-i-parallellt-uppdrag-i-vastra-hamnen-malmo\/#breadcrumb"},"inLanguage":"en-US","potentialAction":[{"@type":"ReadAction","target":["https:\/\/fojab.se\/aktuellt\/fojab-arkitekter-vidare-i-parallellt-uppdrag-i-vastra-hamnen-malmo\/"]}]},{"@type":"ImageObject","inLanguage":"en-US","@id":"https:\/\/fojab.se\/aktuellt\/fojab-arkitekter-vidare-i-parallellt-uppdrag-i-vastra-hamnen-malmo\/#primaryimage","url":"https:\/\/media1.fojab.se\/2019\/03\/2016-11-28-fojab-arkitekter-vidare-i-parallellt-uppdrag-i-vastra-hamnen-malmo.jpg","contentUrl":"https:\/\/media1.fojab.se\/2019\/03\/2016-11-28-fojab-arkitekter-vidare-i-parallellt-uppdrag-i-vastra-hamnen-malmo.jpg","width":768,"height":421},{"@type":"BreadcrumbList","@id":"https:\/\/fojab.se\/aktuellt\/fojab-arkitekter-vidare-i-parallellt-uppdrag-i-vastra-hamnen-malmo\/#breadcrumb","itemListElement":[{"@type":"ListItem","position":1,"name":"Hem","item":"https:\/\/fojab.se\/"},{"@type":"ListItem","position":2,"name":"FOJAB arkitekter vidare i parallellt uppdrag i V\u00e4stra Hamnen, Malm\u00f6"}]},{"@type":"WebSite","@id":"https:\/\/fojab.se\/#website","url":"https:\/\/fojab.se\/","name":"FOJAB","description":"","potentialAction":[{"@type":"SearchAction","target":{"@type":"EntryPoint","urlTemplate":"https:\/\/fojab.se\/?s={search_term_string}"},"query-input":{"@type":"PropertyValueSpecification","valueRequired":true,"valueName":"search_term_string"}}],"inLanguage":"en-US"},{"@type":"Person","@id":"https:\/\/fojab.se\/#\/schema\/person\/5d07c69e3efdb8880196d961e851fb86","name":"Maximilian","image":{"@type":"ImageObject","inLanguage":"en-US","@id":"https:\/\/secure.gravatar.com\/avatar\/221a1319eee7f463c0098eb135b71e1f0a2c5dc558b91c929d84e226525981d8?s=96&d=mm&r=g","url":"https:\/\/secure.gravatar.com\/avatar\/221a1319eee7f463c0098eb135b71e1f0a2c5dc558b91c929d84e226525981d8?s=96&d=mm&r=g","contentUrl":"https:\/\/secure.gravatar.com\/avatar\/221a1319eee7f463c0098eb135b71e1f0a2c5dc558b91c929d84e226525981d8?s=96&d=mm&r=g","caption":"maximilian"},"url":"https:\/\/fojab.se\/en\/aktuellt\/author\/maximilian\/"}]}},"_links":{"self":[{"href":"https:\/\/fojab.se\/en\/wp-json\/wp\/v2\/posts\/2751","targetHints":{"allow":["GET"]}}],"collection":[{"href":"https:\/\/fojab.se\/en\/wp-json\/wp\/v2\/posts"}],"about":[{"href":"https:\/\/fojab.se\/en\/wp-json\/wp\/v2\/types\/post"}],"author":[{"embeddable":true,"href":"https:\/\/fojab.se\/en\/wp-json\/wp\/v2\/users\/1"}],"replies":[{"embeddable":true,"href":"https:\/\/fojab.se\/en\/wp-json\/wp\/v2\/comments?post=2751"}],"version-history":[{"count":2,"href":"https:\/\/fojab.se\/en\/wp-json\/wp\/v2\/posts\/2751\/revisions"}],"predecessor-version":[{"id":2754,"href":"https:\/\/fojab.se\/en\/wp-json\/wp\/v2\/posts\/2751\/revisions\/2754"}],"wp:featuredmedia":[{"embeddable":true,"href":"https:\/\/fojab.se\/en\/wp-json\/wp\/v2\/media\/2752"}],"wp:attachment":[{"href":"https:\/\/fojab.se\/en\/wp-json\/wp\/v2\/media?parent=2751"}],"wp:term":[{"taxonomy":"category","embeddable":true,"href":"https:\/\/fojab.se\/en\/wp-json\/wp\/v2\/categories?post=2751"},{"taxonomy":"post_tag","embeddable":true,"href":"https:\/\/fojab.se\/en\/wp-json\/wp\/v2\/tags?post=2751"}],"curies":[{"name":"wp","href":"https:\/\/api.w.org\/{rel}","templated":true}]}}