{"id":2579,"date":"2015-02-12T12:00:22","date_gmt":"2015-02-12T11:00:22","guid":{"rendered":"https:\/\/fojab.se\/?p=2579"},"modified":"2019-04-16T09:58:02","modified_gmt":"2019-04-16T08:58:02","slug":"townhouse-block-nominated-for-building-of-the-year-2015","status":"publish","type":"post","link":"https:\/\/fojab.se\/en\/topical\/townhouse-block-nominated-for-building-of-the-year-2015\/","title":{"rendered":"R\u00e5dhuskvarteret nominated for Building of the Year 2015"},"content":{"rendered":"<p><strong>Building of the Year is the most prestigious competition in the built environment sector. It highlights examples of the sector's best performance in terms of quality, project collaboration, economy and design.<\/strong><\/p>\n<p>The award is a collaboration between Byggindustrin magazine and Svensk Byggtj\u00e4nst. The winning project will be announced on March 23 at a gala event at Cirkus in Stockholm.<\/p>\n<p><a href=\"http:\/\/byggindustrin.se\/aretsbygge\" target=\"_blank\" rel=\"noopener noreferrer\">More on Building of the Year 2015<\/a><\/p>\n<p><a href=\"http:\/\/byggindustrin.se\/artikel\/fordjupning\/samma-skal-men-nytt-innehall-radhuskvarteret-20504\" target=\"_blank\" rel=\"noopener noreferrer\">About R\u00e5dhuskvarteret on byggindustrin.se<\/a><\/p>","protected":false},"excerpt":{"rendered":"<p>Building of the Year is the most prestigious competition in the built environment sector. It highlights examples of the sector's best performance in terms of quality, project collaboration, economy and design. The award is a collaboration between Byggindustrin magazine and Svensk Byggtj\u00e4nst. The winning project will be announced on March 23 at a gala event at Cirkus in Stockholm. More about \u00c5rets Bygge 2015 About R\u00e5dhuskvarteret on byggindustrin.se<\/p>","protected":false},"author":1,"featured_media":2661,"comment_status":"open","ping_status":"open","sticky":false,"template":"","format":"standard","meta":{"_monsterinsights_skip_tracking":false,"_monsterinsights_sitenote_active":false,"_monsterinsights_sitenote_note":"","_monsterinsights_sitenote_category":0,"footnotes":""},"categories":[1],"tags":[],"class_list":["post-2579","post","type-post","status-publish","format-standard","has-post-thumbnail","hentry","category-uncategorized"],"acf":[],"yoast_head":"<!-- This site is optimized with the Yoast SEO plugin v27.5 - https:\/\/yoast.com\/product\/yoast-seo-wordpress\/ -->\n<title>R\u00e5dhuskvarteret nominerat till \u00c5rets Bygge 2015 | FOJAB<\/title>\n<meta name=\"robots\" content=\"index, follow, max-snippet:-1, max-image-preview:large, max-video-preview:-1\" \/>\n<link rel=\"canonical\" href=\"https:\/\/fojab.se\/en\/topical\/townhouse-block-nominated-for-building-of-the-year-2015\/\" \/>\n<meta property=\"og:locale\" content=\"en_US\" \/>\n<meta property=\"og:type\" content=\"article\" \/>\n<meta property=\"og:title\" content=\"R\u00e5dhuskvarteret nominerat till \u00c5rets Bygge 2015 | FOJAB\" \/>\n<meta property=\"og:description\" content=\"\u00c5rets Bygge \u00e4r samh\u00e4llsbyggnadssektorns mest prestigefyllda t\u00e4vling. Den lyfter fram exempel p\u00e5 det b\u00e4sta sektorn presterar i kvalitet, samarbete i projektet, ekonomi och form. Priset \u00e4r ett samarbete mellan tidningen Byggindustrin och Svensk Byggtj\u00e4nst. Det vinnande\u00a0projektet utropas\u00a023 mars\u00a0vid en\u00a0galafest p\u00e5 Cirkus i Stockholm. Mer om \u00c5rets Bygge 2015 Om R\u00e5dhuskvarteret p\u00e5 byggindustrin.se\" \/>\n<meta property=\"og:url\" content=\"https:\/\/fojab.se\/en\/topical\/townhouse-block-nominated-for-building-of-the-year-2015\/\" \/>\n<meta property=\"og:site_name\" content=\"FOJAB\" \/>\n<meta property=\"article:published_time\" content=\"2015-02-12T11:00:22+00:00\" \/>\n<meta property=\"article:modified_time\" content=\"2019-04-16T08:58:02+00:00\" \/>\n<meta property=\"og:image\" content=\"https:\/\/media1.fojab.se\/2019\/03\/2015-02-12-radhuskvarteret-nominerat-till-arets-bygge-2015.jpg\" \/>\n\t<meta property=\"og:image:width\" content=\"768\" \/>\n\t<meta property=\"og:image:height\" content=\"421\" \/>\n\t<meta property=\"og:image:type\" content=\"image\/jpeg\" \/>\n<meta name=\"author\" content=\"maximilian\" \/>\n<meta name=\"twitter:card\" content=\"summary_large_image\" \/>\n<meta name=\"twitter:label1\" content=\"Written by\" \/>\n\t<meta name=\"twitter:data1\" content=\"maximilian\" \/>\n<script type=\"application\/ld+json\" class=\"yoast-schema-graph\">{\"@context\":\"https:\\\/\\\/schema.org\",\"@graph\":[{\"@type\":\"Article\",\"@id\":\"https:\\\/\\\/fojab.se\\\/aktuellt\\\/radhuskvarteret-nominerat-till-arets-bygge-2015\\\/#article\",\"isPartOf\":{\"@id\":\"https:\\\/\\\/fojab.se\\\/aktuellt\\\/radhuskvarteret-nominerat-till-arets-bygge-2015\\\/\"},\"author\":{\"name\":\"maximilian\",\"@id\":\"https:\\\/\\\/fojab.se\\\/#\\\/schema\\\/person\\\/5d07c69e3efdb8880196d961e851fb86\"},\"headline\":\"R\u00e5dhuskvarteret nominerat till \u00c5rets Bygge 2015\",\"datePublished\":\"2015-02-12T11:00:22+00:00\",\"dateModified\":\"2019-04-16T08:58:02+00:00\",\"mainEntityOfPage\":{\"@id\":\"https:\\\/\\\/fojab.se\\\/aktuellt\\\/radhuskvarteret-nominerat-till-arets-bygge-2015\\\/\"},\"wordCount\":66,\"commentCount\":0,\"image\":{\"@id\":\"https:\\\/\\\/fojab.se\\\/aktuellt\\\/radhuskvarteret-nominerat-till-arets-bygge-2015\\\/#primaryimage\"},\"thumbnailUrl\":\"https:\\\/\\\/media1.fojab.se\\\/2019\\\/03\\\/2015-02-12-radhuskvarteret-nominerat-till-arets-bygge-2015.jpg\",\"inLanguage\":\"en-US\",\"potentialAction\":[{\"@type\":\"CommentAction\",\"name\":\"Comment\",\"target\":[\"https:\\\/\\\/fojab.se\\\/aktuellt\\\/radhuskvarteret-nominerat-till-arets-bygge-2015\\\/#respond\"]}]},{\"@type\":\"WebPage\",\"@id\":\"https:\\\/\\\/fojab.se\\\/aktuellt\\\/radhuskvarteret-nominerat-till-arets-bygge-2015\\\/\",\"url\":\"https:\\\/\\\/fojab.se\\\/aktuellt\\\/radhuskvarteret-nominerat-till-arets-bygge-2015\\\/\",\"name\":\"R\u00e5dhuskvarteret nominerat till \u00c5rets Bygge 2015 | FOJAB\",\"isPartOf\":{\"@id\":\"https:\\\/\\\/fojab.se\\\/#website\"},\"primaryImageOfPage\":{\"@id\":\"https:\\\/\\\/fojab.se\\\/aktuellt\\\/radhuskvarteret-nominerat-till-arets-bygge-2015\\\/#primaryimage\"},\"image\":{\"@id\":\"https:\\\/\\\/fojab.se\\\/aktuellt\\\/radhuskvarteret-nominerat-till-arets-bygge-2015\\\/#primaryimage\"},\"thumbnailUrl\":\"https:\\\/\\\/media1.fojab.se\\\/2019\\\/03\\\/2015-02-12-radhuskvarteret-nominerat-till-arets-bygge-2015.jpg\",\"datePublished\":\"2015-02-12T11:00:22+00:00\",\"dateModified\":\"2019-04-16T08:58:02+00:00\",\"author\":{\"@id\":\"https:\\\/\\\/fojab.se\\\/#\\\/schema\\\/person\\\/5d07c69e3efdb8880196d961e851fb86\"},\"breadcrumb\":{\"@id\":\"https:\\\/\\\/fojab.se\\\/aktuellt\\\/radhuskvarteret-nominerat-till-arets-bygge-2015\\\/#breadcrumb\"},\"inLanguage\":\"en-US\",\"potentialAction\":[{\"@type\":\"ReadAction\",\"target\":[\"https:\\\/\\\/fojab.se\\\/aktuellt\\\/radhuskvarteret-nominerat-till-arets-bygge-2015\\\/\"]}]},{\"@type\":\"ImageObject\",\"inLanguage\":\"en-US\",\"@id\":\"https:\\\/\\\/fojab.se\\\/aktuellt\\\/radhuskvarteret-nominerat-till-arets-bygge-2015\\\/#primaryimage\",\"url\":\"https:\\\/\\\/media1.fojab.se\\\/2019\\\/03\\\/2015-02-12-radhuskvarteret-nominerat-till-arets-bygge-2015.jpg\",\"contentUrl\":\"https:\\\/\\\/media1.fojab.se\\\/2019\\\/03\\\/2015-02-12-radhuskvarteret-nominerat-till-arets-bygge-2015.jpg\",\"width\":768,\"height\":421},{\"@type\":\"BreadcrumbList\",\"@id\":\"https:\\\/\\\/fojab.se\\\/aktuellt\\\/radhuskvarteret-nominerat-till-arets-bygge-2015\\\/#breadcrumb\",\"itemListElement\":[{\"@type\":\"ListItem\",\"position\":1,\"name\":\"Hem\",\"item\":\"https:\\\/\\\/fojab.se\\\/\"},{\"@type\":\"ListItem\",\"position\":2,\"name\":\"R\u00e5dhuskvarteret nominerat till \u00c5rets Bygge 2015\"}]},{\"@type\":\"WebSite\",\"@id\":\"https:\\\/\\\/fojab.se\\\/#website\",\"url\":\"https:\\\/\\\/fojab.se\\\/\",\"name\":\"FOJAB\",\"description\":\"\",\"potentialAction\":[{\"@type\":\"SearchAction\",\"target\":{\"@type\":\"EntryPoint\",\"urlTemplate\":\"https:\\\/\\\/fojab.se\\\/?s={search_term_string}\"},\"query-input\":{\"@type\":\"PropertyValueSpecification\",\"valueRequired\":true,\"valueName\":\"search_term_string\"}}],\"inLanguage\":\"en-US\"},{\"@type\":\"Person\",\"@id\":\"https:\\\/\\\/fojab.se\\\/#\\\/schema\\\/person\\\/5d07c69e3efdb8880196d961e851fb86\",\"name\":\"maximilian\",\"image\":{\"@type\":\"ImageObject\",\"inLanguage\":\"en-US\",\"@id\":\"https:\\\/\\\/secure.gravatar.com\\\/avatar\\\/221a1319eee7f463c0098eb135b71e1f0a2c5dc558b91c929d84e226525981d8?s=96&d=mm&r=g\",\"url\":\"https:\\\/\\\/secure.gravatar.com\\\/avatar\\\/221a1319eee7f463c0098eb135b71e1f0a2c5dc558b91c929d84e226525981d8?s=96&d=mm&r=g\",\"contentUrl\":\"https:\\\/\\\/secure.gravatar.com\\\/avatar\\\/221a1319eee7f463c0098eb135b71e1f0a2c5dc558b91c929d84e226525981d8?s=96&d=mm&r=g\",\"caption\":\"maximilian\"},\"url\":\"https:\\\/\\\/fojab.se\\\/en\\\/aktuellt\\\/author\\\/maximilian\\\/\"}]}<\/script>\n<!-- \/ Yoast SEO plugin. -->","yoast_head_json":{"title":"R\u00e5dhuskvarteret nominated for Building of the Year 2015 | FOJAB","robots":{"index":"index","follow":"follow","max-snippet":"max-snippet:-1","max-image-preview":"max-image-preview:large","max-video-preview":"max-video-preview:-1"},"canonical":"https:\/\/fojab.se\/en\/topical\/townhouse-block-nominated-for-building-of-the-year-2015\/","og_locale":"en_US","og_type":"article","og_title":"R\u00e5dhuskvarteret nominerat till \u00c5rets Bygge 2015 | FOJAB","og_description":"\u00c5rets Bygge \u00e4r samh\u00e4llsbyggnadssektorns mest prestigefyllda t\u00e4vling. Den lyfter fram exempel p\u00e5 det b\u00e4sta sektorn presterar i kvalitet, samarbete i projektet, ekonomi och form. Priset \u00e4r ett samarbete mellan tidningen Byggindustrin och Svensk Byggtj\u00e4nst. Det vinnande\u00a0projektet utropas\u00a023 mars\u00a0vid en\u00a0galafest p\u00e5 Cirkus i Stockholm. Mer om \u00c5rets Bygge 2015 Om R\u00e5dhuskvarteret p\u00e5 byggindustrin.se","og_url":"https:\/\/fojab.se\/en\/topical\/townhouse-block-nominated-for-building-of-the-year-2015\/","og_site_name":"FOJAB","article_published_time":"2015-02-12T11:00:22+00:00","article_modified_time":"2019-04-16T08:58:02+00:00","og_image":[{"width":768,"height":421,"url":"https:\/\/media1.fojab.se\/2019\/03\/2015-02-12-radhuskvarteret-nominerat-till-arets-bygge-2015.jpg","type":"image\/jpeg"}],"author":"maximilian","twitter_card":"summary_large_image","twitter_misc":{"Written by":"maximilian"},"schema":{"@context":"https:\/\/schema.org","@graph":[{"@type":"Article","@id":"https:\/\/fojab.se\/aktuellt\/radhuskvarteret-nominerat-till-arets-bygge-2015\/#article","isPartOf":{"@id":"https:\/\/fojab.se\/aktuellt\/radhuskvarteret-nominerat-till-arets-bygge-2015\/"},"author":{"name":"maximilian","@id":"https:\/\/fojab.se\/#\/schema\/person\/5d07c69e3efdb8880196d961e851fb86"},"headline":"R\u00e5dhuskvarteret nominerat till \u00c5rets Bygge 2015","datePublished":"2015-02-12T11:00:22+00:00","dateModified":"2019-04-16T08:58:02+00:00","mainEntityOfPage":{"@id":"https:\/\/fojab.se\/aktuellt\/radhuskvarteret-nominerat-till-arets-bygge-2015\/"},"wordCount":66,"commentCount":0,"image":{"@id":"https:\/\/fojab.se\/aktuellt\/radhuskvarteret-nominerat-till-arets-bygge-2015\/#primaryimage"},"thumbnailUrl":"https:\/\/media1.fojab.se\/2019\/03\/2015-02-12-radhuskvarteret-nominerat-till-arets-bygge-2015.jpg","inLanguage":"en-US","potentialAction":[{"@type":"CommentAction","name":"Comment","target":["https:\/\/fojab.se\/aktuellt\/radhuskvarteret-nominerat-till-arets-bygge-2015\/#respond"]}]},{"@type":"WebPage","@id":"https:\/\/fojab.se\/aktuellt\/radhuskvarteret-nominerat-till-arets-bygge-2015\/","url":"https:\/\/fojab.se\/aktuellt\/radhuskvarteret-nominerat-till-arets-bygge-2015\/","name":"R\u00e5dhuskvarteret nominated for Building of the Year 2015 | FOJAB","isPartOf":{"@id":"https:\/\/fojab.se\/#website"},"primaryImageOfPage":{"@id":"https:\/\/fojab.se\/aktuellt\/radhuskvarteret-nominerat-till-arets-bygge-2015\/#primaryimage"},"image":{"@id":"https:\/\/fojab.se\/aktuellt\/radhuskvarteret-nominerat-till-arets-bygge-2015\/#primaryimage"},"thumbnailUrl":"https:\/\/media1.fojab.se\/2019\/03\/2015-02-12-radhuskvarteret-nominerat-till-arets-bygge-2015.jpg","datePublished":"2015-02-12T11:00:22+00:00","dateModified":"2019-04-16T08:58:02+00:00","author":{"@id":"https:\/\/fojab.se\/#\/schema\/person\/5d07c69e3efdb8880196d961e851fb86"},"breadcrumb":{"@id":"https:\/\/fojab.se\/aktuellt\/radhuskvarteret-nominerat-till-arets-bygge-2015\/#breadcrumb"},"inLanguage":"en-US","potentialAction":[{"@type":"ReadAction","target":["https:\/\/fojab.se\/aktuellt\/radhuskvarteret-nominerat-till-arets-bygge-2015\/"]}]},{"@type":"ImageObject","inLanguage":"en-US","@id":"https:\/\/fojab.se\/aktuellt\/radhuskvarteret-nominerat-till-arets-bygge-2015\/#primaryimage","url":"https:\/\/media1.fojab.se\/2019\/03\/2015-02-12-radhuskvarteret-nominerat-till-arets-bygge-2015.jpg","contentUrl":"https:\/\/media1.fojab.se\/2019\/03\/2015-02-12-radhuskvarteret-nominerat-till-arets-bygge-2015.jpg","width":768,"height":421},{"@type":"BreadcrumbList","@id":"https:\/\/fojab.se\/aktuellt\/radhuskvarteret-nominerat-till-arets-bygge-2015\/#breadcrumb","itemListElement":[{"@type":"ListItem","position":1,"name":"Hem","item":"https:\/\/fojab.se\/"},{"@type":"ListItem","position":2,"name":"R\u00e5dhuskvarteret nominerat till \u00c5rets Bygge 2015"}]},{"@type":"WebSite","@id":"https:\/\/fojab.se\/#website","url":"https:\/\/fojab.se\/","name":"FOJAB","description":"","potentialAction":[{"@type":"SearchAction","target":{"@type":"EntryPoint","urlTemplate":"https:\/\/fojab.se\/?s={search_term_string}"},"query-input":{"@type":"PropertyValueSpecification","valueRequired":true,"valueName":"search_term_string"}}],"inLanguage":"en-US"},{"@type":"Person","@id":"https:\/\/fojab.se\/#\/schema\/person\/5d07c69e3efdb8880196d961e851fb86","name":"Maximilian","image":{"@type":"ImageObject","inLanguage":"en-US","@id":"https:\/\/secure.gravatar.com\/avatar\/221a1319eee7f463c0098eb135b71e1f0a2c5dc558b91c929d84e226525981d8?s=96&d=mm&r=g","url":"https:\/\/secure.gravatar.com\/avatar\/221a1319eee7f463c0098eb135b71e1f0a2c5dc558b91c929d84e226525981d8?s=96&d=mm&r=g","contentUrl":"https:\/\/secure.gravatar.com\/avatar\/221a1319eee7f463c0098eb135b71e1f0a2c5dc558b91c929d84e226525981d8?s=96&d=mm&r=g","caption":"maximilian"},"url":"https:\/\/fojab.se\/en\/aktuellt\/author\/maximilian\/"}]}},"_links":{"self":[{"href":"https:\/\/fojab.se\/en\/wp-json\/wp\/v2\/posts\/2579","targetHints":{"allow":["GET"]}}],"collection":[{"href":"https:\/\/fojab.se\/en\/wp-json\/wp\/v2\/posts"}],"about":[{"href":"https:\/\/fojab.se\/en\/wp-json\/wp\/v2\/types\/post"}],"author":[{"embeddable":true,"href":"https:\/\/fojab.se\/en\/wp-json\/wp\/v2\/users\/1"}],"replies":[{"embeddable":true,"href":"https:\/\/fojab.se\/en\/wp-json\/wp\/v2\/comments?post=2579"}],"version-history":[{"count":2,"href":"https:\/\/fojab.se\/en\/wp-json\/wp\/v2\/posts\/2579\/revisions"}],"predecessor-version":[{"id":2663,"href":"https:\/\/fojab.se\/en\/wp-json\/wp\/v2\/posts\/2579\/revisions\/2663"}],"wp:featuredmedia":[{"embeddable":true,"href":"https:\/\/fojab.se\/en\/wp-json\/wp\/v2\/media\/2661"}],"wp:attachment":[{"href":"https:\/\/fojab.se\/en\/wp-json\/wp\/v2\/media?parent=2579"}],"wp:term":[{"taxonomy":"category","embeddable":true,"href":"https:\/\/fojab.se\/en\/wp-json\/wp\/v2\/categories?post=2579"},{"taxonomy":"post_tag","embeddable":true,"href":"https:\/\/fojab.se\/en\/wp-json\/wp\/v2\/tags?post=2579"}],"curies":[{"name":"wp","href":"https:\/\/api.w.org\/{rel}","templated":true}]}}