{"id":2562,"date":"2014-11-26T12:00:05","date_gmt":"2014-11-26T11:00:05","guid":{"rendered":"https:\/\/fojab.se\/?p=2562"},"modified":"2019-04-16T09:58:02","modified_gmt":"2019-04-16T08:58:02","slug":"karin-fagerberg-new-chair-of-the-board-of-sustainable-business-hub-scandinavia","status":"publish","type":"post","link":"https:\/\/fojab.se\/en\/topical\/karin-fagerberg-new-chair-of-the-board-of-sustainable-business-hub-scandinavia\/","title":{"rendered":"Karin Fagerberg new Chairman of the Board of Sustainable Business Hub Scandinavia"},"content":{"rendered":"<p><strong>Karin Fagerberg works as CCO and commissioned architect with a focus on urban planning at FOJAB arkitekter. Since a few months back, Karin is also the new chairman of the board of the environmental technology network Sustainable Business Hub Scandinavia.<\/strong><\/p>\n<p>The network's vision is for southern Sweden to develop into a world-leading region in cleantech by 2020. The mission is to promote increased competitiveness and exports among the region's cleantech companies.<br \/>\nIn order to develop their business both in Sweden and on the export market, they work in cluster form with various projects, one of which is SUD, Sustainable Urban Development, in which FOJAB arkitekter actively participates. SUD works to gather excellence in sustainable urban development.<\/p>\n<p>'With support from the Delegation for Sustainable Cities, the SUD cluster has participated in international urban development contexts, most recently in Poland and Russia,' says Karin Fagerberg.  'At the regional level, we organize so-called leading edge seminars for Sk\u00e5ne's municipalities in collaboration with Region Sk\u00e5ne. In my role as chairman of the board, I come into contact with additional areas of expertise and industries in cleantech, while at the same time I get a chance to support the part of the business community that wants to be at the forefront of sustainable solutions.<\/p>\n<p><a href=\"http:\/\/www.sbhub.se\/\" target=\"_blank\" rel=\"noopener noreferrer\">Sustainable Business Hub Scandinavia, www.sbhub.se<\/a><\/p>","protected":false},"excerpt":{"rendered":"<p>Karin Fagerberg \u00e4r till vardags verksam som CCO och uppdragsansvarig arkitekt med inriktning p\u00e5 samh\u00e4llsplanering p\u00e5 FOJAB arkitekter. Sedan n\u00e5gra m\u00e5nader tillbaka \u00e4r Karin ocks\u00e5 ny styrelseordf\u00f6rande i milj\u00f6teknikn\u00e4tverket Sustainable Business Hub Scandinavia. N\u00e4tverkets vision \u00e4r att s\u00f6dra Sverige ska utvecklas till en v\u00e4rldsledande region inom cleantech innan 2020. Uppdraget \u00e4r att verka f\u00f6r \u00f6kad [&hellip;]<\/p>\n","protected":false},"author":1,"featured_media":2563,"comment_status":"open","ping_status":"open","sticky":false,"template":"","format":"standard","meta":{"_monsterinsights_skip_tracking":false,"_monsterinsights_sitenote_active":false,"_monsterinsights_sitenote_note":"","_monsterinsights_sitenote_category":0,"footnotes":""},"categories":[1],"tags":[],"class_list":["post-2562","post","type-post","status-publish","format-standard","has-post-thumbnail","hentry","category-uncategorized"],"acf":[],"yoast_head":"<!-- This site is optimized with the Yoast SEO plugin v27.5 - https:\/\/yoast.com\/product\/yoast-seo-wordpress\/ -->\n<title>Karin Fagerberg ny styrelseordf\u00f6rande i Sustainable Business Hub Scandinavia | FOJAB<\/title>\n<meta name=\"robots\" content=\"index, follow, max-snippet:-1, max-image-preview:large, max-video-preview:-1\" \/>\n<link rel=\"canonical\" href=\"https:\/\/fojab.se\/en\/topical\/karin-fagerberg-new-chair-of-the-board-of-sustainable-business-hub-scandinavia\/\" \/>\n<meta property=\"og:locale\" content=\"en_US\" \/>\n<meta property=\"og:type\" content=\"article\" \/>\n<meta property=\"og:title\" content=\"Karin Fagerberg ny styrelseordf\u00f6rande i Sustainable Business Hub Scandinavia | FOJAB\" \/>\n<meta property=\"og:description\" content=\"Karin Fagerberg \u00e4r till vardags verksam som CCO och uppdragsansvarig arkitekt med inriktning p\u00e5 samh\u00e4llsplanering p\u00e5 FOJAB arkitekter. Sedan n\u00e5gra m\u00e5nader tillbaka \u00e4r Karin ocks\u00e5 ny styrelseordf\u00f6rande i milj\u00f6teknikn\u00e4tverket Sustainable Business Hub Scandinavia. N\u00e4tverkets vision \u00e4r att s\u00f6dra Sverige ska utvecklas till en v\u00e4rldsledande region inom cleantech innan 2020. Uppdraget \u00e4r att verka f\u00f6r \u00f6kad [&hellip;]\" \/>\n<meta property=\"og:url\" content=\"https:\/\/fojab.se\/en\/topical\/karin-fagerberg-new-chair-of-the-board-of-sustainable-business-hub-scandinavia\/\" \/>\n<meta property=\"og:site_name\" content=\"FOJAB\" \/>\n<meta property=\"article:published_time\" content=\"2014-11-26T11:00:05+00:00\" \/>\n<meta property=\"article:modified_time\" content=\"2019-04-16T08:58:02+00:00\" \/>\n<meta property=\"og:image\" content=\"https:\/\/media1.fojab.se\/2019\/03\/2014-11-26-karin-fagerberg-ny-styrelseordforande-i-sustainable-business-hub-scandinavia.jpg\" \/>\n\t<meta property=\"og:image:width\" content=\"768\" \/>\n\t<meta property=\"og:image:height\" content=\"421\" \/>\n\t<meta property=\"og:image:type\" content=\"image\/jpeg\" \/>\n<meta name=\"author\" content=\"maximilian\" \/>\n<meta name=\"twitter:card\" content=\"summary_large_image\" \/>\n<meta name=\"twitter:label1\" content=\"Written by\" \/>\n\t<meta name=\"twitter:data1\" content=\"maximilian\" \/>\n\t<meta name=\"twitter:label2\" content=\"Est. reading time\" \/>\n\t<meta name=\"twitter:data2\" content=\"1 minute\" \/>\n<script type=\"application\/ld+json\" class=\"yoast-schema-graph\">{\"@context\":\"https:\\\/\\\/schema.org\",\"@graph\":[{\"@type\":\"Article\",\"@id\":\"https:\\\/\\\/fojab.se\\\/aktuellt\\\/karin-fagerberg-ny-styrelseordforande-i-sustainable-business-hub-scandinavia\\\/#article\",\"isPartOf\":{\"@id\":\"https:\\\/\\\/fojab.se\\\/aktuellt\\\/karin-fagerberg-ny-styrelseordforande-i-sustainable-business-hub-scandinavia\\\/\"},\"author\":{\"name\":\"maximilian\",\"@id\":\"https:\\\/\\\/fojab.se\\\/#\\\/schema\\\/person\\\/5d07c69e3efdb8880196d961e851fb86\"},\"headline\":\"Karin Fagerberg ny styrelseordf\u00f6rande i Sustainable Business Hub Scandinavia\",\"datePublished\":\"2014-11-26T11:00:05+00:00\",\"dateModified\":\"2019-04-16T08:58:02+00:00\",\"mainEntityOfPage\":{\"@id\":\"https:\\\/\\\/fojab.se\\\/aktuellt\\\/karin-fagerberg-ny-styrelseordforande-i-sustainable-business-hub-scandinavia\\\/\"},\"wordCount\":231,\"commentCount\":0,\"image\":{\"@id\":\"https:\\\/\\\/fojab.se\\\/aktuellt\\\/karin-fagerberg-ny-styrelseordforande-i-sustainable-business-hub-scandinavia\\\/#primaryimage\"},\"thumbnailUrl\":\"https:\\\/\\\/media1.fojab.se\\\/2019\\\/03\\\/2014-11-26-karin-fagerberg-ny-styrelseordforande-i-sustainable-business-hub-scandinavia.jpg\",\"inLanguage\":\"en-US\",\"potentialAction\":[{\"@type\":\"CommentAction\",\"name\":\"Comment\",\"target\":[\"https:\\\/\\\/fojab.se\\\/aktuellt\\\/karin-fagerberg-ny-styrelseordforande-i-sustainable-business-hub-scandinavia\\\/#respond\"]}]},{\"@type\":\"WebPage\",\"@id\":\"https:\\\/\\\/fojab.se\\\/aktuellt\\\/karin-fagerberg-ny-styrelseordforande-i-sustainable-business-hub-scandinavia\\\/\",\"url\":\"https:\\\/\\\/fojab.se\\\/aktuellt\\\/karin-fagerberg-ny-styrelseordforande-i-sustainable-business-hub-scandinavia\\\/\",\"name\":\"Karin Fagerberg ny styrelseordf\u00f6rande i Sustainable Business Hub Scandinavia | FOJAB\",\"isPartOf\":{\"@id\":\"https:\\\/\\\/fojab.se\\\/#website\"},\"primaryImageOfPage\":{\"@id\":\"https:\\\/\\\/fojab.se\\\/aktuellt\\\/karin-fagerberg-ny-styrelseordforande-i-sustainable-business-hub-scandinavia\\\/#primaryimage\"},\"image\":{\"@id\":\"https:\\\/\\\/fojab.se\\\/aktuellt\\\/karin-fagerberg-ny-styrelseordforande-i-sustainable-business-hub-scandinavia\\\/#primaryimage\"},\"thumbnailUrl\":\"https:\\\/\\\/media1.fojab.se\\\/2019\\\/03\\\/2014-11-26-karin-fagerberg-ny-styrelseordforande-i-sustainable-business-hub-scandinavia.jpg\",\"datePublished\":\"2014-11-26T11:00:05+00:00\",\"dateModified\":\"2019-04-16T08:58:02+00:00\",\"author\":{\"@id\":\"https:\\\/\\\/fojab.se\\\/#\\\/schema\\\/person\\\/5d07c69e3efdb8880196d961e851fb86\"},\"breadcrumb\":{\"@id\":\"https:\\\/\\\/fojab.se\\\/aktuellt\\\/karin-fagerberg-ny-styrelseordforande-i-sustainable-business-hub-scandinavia\\\/#breadcrumb\"},\"inLanguage\":\"en-US\",\"potentialAction\":[{\"@type\":\"ReadAction\",\"target\":[\"https:\\\/\\\/fojab.se\\\/aktuellt\\\/karin-fagerberg-ny-styrelseordforande-i-sustainable-business-hub-scandinavia\\\/\"]}]},{\"@type\":\"ImageObject\",\"inLanguage\":\"en-US\",\"@id\":\"https:\\\/\\\/fojab.se\\\/aktuellt\\\/karin-fagerberg-ny-styrelseordforande-i-sustainable-business-hub-scandinavia\\\/#primaryimage\",\"url\":\"https:\\\/\\\/media1.fojab.se\\\/2019\\\/03\\\/2014-11-26-karin-fagerberg-ny-styrelseordforande-i-sustainable-business-hub-scandinavia.jpg\",\"contentUrl\":\"https:\\\/\\\/media1.fojab.se\\\/2019\\\/03\\\/2014-11-26-karin-fagerberg-ny-styrelseordforande-i-sustainable-business-hub-scandinavia.jpg\",\"width\":768,\"height\":421},{\"@type\":\"BreadcrumbList\",\"@id\":\"https:\\\/\\\/fojab.se\\\/aktuellt\\\/karin-fagerberg-ny-styrelseordforande-i-sustainable-business-hub-scandinavia\\\/#breadcrumb\",\"itemListElement\":[{\"@type\":\"ListItem\",\"position\":1,\"name\":\"Hem\",\"item\":\"https:\\\/\\\/fojab.se\\\/\"},{\"@type\":\"ListItem\",\"position\":2,\"name\":\"Karin Fagerberg ny styrelseordf\u00f6rande i Sustainable Business Hub Scandinavia\"}]},{\"@type\":\"WebSite\",\"@id\":\"https:\\\/\\\/fojab.se\\\/#website\",\"url\":\"https:\\\/\\\/fojab.se\\\/\",\"name\":\"FOJAB\",\"description\":\"\",\"potentialAction\":[{\"@type\":\"SearchAction\",\"target\":{\"@type\":\"EntryPoint\",\"urlTemplate\":\"https:\\\/\\\/fojab.se\\\/?s={search_term_string}\"},\"query-input\":{\"@type\":\"PropertyValueSpecification\",\"valueRequired\":true,\"valueName\":\"search_term_string\"}}],\"inLanguage\":\"en-US\"},{\"@type\":\"Person\",\"@id\":\"https:\\\/\\\/fojab.se\\\/#\\\/schema\\\/person\\\/5d07c69e3efdb8880196d961e851fb86\",\"name\":\"maximilian\",\"image\":{\"@type\":\"ImageObject\",\"inLanguage\":\"en-US\",\"@id\":\"https:\\\/\\\/secure.gravatar.com\\\/avatar\\\/221a1319eee7f463c0098eb135b71e1f0a2c5dc558b91c929d84e226525981d8?s=96&d=mm&r=g\",\"url\":\"https:\\\/\\\/secure.gravatar.com\\\/avatar\\\/221a1319eee7f463c0098eb135b71e1f0a2c5dc558b91c929d84e226525981d8?s=96&d=mm&r=g\",\"contentUrl\":\"https:\\\/\\\/secure.gravatar.com\\\/avatar\\\/221a1319eee7f463c0098eb135b71e1f0a2c5dc558b91c929d84e226525981d8?s=96&d=mm&r=g\",\"caption\":\"maximilian\"},\"url\":\"https:\\\/\\\/fojab.se\\\/en\\\/aktuellt\\\/author\\\/maximilian\\\/\"}]}<\/script>\n<!-- \/ Yoast SEO plugin. -->","yoast_head_json":{"title":"Karin Fagerberg new Chairman of the Board of Sustainable Business Hub Scandinavia | FOJAB","robots":{"index":"index","follow":"follow","max-snippet":"max-snippet:-1","max-image-preview":"max-image-preview:large","max-video-preview":"max-video-preview:-1"},"canonical":"https:\/\/fojab.se\/en\/topical\/karin-fagerberg-new-chair-of-the-board-of-sustainable-business-hub-scandinavia\/","og_locale":"en_US","og_type":"article","og_title":"Karin Fagerberg ny styrelseordf\u00f6rande i Sustainable Business Hub Scandinavia | FOJAB","og_description":"Karin Fagerberg \u00e4r till vardags verksam som CCO och uppdragsansvarig arkitekt med inriktning p\u00e5 samh\u00e4llsplanering p\u00e5 FOJAB arkitekter. Sedan n\u00e5gra m\u00e5nader tillbaka \u00e4r Karin ocks\u00e5 ny styrelseordf\u00f6rande i milj\u00f6teknikn\u00e4tverket Sustainable Business Hub Scandinavia. N\u00e4tverkets vision \u00e4r att s\u00f6dra Sverige ska utvecklas till en v\u00e4rldsledande region inom cleantech innan 2020. Uppdraget \u00e4r att verka f\u00f6r \u00f6kad [&hellip;]","og_url":"https:\/\/fojab.se\/en\/topical\/karin-fagerberg-new-chair-of-the-board-of-sustainable-business-hub-scandinavia\/","og_site_name":"FOJAB","article_published_time":"2014-11-26T11:00:05+00:00","article_modified_time":"2019-04-16T08:58:02+00:00","og_image":[{"width":768,"height":421,"url":"https:\/\/media1.fojab.se\/2019\/03\/2014-11-26-karin-fagerberg-ny-styrelseordforande-i-sustainable-business-hub-scandinavia.jpg","type":"image\/jpeg"}],"author":"maximilian","twitter_card":"summary_large_image","twitter_misc":{"Written by":"maximilian","Est. reading time":"1 minute"},"schema":{"@context":"https:\/\/schema.org","@graph":[{"@type":"Article","@id":"https:\/\/fojab.se\/aktuellt\/karin-fagerberg-ny-styrelseordforande-i-sustainable-business-hub-scandinavia\/#article","isPartOf":{"@id":"https:\/\/fojab.se\/aktuellt\/karin-fagerberg-ny-styrelseordforande-i-sustainable-business-hub-scandinavia\/"},"author":{"name":"maximilian","@id":"https:\/\/fojab.se\/#\/schema\/person\/5d07c69e3efdb8880196d961e851fb86"},"headline":"Karin Fagerberg ny styrelseordf\u00f6rande i Sustainable Business Hub Scandinavia","datePublished":"2014-11-26T11:00:05+00:00","dateModified":"2019-04-16T08:58:02+00:00","mainEntityOfPage":{"@id":"https:\/\/fojab.se\/aktuellt\/karin-fagerberg-ny-styrelseordforande-i-sustainable-business-hub-scandinavia\/"},"wordCount":231,"commentCount":0,"image":{"@id":"https:\/\/fojab.se\/aktuellt\/karin-fagerberg-ny-styrelseordforande-i-sustainable-business-hub-scandinavia\/#primaryimage"},"thumbnailUrl":"https:\/\/media1.fojab.se\/2019\/03\/2014-11-26-karin-fagerberg-ny-styrelseordforande-i-sustainable-business-hub-scandinavia.jpg","inLanguage":"en-US","potentialAction":[{"@type":"CommentAction","name":"Comment","target":["https:\/\/fojab.se\/aktuellt\/karin-fagerberg-ny-styrelseordforande-i-sustainable-business-hub-scandinavia\/#respond"]}]},{"@type":"WebPage","@id":"https:\/\/fojab.se\/aktuellt\/karin-fagerberg-ny-styrelseordforande-i-sustainable-business-hub-scandinavia\/","url":"https:\/\/fojab.se\/aktuellt\/karin-fagerberg-ny-styrelseordforande-i-sustainable-business-hub-scandinavia\/","name":"Karin Fagerberg new Chairman of the Board of Sustainable Business Hub Scandinavia | FOJAB","isPartOf":{"@id":"https:\/\/fojab.se\/#website"},"primaryImageOfPage":{"@id":"https:\/\/fojab.se\/aktuellt\/karin-fagerberg-ny-styrelseordforande-i-sustainable-business-hub-scandinavia\/#primaryimage"},"image":{"@id":"https:\/\/fojab.se\/aktuellt\/karin-fagerberg-ny-styrelseordforande-i-sustainable-business-hub-scandinavia\/#primaryimage"},"thumbnailUrl":"https:\/\/media1.fojab.se\/2019\/03\/2014-11-26-karin-fagerberg-ny-styrelseordforande-i-sustainable-business-hub-scandinavia.jpg","datePublished":"2014-11-26T11:00:05+00:00","dateModified":"2019-04-16T08:58:02+00:00","author":{"@id":"https:\/\/fojab.se\/#\/schema\/person\/5d07c69e3efdb8880196d961e851fb86"},"breadcrumb":{"@id":"https:\/\/fojab.se\/aktuellt\/karin-fagerberg-ny-styrelseordforande-i-sustainable-business-hub-scandinavia\/#breadcrumb"},"inLanguage":"en-US","potentialAction":[{"@type":"ReadAction","target":["https:\/\/fojab.se\/aktuellt\/karin-fagerberg-ny-styrelseordforande-i-sustainable-business-hub-scandinavia\/"]}]},{"@type":"ImageObject","inLanguage":"en-US","@id":"https:\/\/fojab.se\/aktuellt\/karin-fagerberg-ny-styrelseordforande-i-sustainable-business-hub-scandinavia\/#primaryimage","url":"https:\/\/media1.fojab.se\/2019\/03\/2014-11-26-karin-fagerberg-ny-styrelseordforande-i-sustainable-business-hub-scandinavia.jpg","contentUrl":"https:\/\/media1.fojab.se\/2019\/03\/2014-11-26-karin-fagerberg-ny-styrelseordforande-i-sustainable-business-hub-scandinavia.jpg","width":768,"height":421},{"@type":"BreadcrumbList","@id":"https:\/\/fojab.se\/aktuellt\/karin-fagerberg-ny-styrelseordforande-i-sustainable-business-hub-scandinavia\/#breadcrumb","itemListElement":[{"@type":"ListItem","position":1,"name":"Hem","item":"https:\/\/fojab.se\/"},{"@type":"ListItem","position":2,"name":"Karin Fagerberg ny styrelseordf\u00f6rande i Sustainable Business Hub Scandinavia"}]},{"@type":"WebSite","@id":"https:\/\/fojab.se\/#website","url":"https:\/\/fojab.se\/","name":"FOJAB","description":"","potentialAction":[{"@type":"SearchAction","target":{"@type":"EntryPoint","urlTemplate":"https:\/\/fojab.se\/?s={search_term_string}"},"query-input":{"@type":"PropertyValueSpecification","valueRequired":true,"valueName":"search_term_string"}}],"inLanguage":"en-US"},{"@type":"Person","@id":"https:\/\/fojab.se\/#\/schema\/person\/5d07c69e3efdb8880196d961e851fb86","name":"Maximilian","image":{"@type":"ImageObject","inLanguage":"en-US","@id":"https:\/\/secure.gravatar.com\/avatar\/221a1319eee7f463c0098eb135b71e1f0a2c5dc558b91c929d84e226525981d8?s=96&d=mm&r=g","url":"https:\/\/secure.gravatar.com\/avatar\/221a1319eee7f463c0098eb135b71e1f0a2c5dc558b91c929d84e226525981d8?s=96&d=mm&r=g","contentUrl":"https:\/\/secure.gravatar.com\/avatar\/221a1319eee7f463c0098eb135b71e1f0a2c5dc558b91c929d84e226525981d8?s=96&d=mm&r=g","caption":"maximilian"},"url":"https:\/\/fojab.se\/en\/aktuellt\/author\/maximilian\/"}]}},"_links":{"self":[{"href":"https:\/\/fojab.se\/en\/wp-json\/wp\/v2\/posts\/2562","targetHints":{"allow":["GET"]}}],"collection":[{"href":"https:\/\/fojab.se\/en\/wp-json\/wp\/v2\/posts"}],"about":[{"href":"https:\/\/fojab.se\/en\/wp-json\/wp\/v2\/types\/post"}],"author":[{"embeddable":true,"href":"https:\/\/fojab.se\/en\/wp-json\/wp\/v2\/users\/1"}],"replies":[{"embeddable":true,"href":"https:\/\/fojab.se\/en\/wp-json\/wp\/v2\/comments?post=2562"}],"version-history":[{"count":1,"href":"https:\/\/fojab.se\/en\/wp-json\/wp\/v2\/posts\/2562\/revisions"}],"predecessor-version":[{"id":2564,"href":"https:\/\/fojab.se\/en\/wp-json\/wp\/v2\/posts\/2562\/revisions\/2564"}],"wp:featuredmedia":[{"embeddable":true,"href":"https:\/\/fojab.se\/en\/wp-json\/wp\/v2\/media\/2563"}],"wp:attachment":[{"href":"https:\/\/fojab.se\/en\/wp-json\/wp\/v2\/media?parent=2562"}],"wp:term":[{"taxonomy":"category","embeddable":true,"href":"https:\/\/fojab.se\/en\/wp-json\/wp\/v2\/categories?post=2562"},{"taxonomy":"post_tag","embeddable":true,"href":"https:\/\/fojab.se\/en\/wp-json\/wp\/v2\/tags?post=2562"}],"curies":[{"name":"wp","href":"https:\/\/api.w.org\/{rel}","templated":true}]}}