{"id":2522,"date":"2014-03-25T12:00:43","date_gmt":"2014-03-25T11:00:43","guid":{"rendered":"https:\/\/fojab.se\/?p=2522"},"modified":"2019-04-16T09:58:03","modified_gmt":"2019-04-16T08:58:03","slug":"townhouse-skane-inaugurated","status":"publish","type":"post","link":"https:\/\/fojab.se\/en\/topical\/townhouse-skane-inaugurated\/","title":{"rendered":"Town Hall Sk\u00e5ne inaugurated"},"content":{"rendered":"<p><strong>On March 21, there was a moving-in ceremony in the new R\u00e5dhus Sk\u00e5ne in Kristianstad. To music and inaugural speeches, 700 employees and elected officials took up their new workplace. In a new building behind largely preserved older facades, Region Sk\u00e5ne and Kristianstad Municipality now meet on a daily basis.<\/strong><\/p>\n<p>The architect behind the project, Greger Dahlstr\u00f6m of FOJAB arkitekter, was one of the opening speakers:<\/p>\n<p>- The objective of the program, as presented, was: \"an open and accessible meeting and workplace that stimulates renewal and opens up for engaging meetings for citizens and colleagues\". Our translation of this into an architectural vision could be formulated as: A modern, efficient and flexible building, which externally and internally exudes openness, transparency and timelessness.<\/p>\n<p>Behind the decision to locate R\u00e5dhus Sk\u00e5ne in the center of Kristianstad and immediately adjacent to the railway station is a desire to be close to the citizens. This attitude is also expressed in various ways in the architecture.<\/p>\n<p>- The new entrance towards Stora Torg wants to be the opposite of the monumental entrance - an undramatic meeting with the visitor. The large civic window signals welcoming openness and transparency,\" says Greger Dahlstr\u00f6m.<\/p>\n<p>Once inside, visitors are pleasantly surprised. The block's classic, rather closed facades enclose a completely new modern office that is flooded with light.<\/p>\n<p>- Just as important as daylight is the possibility of views, which allows you to feel the rhythm of the day and follow the changes in the weather. The open office and glass walls provide lines of sight both horizontally and vertically through the building to the surroundings,\" says Greger Dahlstr\u00f6m.<\/p>\n<p><a href=\"https:\/\/fojab.se\/en\/project\/townhouses-in-skane\/\">Read more about the project<\/a><\/p>","protected":false},"excerpt":{"rendered":"<p>Den 21:a mars var det inflyttningskalas i nya R\u00e5dhus Sk\u00e5ne i Kristianstad. Till musik och invigningstal tog 700 medarbetare och f\u00f6rtroendevalda sin nya arbetsplats i bruk. I en ny byggnad bakom till stor del bevarade \u00e4ldre fasader m\u00f6ts fr\u00e5n och med nu Region Sk\u00e5ne och Kristianstad Kommun till vardags. Arkitekten bakom projektet, Greger Dahlstr\u00f6m p\u00e5 [&hellip;]<\/p>\n","protected":false},"author":1,"featured_media":2523,"comment_status":"open","ping_status":"open","sticky":false,"template":"","format":"standard","meta":{"_monsterinsights_skip_tracking":false,"_monsterinsights_sitenote_active":false,"_monsterinsights_sitenote_note":"","_monsterinsights_sitenote_category":0,"footnotes":""},"categories":[1],"tags":[],"class_list":["post-2522","post","type-post","status-publish","format-standard","has-post-thumbnail","hentry","category-uncategorized"],"acf":[],"yoast_head":"<!-- This site is optimized with the Yoast SEO plugin v27.5 - https:\/\/yoast.com\/product\/yoast-seo-wordpress\/ -->\n<title>R\u00e5dhus Sk\u00e5ne invigt | FOJAB<\/title>\n<meta name=\"robots\" content=\"index, follow, max-snippet:-1, max-image-preview:large, max-video-preview:-1\" \/>\n<link rel=\"canonical\" href=\"https:\/\/fojab.se\/en\/topical\/townhouse-skane-inaugurated\/\" \/>\n<meta property=\"og:locale\" content=\"en_US\" \/>\n<meta property=\"og:type\" content=\"article\" \/>\n<meta property=\"og:title\" content=\"R\u00e5dhus Sk\u00e5ne invigt | FOJAB\" \/>\n<meta property=\"og:description\" content=\"Den 21:a mars var det inflyttningskalas i nya R\u00e5dhus Sk\u00e5ne i Kristianstad. Till musik och invigningstal tog 700 medarbetare och f\u00f6rtroendevalda sin nya arbetsplats i bruk. I en ny byggnad bakom till stor del bevarade \u00e4ldre fasader m\u00f6ts fr\u00e5n och med nu Region Sk\u00e5ne och Kristianstad Kommun till vardags. Arkitekten bakom projektet, Greger Dahlstr\u00f6m p\u00e5 [&hellip;]\" \/>\n<meta property=\"og:url\" content=\"https:\/\/fojab.se\/en\/topical\/townhouse-skane-inaugurated\/\" \/>\n<meta property=\"og:site_name\" content=\"FOJAB\" \/>\n<meta property=\"article:published_time\" content=\"2014-03-25T11:00:43+00:00\" \/>\n<meta property=\"article:modified_time\" content=\"2019-04-16T08:58:03+00:00\" \/>\n<meta property=\"og:image\" content=\"https:\/\/media1.fojab.se\/2019\/03\/2014-03-25-radhus-skane-invigt.jpg\" \/>\n\t<meta property=\"og:image:width\" content=\"768\" \/>\n\t<meta property=\"og:image:height\" content=\"421\" \/>\n\t<meta property=\"og:image:type\" content=\"image\/jpeg\" \/>\n<meta name=\"author\" content=\"maximilian\" \/>\n<meta name=\"twitter:card\" content=\"summary_large_image\" \/>\n<meta name=\"twitter:label1\" content=\"Written by\" \/>\n\t<meta name=\"twitter:data1\" content=\"maximilian\" \/>\n\t<meta name=\"twitter:label2\" content=\"Est. reading time\" \/>\n\t<meta name=\"twitter:data2\" content=\"1 minute\" \/>\n<script type=\"application\/ld+json\" class=\"yoast-schema-graph\">{\"@context\":\"https:\\\/\\\/schema.org\",\"@graph\":[{\"@type\":\"Article\",\"@id\":\"https:\\\/\\\/fojab.se\\\/aktuellt\\\/radhus-skane-invigt\\\/#article\",\"isPartOf\":{\"@id\":\"https:\\\/\\\/fojab.se\\\/aktuellt\\\/radhus-skane-invigt\\\/\"},\"author\":{\"name\":\"maximilian\",\"@id\":\"https:\\\/\\\/fojab.se\\\/#\\\/schema\\\/person\\\/5d07c69e3efdb8880196d961e851fb86\"},\"headline\":\"R\u00e5dhus Sk\u00e5ne invigt\",\"datePublished\":\"2014-03-25T11:00:43+00:00\",\"dateModified\":\"2019-04-16T08:58:03+00:00\",\"mainEntityOfPage\":{\"@id\":\"https:\\\/\\\/fojab.se\\\/aktuellt\\\/radhus-skane-invigt\\\/\"},\"wordCount\":299,\"commentCount\":0,\"image\":{\"@id\":\"https:\\\/\\\/fojab.se\\\/aktuellt\\\/radhus-skane-invigt\\\/#primaryimage\"},\"thumbnailUrl\":\"https:\\\/\\\/media1.fojab.se\\\/2019\\\/03\\\/2014-03-25-radhus-skane-invigt.jpg\",\"inLanguage\":\"en-US\",\"potentialAction\":[{\"@type\":\"CommentAction\",\"name\":\"Comment\",\"target\":[\"https:\\\/\\\/fojab.se\\\/aktuellt\\\/radhus-skane-invigt\\\/#respond\"]}]},{\"@type\":\"WebPage\",\"@id\":\"https:\\\/\\\/fojab.se\\\/aktuellt\\\/radhus-skane-invigt\\\/\",\"url\":\"https:\\\/\\\/fojab.se\\\/aktuellt\\\/radhus-skane-invigt\\\/\",\"name\":\"R\u00e5dhus Sk\u00e5ne invigt | FOJAB\",\"isPartOf\":{\"@id\":\"https:\\\/\\\/fojab.se\\\/#website\"},\"primaryImageOfPage\":{\"@id\":\"https:\\\/\\\/fojab.se\\\/aktuellt\\\/radhus-skane-invigt\\\/#primaryimage\"},\"image\":{\"@id\":\"https:\\\/\\\/fojab.se\\\/aktuellt\\\/radhus-skane-invigt\\\/#primaryimage\"},\"thumbnailUrl\":\"https:\\\/\\\/media1.fojab.se\\\/2019\\\/03\\\/2014-03-25-radhus-skane-invigt.jpg\",\"datePublished\":\"2014-03-25T11:00:43+00:00\",\"dateModified\":\"2019-04-16T08:58:03+00:00\",\"author\":{\"@id\":\"https:\\\/\\\/fojab.se\\\/#\\\/schema\\\/person\\\/5d07c69e3efdb8880196d961e851fb86\"},\"breadcrumb\":{\"@id\":\"https:\\\/\\\/fojab.se\\\/aktuellt\\\/radhus-skane-invigt\\\/#breadcrumb\"},\"inLanguage\":\"en-US\",\"potentialAction\":[{\"@type\":\"ReadAction\",\"target\":[\"https:\\\/\\\/fojab.se\\\/aktuellt\\\/radhus-skane-invigt\\\/\"]}]},{\"@type\":\"ImageObject\",\"inLanguage\":\"en-US\",\"@id\":\"https:\\\/\\\/fojab.se\\\/aktuellt\\\/radhus-skane-invigt\\\/#primaryimage\",\"url\":\"https:\\\/\\\/media1.fojab.se\\\/2019\\\/03\\\/2014-03-25-radhus-skane-invigt.jpg\",\"contentUrl\":\"https:\\\/\\\/media1.fojab.se\\\/2019\\\/03\\\/2014-03-25-radhus-skane-invigt.jpg\",\"width\":768,\"height\":421},{\"@type\":\"BreadcrumbList\",\"@id\":\"https:\\\/\\\/fojab.se\\\/aktuellt\\\/radhus-skane-invigt\\\/#breadcrumb\",\"itemListElement\":[{\"@type\":\"ListItem\",\"position\":1,\"name\":\"Hem\",\"item\":\"https:\\\/\\\/fojab.se\\\/\"},{\"@type\":\"ListItem\",\"position\":2,\"name\":\"R\u00e5dhus Sk\u00e5ne invigt\"}]},{\"@type\":\"WebSite\",\"@id\":\"https:\\\/\\\/fojab.se\\\/#website\",\"url\":\"https:\\\/\\\/fojab.se\\\/\",\"name\":\"FOJAB\",\"description\":\"\",\"potentialAction\":[{\"@type\":\"SearchAction\",\"target\":{\"@type\":\"EntryPoint\",\"urlTemplate\":\"https:\\\/\\\/fojab.se\\\/?s={search_term_string}\"},\"query-input\":{\"@type\":\"PropertyValueSpecification\",\"valueRequired\":true,\"valueName\":\"search_term_string\"}}],\"inLanguage\":\"en-US\"},{\"@type\":\"Person\",\"@id\":\"https:\\\/\\\/fojab.se\\\/#\\\/schema\\\/person\\\/5d07c69e3efdb8880196d961e851fb86\",\"name\":\"maximilian\",\"image\":{\"@type\":\"ImageObject\",\"inLanguage\":\"en-US\",\"@id\":\"https:\\\/\\\/secure.gravatar.com\\\/avatar\\\/221a1319eee7f463c0098eb135b71e1f0a2c5dc558b91c929d84e226525981d8?s=96&d=mm&r=g\",\"url\":\"https:\\\/\\\/secure.gravatar.com\\\/avatar\\\/221a1319eee7f463c0098eb135b71e1f0a2c5dc558b91c929d84e226525981d8?s=96&d=mm&r=g\",\"contentUrl\":\"https:\\\/\\\/secure.gravatar.com\\\/avatar\\\/221a1319eee7f463c0098eb135b71e1f0a2c5dc558b91c929d84e226525981d8?s=96&d=mm&r=g\",\"caption\":\"maximilian\"},\"url\":\"https:\\\/\\\/fojab.se\\\/en\\\/aktuellt\\\/author\\\/maximilian\\\/\"}]}<\/script>\n<!-- \/ Yoast SEO plugin. -->","yoast_head_json":{"title":"Town Hall Sk\u00e5ne inaugurated | FOJAB","robots":{"index":"index","follow":"follow","max-snippet":"max-snippet:-1","max-image-preview":"max-image-preview:large","max-video-preview":"max-video-preview:-1"},"canonical":"https:\/\/fojab.se\/en\/topical\/townhouse-skane-inaugurated\/","og_locale":"en_US","og_type":"article","og_title":"R\u00e5dhus Sk\u00e5ne invigt | FOJAB","og_description":"Den 21:a mars var det inflyttningskalas i nya R\u00e5dhus Sk\u00e5ne i Kristianstad. Till musik och invigningstal tog 700 medarbetare och f\u00f6rtroendevalda sin nya arbetsplats i bruk. I en ny byggnad bakom till stor del bevarade \u00e4ldre fasader m\u00f6ts fr\u00e5n och med nu Region Sk\u00e5ne och Kristianstad Kommun till vardags. Arkitekten bakom projektet, Greger Dahlstr\u00f6m p\u00e5 [&hellip;]","og_url":"https:\/\/fojab.se\/en\/topical\/townhouse-skane-inaugurated\/","og_site_name":"FOJAB","article_published_time":"2014-03-25T11:00:43+00:00","article_modified_time":"2019-04-16T08:58:03+00:00","og_image":[{"width":768,"height":421,"url":"https:\/\/media1.fojab.se\/2019\/03\/2014-03-25-radhus-skane-invigt.jpg","type":"image\/jpeg"}],"author":"maximilian","twitter_card":"summary_large_image","twitter_misc":{"Written by":"maximilian","Est. reading time":"1 minute"},"schema":{"@context":"https:\/\/schema.org","@graph":[{"@type":"Article","@id":"https:\/\/fojab.se\/aktuellt\/radhus-skane-invigt\/#article","isPartOf":{"@id":"https:\/\/fojab.se\/aktuellt\/radhus-skane-invigt\/"},"author":{"name":"maximilian","@id":"https:\/\/fojab.se\/#\/schema\/person\/5d07c69e3efdb8880196d961e851fb86"},"headline":"R\u00e5dhus Sk\u00e5ne invigt","datePublished":"2014-03-25T11:00:43+00:00","dateModified":"2019-04-16T08:58:03+00:00","mainEntityOfPage":{"@id":"https:\/\/fojab.se\/aktuellt\/radhus-skane-invigt\/"},"wordCount":299,"commentCount":0,"image":{"@id":"https:\/\/fojab.se\/aktuellt\/radhus-skane-invigt\/#primaryimage"},"thumbnailUrl":"https:\/\/media1.fojab.se\/2019\/03\/2014-03-25-radhus-skane-invigt.jpg","inLanguage":"en-US","potentialAction":[{"@type":"CommentAction","name":"Comment","target":["https:\/\/fojab.se\/aktuellt\/radhus-skane-invigt\/#respond"]}]},{"@type":"WebPage","@id":"https:\/\/fojab.se\/aktuellt\/radhus-skane-invigt\/","url":"https:\/\/fojab.se\/aktuellt\/radhus-skane-invigt\/","name":"Town Hall Sk\u00e5ne inaugurated | FOJAB","isPartOf":{"@id":"https:\/\/fojab.se\/#website"},"primaryImageOfPage":{"@id":"https:\/\/fojab.se\/aktuellt\/radhus-skane-invigt\/#primaryimage"},"image":{"@id":"https:\/\/fojab.se\/aktuellt\/radhus-skane-invigt\/#primaryimage"},"thumbnailUrl":"https:\/\/media1.fojab.se\/2019\/03\/2014-03-25-radhus-skane-invigt.jpg","datePublished":"2014-03-25T11:00:43+00:00","dateModified":"2019-04-16T08:58:03+00:00","author":{"@id":"https:\/\/fojab.se\/#\/schema\/person\/5d07c69e3efdb8880196d961e851fb86"},"breadcrumb":{"@id":"https:\/\/fojab.se\/aktuellt\/radhus-skane-invigt\/#breadcrumb"},"inLanguage":"en-US","potentialAction":[{"@type":"ReadAction","target":["https:\/\/fojab.se\/aktuellt\/radhus-skane-invigt\/"]}]},{"@type":"ImageObject","inLanguage":"en-US","@id":"https:\/\/fojab.se\/aktuellt\/radhus-skane-invigt\/#primaryimage","url":"https:\/\/media1.fojab.se\/2019\/03\/2014-03-25-radhus-skane-invigt.jpg","contentUrl":"https:\/\/media1.fojab.se\/2019\/03\/2014-03-25-radhus-skane-invigt.jpg","width":768,"height":421},{"@type":"BreadcrumbList","@id":"https:\/\/fojab.se\/aktuellt\/radhus-skane-invigt\/#breadcrumb","itemListElement":[{"@type":"ListItem","position":1,"name":"Hem","item":"https:\/\/fojab.se\/"},{"@type":"ListItem","position":2,"name":"R\u00e5dhus Sk\u00e5ne invigt"}]},{"@type":"WebSite","@id":"https:\/\/fojab.se\/#website","url":"https:\/\/fojab.se\/","name":"FOJAB","description":"","potentialAction":[{"@type":"SearchAction","target":{"@type":"EntryPoint","urlTemplate":"https:\/\/fojab.se\/?s={search_term_string}"},"query-input":{"@type":"PropertyValueSpecification","valueRequired":true,"valueName":"search_term_string"}}],"inLanguage":"en-US"},{"@type":"Person","@id":"https:\/\/fojab.se\/#\/schema\/person\/5d07c69e3efdb8880196d961e851fb86","name":"Maximilian","image":{"@type":"ImageObject","inLanguage":"en-US","@id":"https:\/\/secure.gravatar.com\/avatar\/221a1319eee7f463c0098eb135b71e1f0a2c5dc558b91c929d84e226525981d8?s=96&d=mm&r=g","url":"https:\/\/secure.gravatar.com\/avatar\/221a1319eee7f463c0098eb135b71e1f0a2c5dc558b91c929d84e226525981d8?s=96&d=mm&r=g","contentUrl":"https:\/\/secure.gravatar.com\/avatar\/221a1319eee7f463c0098eb135b71e1f0a2c5dc558b91c929d84e226525981d8?s=96&d=mm&r=g","caption":"maximilian"},"url":"https:\/\/fojab.se\/en\/aktuellt\/author\/maximilian\/"}]}},"_links":{"self":[{"href":"https:\/\/fojab.se\/en\/wp-json\/wp\/v2\/posts\/2522","targetHints":{"allow":["GET"]}}],"collection":[{"href":"https:\/\/fojab.se\/en\/wp-json\/wp\/v2\/posts"}],"about":[{"href":"https:\/\/fojab.se\/en\/wp-json\/wp\/v2\/types\/post"}],"author":[{"embeddable":true,"href":"https:\/\/fojab.se\/en\/wp-json\/wp\/v2\/users\/1"}],"replies":[{"embeddable":true,"href":"https:\/\/fojab.se\/en\/wp-json\/wp\/v2\/comments?post=2522"}],"version-history":[{"count":1,"href":"https:\/\/fojab.se\/en\/wp-json\/wp\/v2\/posts\/2522\/revisions"}],"predecessor-version":[{"id":2524,"href":"https:\/\/fojab.se\/en\/wp-json\/wp\/v2\/posts\/2522\/revisions\/2524"}],"wp:featuredmedia":[{"embeddable":true,"href":"https:\/\/fojab.se\/en\/wp-json\/wp\/v2\/media\/2523"}],"wp:attachment":[{"href":"https:\/\/fojab.se\/en\/wp-json\/wp\/v2\/media?parent=2522"}],"wp:term":[{"taxonomy":"category","embeddable":true,"href":"https:\/\/fojab.se\/en\/wp-json\/wp\/v2\/categories?post=2522"},{"taxonomy":"post_tag","embeddable":true,"href":"https:\/\/fojab.se\/en\/wp-json\/wp\/v2\/tags?post=2522"}],"curies":[{"name":"wp","href":"https:\/\/api.w.org\/{rel}","templated":true}]}}