{"id":2489,"date":"2013-10-04T12:00:57","date_gmt":"2013-10-04T11:00:57","guid":{"rendered":"https:\/\/fojab.se\/?p=2489"},"modified":"2021-06-16T13:56:52","modified_gmt":"2021-06-16T12:56:52","slug":"launch-of-the-elinegard-project","status":"publish","type":"post","link":"https:\/\/fojab.se\/en\/topical\/launch-of-the-elinegard-project\/","title":{"rendered":"Launch of the Elineg\u00e5rd project"},"content":{"rendered":"<p>The post-yellow exhibition pavilion, designed by FOJAB, has been festively inaugurated.<\/p>\n<p>It is located on what is currently a clay field but will become a new residential area just east of Limhamn's limestone quarry. Visit the pavilion and take part in the exhibition that shows the emerging Elineg\u00e5rd!<\/p>","protected":false},"excerpt":{"rendered":"<p>The post-yellow exhibition pavilion, signed FOJAB, has been festively inaugurated. It is located on what is currently a clay field but will become a new residential area just east of Limhamn's limestone quarry. Visit the pavilion and take part in the exhibition that shows the Elineg\u00e5rd that will now emerge!<\/p>","protected":false},"author":1,"featured_media":2490,"comment_status":"open","ping_status":"open","sticky":false,"template":"","format":"standard","meta":{"_monsterinsights_skip_tracking":false,"_monsterinsights_sitenote_active":false,"_monsterinsights_sitenote_note":"","_monsterinsights_sitenote_category":0,"footnotes":""},"categories":[1],"tags":[],"class_list":["post-2489","post","type-post","status-publish","format-standard","has-post-thumbnail","hentry","category-uncategorized"],"acf":[],"yoast_head":"<!-- This site is optimized with the Yoast SEO plugin v27.5 - https:\/\/yoast.com\/product\/yoast-seo-wordpress\/ -->\n<title>Startskott f\u00f6r Elineg\u00e5rdsprojektet | FOJAB<\/title>\n<meta name=\"robots\" content=\"index, follow, max-snippet:-1, max-image-preview:large, max-video-preview:-1\" \/>\n<link rel=\"canonical\" href=\"https:\/\/fojab.se\/en\/topical\/launch-of-the-elinegard-project\/\" \/>\n<meta property=\"og:locale\" content=\"en_US\" \/>\n<meta property=\"og:type\" content=\"article\" \/>\n<meta property=\"og:title\" content=\"Startskott f\u00f6r Elineg\u00e5rdsprojektet | FOJAB\" \/>\n<meta property=\"og:description\" content=\"Den postgula utst\u00e4llningspaviljongen, signerad FOJAB, har invigts under festliga former. Den ligger p\u00e5 det som \u00e4n s\u00e5 l\u00e4nge \u00e4r ler\u00e5ker men som kommer att bli ett nytt bostadsomr\u00e5de strax \u00f6ster om Limhamns kalkbrott. Bes\u00f6k paviljongen och ta del av utst\u00e4llningen som visar det Elineg\u00e5rd som nu ska v\u00e4xa fram!\" \/>\n<meta property=\"og:url\" content=\"https:\/\/fojab.se\/en\/topical\/launch-of-the-elinegard-project\/\" \/>\n<meta property=\"og:site_name\" content=\"FOJAB\" \/>\n<meta property=\"article:published_time\" content=\"2013-10-04T11:00:57+00:00\" \/>\n<meta property=\"article:modified_time\" content=\"2021-06-16T12:56:52+00:00\" \/>\n<meta property=\"og:image\" content=\"https:\/\/media1.fojab.se\/2019\/03\/2013-10-04-startskott-for-elinegardsprojektet.jpg\" \/>\n\t<meta property=\"og:image:width\" content=\"940\" \/>\n\t<meta property=\"og:image:height\" content=\"588\" \/>\n\t<meta property=\"og:image:type\" content=\"image\/jpeg\" \/>\n<meta name=\"author\" content=\"maximilian\" \/>\n<meta name=\"twitter:card\" content=\"summary_large_image\" \/>\n<meta name=\"twitter:label1\" content=\"Written by\" \/>\n\t<meta name=\"twitter:data1\" content=\"maximilian\" \/>\n<script type=\"application\/ld+json\" class=\"yoast-schema-graph\">{\"@context\":\"https:\\\/\\\/schema.org\",\"@graph\":[{\"@type\":\"Article\",\"@id\":\"https:\\\/\\\/fojab.se\\\/aktuellt\\\/startskott-for-elinegardsprojektet\\\/#article\",\"isPartOf\":{\"@id\":\"https:\\\/\\\/fojab.se\\\/aktuellt\\\/startskott-for-elinegardsprojektet\\\/\"},\"author\":{\"name\":\"maximilian\",\"@id\":\"https:\\\/\\\/fojab.se\\\/#\\\/schema\\\/person\\\/5d07c69e3efdb8880196d961e851fb86\"},\"headline\":\"Startskott f\u00f6r Elineg\u00e5rdsprojektet\",\"datePublished\":\"2013-10-04T11:00:57+00:00\",\"dateModified\":\"2021-06-16T12:56:52+00:00\",\"mainEntityOfPage\":{\"@id\":\"https:\\\/\\\/fojab.se\\\/aktuellt\\\/startskott-for-elinegardsprojektet\\\/\"},\"wordCount\":62,\"commentCount\":0,\"image\":{\"@id\":\"https:\\\/\\\/fojab.se\\\/aktuellt\\\/startskott-for-elinegardsprojektet\\\/#primaryimage\"},\"thumbnailUrl\":\"https:\\\/\\\/media1.fojab.se\\\/2019\\\/03\\\/2013-10-04-startskott-for-elinegardsprojektet.jpg\",\"inLanguage\":\"en-US\",\"potentialAction\":[{\"@type\":\"CommentAction\",\"name\":\"Comment\",\"target\":[\"https:\\\/\\\/fojab.se\\\/aktuellt\\\/startskott-for-elinegardsprojektet\\\/#respond\"]}]},{\"@type\":\"WebPage\",\"@id\":\"https:\\\/\\\/fojab.se\\\/aktuellt\\\/startskott-for-elinegardsprojektet\\\/\",\"url\":\"https:\\\/\\\/fojab.se\\\/aktuellt\\\/startskott-for-elinegardsprojektet\\\/\",\"name\":\"Startskott f\u00f6r Elineg\u00e5rdsprojektet | FOJAB\",\"isPartOf\":{\"@id\":\"https:\\\/\\\/fojab.se\\\/#website\"},\"primaryImageOfPage\":{\"@id\":\"https:\\\/\\\/fojab.se\\\/aktuellt\\\/startskott-for-elinegardsprojektet\\\/#primaryimage\"},\"image\":{\"@id\":\"https:\\\/\\\/fojab.se\\\/aktuellt\\\/startskott-for-elinegardsprojektet\\\/#primaryimage\"},\"thumbnailUrl\":\"https:\\\/\\\/media1.fojab.se\\\/2019\\\/03\\\/2013-10-04-startskott-for-elinegardsprojektet.jpg\",\"datePublished\":\"2013-10-04T11:00:57+00:00\",\"dateModified\":\"2021-06-16T12:56:52+00:00\",\"author\":{\"@id\":\"https:\\\/\\\/fojab.se\\\/#\\\/schema\\\/person\\\/5d07c69e3efdb8880196d961e851fb86\"},\"breadcrumb\":{\"@id\":\"https:\\\/\\\/fojab.se\\\/aktuellt\\\/startskott-for-elinegardsprojektet\\\/#breadcrumb\"},\"inLanguage\":\"en-US\",\"potentialAction\":[{\"@type\":\"ReadAction\",\"target\":[\"https:\\\/\\\/fojab.se\\\/aktuellt\\\/startskott-for-elinegardsprojektet\\\/\"]}]},{\"@type\":\"ImageObject\",\"inLanguage\":\"en-US\",\"@id\":\"https:\\\/\\\/fojab.se\\\/aktuellt\\\/startskott-for-elinegardsprojektet\\\/#primaryimage\",\"url\":\"https:\\\/\\\/media1.fojab.se\\\/2019\\\/03\\\/2013-10-04-startskott-for-elinegardsprojektet.jpg\",\"contentUrl\":\"https:\\\/\\\/media1.fojab.se\\\/2019\\\/03\\\/2013-10-04-startskott-for-elinegardsprojektet.jpg\",\"width\":940,\"height\":588},{\"@type\":\"BreadcrumbList\",\"@id\":\"https:\\\/\\\/fojab.se\\\/aktuellt\\\/startskott-for-elinegardsprojektet\\\/#breadcrumb\",\"itemListElement\":[{\"@type\":\"ListItem\",\"position\":1,\"name\":\"Hem\",\"item\":\"https:\\\/\\\/fojab.se\\\/\"},{\"@type\":\"ListItem\",\"position\":2,\"name\":\"Startskott f\u00f6r Elineg\u00e5rdsprojektet\"}]},{\"@type\":\"WebSite\",\"@id\":\"https:\\\/\\\/fojab.se\\\/#website\",\"url\":\"https:\\\/\\\/fojab.se\\\/\",\"name\":\"FOJAB\",\"description\":\"\",\"potentialAction\":[{\"@type\":\"SearchAction\",\"target\":{\"@type\":\"EntryPoint\",\"urlTemplate\":\"https:\\\/\\\/fojab.se\\\/?s={search_term_string}\"},\"query-input\":{\"@type\":\"PropertyValueSpecification\",\"valueRequired\":true,\"valueName\":\"search_term_string\"}}],\"inLanguage\":\"en-US\"},{\"@type\":\"Person\",\"@id\":\"https:\\\/\\\/fojab.se\\\/#\\\/schema\\\/person\\\/5d07c69e3efdb8880196d961e851fb86\",\"name\":\"maximilian\",\"image\":{\"@type\":\"ImageObject\",\"inLanguage\":\"en-US\",\"@id\":\"https:\\\/\\\/secure.gravatar.com\\\/avatar\\\/221a1319eee7f463c0098eb135b71e1f0a2c5dc558b91c929d84e226525981d8?s=96&d=mm&r=g\",\"url\":\"https:\\\/\\\/secure.gravatar.com\\\/avatar\\\/221a1319eee7f463c0098eb135b71e1f0a2c5dc558b91c929d84e226525981d8?s=96&d=mm&r=g\",\"contentUrl\":\"https:\\\/\\\/secure.gravatar.com\\\/avatar\\\/221a1319eee7f463c0098eb135b71e1f0a2c5dc558b91c929d84e226525981d8?s=96&d=mm&r=g\",\"caption\":\"maximilian\"},\"url\":\"https:\\\/\\\/fojab.se\\\/en\\\/aktuellt\\\/author\\\/maximilian\\\/\"}]}<\/script>\n<!-- \/ Yoast SEO plugin. -->","yoast_head_json":{"title":"Launch of the Elineg\u00e5rd project | FOJAB","robots":{"index":"index","follow":"follow","max-snippet":"max-snippet:-1","max-image-preview":"max-image-preview:large","max-video-preview":"max-video-preview:-1"},"canonical":"https:\/\/fojab.se\/en\/topical\/launch-of-the-elinegard-project\/","og_locale":"en_US","og_type":"article","og_title":"Startskott f\u00f6r Elineg\u00e5rdsprojektet | FOJAB","og_description":"Den postgula utst\u00e4llningspaviljongen, signerad FOJAB, har invigts under festliga former. Den ligger p\u00e5 det som \u00e4n s\u00e5 l\u00e4nge \u00e4r ler\u00e5ker men som kommer att bli ett nytt bostadsomr\u00e5de strax \u00f6ster om Limhamns kalkbrott. Bes\u00f6k paviljongen och ta del av utst\u00e4llningen som visar det Elineg\u00e5rd som nu ska v\u00e4xa fram!","og_url":"https:\/\/fojab.se\/en\/topical\/launch-of-the-elinegard-project\/","og_site_name":"FOJAB","article_published_time":"2013-10-04T11:00:57+00:00","article_modified_time":"2021-06-16T12:56:52+00:00","og_image":[{"width":940,"height":588,"url":"https:\/\/media1.fojab.se\/2019\/03\/2013-10-04-startskott-for-elinegardsprojektet.jpg","type":"image\/jpeg"}],"author":"maximilian","twitter_card":"summary_large_image","twitter_misc":{"Written by":"maximilian"},"schema":{"@context":"https:\/\/schema.org","@graph":[{"@type":"Article","@id":"https:\/\/fojab.se\/aktuellt\/startskott-for-elinegardsprojektet\/#article","isPartOf":{"@id":"https:\/\/fojab.se\/aktuellt\/startskott-for-elinegardsprojektet\/"},"author":{"name":"maximilian","@id":"https:\/\/fojab.se\/#\/schema\/person\/5d07c69e3efdb8880196d961e851fb86"},"headline":"Startskott f\u00f6r Elineg\u00e5rdsprojektet","datePublished":"2013-10-04T11:00:57+00:00","dateModified":"2021-06-16T12:56:52+00:00","mainEntityOfPage":{"@id":"https:\/\/fojab.se\/aktuellt\/startskott-for-elinegardsprojektet\/"},"wordCount":62,"commentCount":0,"image":{"@id":"https:\/\/fojab.se\/aktuellt\/startskott-for-elinegardsprojektet\/#primaryimage"},"thumbnailUrl":"https:\/\/media1.fojab.se\/2019\/03\/2013-10-04-startskott-for-elinegardsprojektet.jpg","inLanguage":"en-US","potentialAction":[{"@type":"CommentAction","name":"Comment","target":["https:\/\/fojab.se\/aktuellt\/startskott-for-elinegardsprojektet\/#respond"]}]},{"@type":"WebPage","@id":"https:\/\/fojab.se\/aktuellt\/startskott-for-elinegardsprojektet\/","url":"https:\/\/fojab.se\/aktuellt\/startskott-for-elinegardsprojektet\/","name":"Launch of the Elineg\u00e5rd project | FOJAB","isPartOf":{"@id":"https:\/\/fojab.se\/#website"},"primaryImageOfPage":{"@id":"https:\/\/fojab.se\/aktuellt\/startskott-for-elinegardsprojektet\/#primaryimage"},"image":{"@id":"https:\/\/fojab.se\/aktuellt\/startskott-for-elinegardsprojektet\/#primaryimage"},"thumbnailUrl":"https:\/\/media1.fojab.se\/2019\/03\/2013-10-04-startskott-for-elinegardsprojektet.jpg","datePublished":"2013-10-04T11:00:57+00:00","dateModified":"2021-06-16T12:56:52+00:00","author":{"@id":"https:\/\/fojab.se\/#\/schema\/person\/5d07c69e3efdb8880196d961e851fb86"},"breadcrumb":{"@id":"https:\/\/fojab.se\/aktuellt\/startskott-for-elinegardsprojektet\/#breadcrumb"},"inLanguage":"en-US","potentialAction":[{"@type":"ReadAction","target":["https:\/\/fojab.se\/aktuellt\/startskott-for-elinegardsprojektet\/"]}]},{"@type":"ImageObject","inLanguage":"en-US","@id":"https:\/\/fojab.se\/aktuellt\/startskott-for-elinegardsprojektet\/#primaryimage","url":"https:\/\/media1.fojab.se\/2019\/03\/2013-10-04-startskott-for-elinegardsprojektet.jpg","contentUrl":"https:\/\/media1.fojab.se\/2019\/03\/2013-10-04-startskott-for-elinegardsprojektet.jpg","width":940,"height":588},{"@type":"BreadcrumbList","@id":"https:\/\/fojab.se\/aktuellt\/startskott-for-elinegardsprojektet\/#breadcrumb","itemListElement":[{"@type":"ListItem","position":1,"name":"Hem","item":"https:\/\/fojab.se\/"},{"@type":"ListItem","position":2,"name":"Startskott f\u00f6r Elineg\u00e5rdsprojektet"}]},{"@type":"WebSite","@id":"https:\/\/fojab.se\/#website","url":"https:\/\/fojab.se\/","name":"FOJAB","description":"","potentialAction":[{"@type":"SearchAction","target":{"@type":"EntryPoint","urlTemplate":"https:\/\/fojab.se\/?s={search_term_string}"},"query-input":{"@type":"PropertyValueSpecification","valueRequired":true,"valueName":"search_term_string"}}],"inLanguage":"en-US"},{"@type":"Person","@id":"https:\/\/fojab.se\/#\/schema\/person\/5d07c69e3efdb8880196d961e851fb86","name":"Maximilian","image":{"@type":"ImageObject","inLanguage":"en-US","@id":"https:\/\/secure.gravatar.com\/avatar\/221a1319eee7f463c0098eb135b71e1f0a2c5dc558b91c929d84e226525981d8?s=96&d=mm&r=g","url":"https:\/\/secure.gravatar.com\/avatar\/221a1319eee7f463c0098eb135b71e1f0a2c5dc558b91c929d84e226525981d8?s=96&d=mm&r=g","contentUrl":"https:\/\/secure.gravatar.com\/avatar\/221a1319eee7f463c0098eb135b71e1f0a2c5dc558b91c929d84e226525981d8?s=96&d=mm&r=g","caption":"maximilian"},"url":"https:\/\/fojab.se\/en\/aktuellt\/author\/maximilian\/"}]}},"_links":{"self":[{"href":"https:\/\/fojab.se\/en\/wp-json\/wp\/v2\/posts\/2489","targetHints":{"allow":["GET"]}}],"collection":[{"href":"https:\/\/fojab.se\/en\/wp-json\/wp\/v2\/posts"}],"about":[{"href":"https:\/\/fojab.se\/en\/wp-json\/wp\/v2\/types\/post"}],"author":[{"embeddable":true,"href":"https:\/\/fojab.se\/en\/wp-json\/wp\/v2\/users\/1"}],"replies":[{"embeddable":true,"href":"https:\/\/fojab.se\/en\/wp-json\/wp\/v2\/comments?post=2489"}],"version-history":[{"count":2,"href":"https:\/\/fojab.se\/en\/wp-json\/wp\/v2\/posts\/2489\/revisions"}],"predecessor-version":[{"id":6731,"href":"https:\/\/fojab.se\/en\/wp-json\/wp\/v2\/posts\/2489\/revisions\/6731"}],"wp:featuredmedia":[{"embeddable":true,"href":"https:\/\/fojab.se\/en\/wp-json\/wp\/v2\/media\/2490"}],"wp:attachment":[{"href":"https:\/\/fojab.se\/en\/wp-json\/wp\/v2\/media?parent=2489"}],"wp:term":[{"taxonomy":"category","embeddable":true,"href":"https:\/\/fojab.se\/en\/wp-json\/wp\/v2\/categories?post=2489"},{"taxonomy":"post_tag","embeddable":true,"href":"https:\/\/fojab.se\/en\/wp-json\/wp\/v2\/tags?post=2489"}],"curies":[{"name":"wp","href":"https:\/\/api.w.org\/{rel}","templated":true}]}}