{"id":2482,"date":"2013-09-03T12:00:53","date_gmt":"2013-09-03T11:00:53","guid":{"rendered":"https:\/\/fojab.se\/?p=2482"},"modified":"2019-04-16T09:58:03","modified_gmt":"2019-04-16T08:58:03","slug":"fojab-opens-office-in-stockholm","status":"publish","type":"post","link":"https:\/\/fojab.se\/en\/topical\/fojab-opens-office-in-stockholm\/","title":{"rendered":"FOJAB opens office in Stockholm"},"content":{"rendered":"<p><strong>One of Sweden's largest architecture firms, Malm\u00f6-based FOJAB arkitekter, is now opening an office in Stockholm. It will be led by Robert Lavelid and Johan Paju.<\/strong><\/p>\n<p>- With our 100 employees and many exciting projects, we are big on the regional scene in southern Sweden. It therefore feels like a natural step for us to establish ourselves in Stockholm, which is a dynamic market,\" says Cecilia Pering, CEO of FOJAB arkitekter. \"We want to collaborate with talented individuals who strengthen our common brand. Therefore, it feels extra fun to build the business with Robert Lavelid and Johan Paju, who both have a high architectural profile and a culture that matches our own.<\/p>\n<p>Robert Lavelid comes from Tengbom, where he was responsible for the business area architecture. Johan Paju has run Paju Architecture and Landscape and is one of Sweden's most renowned landscape architects.<\/p>","protected":false},"excerpt":{"rendered":"<p>Ett av Sveriges st\u00f6rsta arkitektf\u00f6retag, Malm\u00f6baserade FOJAB arkitekter, \u00f6ppnar nu kontor i Stockholm. Det kommer att ledas av Robert Lavelid och Johan Paju. \u2013 Med v\u00e5ra 100 medarbetare och m\u00e5nga sp\u00e4nnande projekt \u00e4r vi stora p\u00e5 den regionala scenen i s\u00f6dra Sverige. D\u00e4rf\u00f6r k\u00e4nns det som ett naturligt steg f\u00f6r oss med etablering \u00e4ven i [&hellip;]<\/p>\n","protected":false},"author":1,"featured_media":2483,"comment_status":"open","ping_status":"open","sticky":false,"template":"","format":"standard","meta":{"_monsterinsights_skip_tracking":false,"_monsterinsights_sitenote_active":false,"_monsterinsights_sitenote_note":"","_monsterinsights_sitenote_category":0,"footnotes":""},"categories":[1],"tags":[],"class_list":["post-2482","post","type-post","status-publish","format-standard","has-post-thumbnail","hentry","category-uncategorized"],"acf":[],"yoast_head":"<!-- This site is optimized with the Yoast SEO plugin v27.4 - https:\/\/yoast.com\/product\/yoast-seo-wordpress\/ -->\n<title>FOJAB \u00f6ppnar kontor i Stockholm | FOJAB<\/title>\n<meta name=\"robots\" content=\"index, follow, max-snippet:-1, max-image-preview:large, max-video-preview:-1\" \/>\n<link rel=\"canonical\" href=\"https:\/\/fojab.se\/en\/topical\/fojab-opens-office-in-stockholm\/\" \/>\n<meta property=\"og:locale\" content=\"en_US\" \/>\n<meta property=\"og:type\" content=\"article\" \/>\n<meta property=\"og:title\" content=\"FOJAB \u00f6ppnar kontor i Stockholm | FOJAB\" \/>\n<meta property=\"og:description\" content=\"Ett av Sveriges st\u00f6rsta arkitektf\u00f6retag, Malm\u00f6baserade FOJAB arkitekter, \u00f6ppnar nu kontor i Stockholm. Det kommer att ledas av Robert Lavelid och Johan Paju. \u2013 Med v\u00e5ra 100 medarbetare och m\u00e5nga sp\u00e4nnande projekt \u00e4r vi stora p\u00e5 den regionala scenen i s\u00f6dra Sverige. D\u00e4rf\u00f6r k\u00e4nns det som ett naturligt steg f\u00f6r oss med etablering \u00e4ven i [&hellip;]\" \/>\n<meta property=\"og:url\" content=\"https:\/\/fojab.se\/en\/topical\/fojab-opens-office-in-stockholm\/\" \/>\n<meta property=\"og:site_name\" content=\"FOJAB\" \/>\n<meta property=\"article:published_time\" content=\"2013-09-03T11:00:53+00:00\" \/>\n<meta property=\"article:modified_time\" content=\"2019-04-16T08:58:03+00:00\" \/>\n<meta property=\"og:image\" content=\"https:\/\/media1.fojab.se\/2019\/03\/2013-09-03-fojab-oppnar-kontor-i-stockholm.jpg\" \/>\n\t<meta property=\"og:image:width\" content=\"1210\" \/>\n\t<meta property=\"og:image:height\" content=\"807\" \/>\n\t<meta property=\"og:image:type\" content=\"image\/jpeg\" \/>\n<meta name=\"author\" content=\"maximilian\" \/>\n<meta name=\"twitter:card\" content=\"summary_large_image\" \/>\n<meta name=\"twitter:label1\" content=\"Written by\" \/>\n\t<meta name=\"twitter:data1\" content=\"maximilian\" \/>\n\t<meta name=\"twitter:label2\" content=\"Est. reading time\" \/>\n\t<meta name=\"twitter:data2\" content=\"1 minute\" \/>\n<script type=\"application\/ld+json\" class=\"yoast-schema-graph\">{\"@context\":\"https:\\\/\\\/schema.org\",\"@graph\":[{\"@type\":\"Article\",\"@id\":\"https:\\\/\\\/fojab.se\\\/aktuellt\\\/fojab-oppnar-kontor-i-stockholm\\\/#article\",\"isPartOf\":{\"@id\":\"https:\\\/\\\/fojab.se\\\/aktuellt\\\/fojab-oppnar-kontor-i-stockholm\\\/\"},\"author\":{\"name\":\"maximilian\",\"@id\":\"https:\\\/\\\/fojab.se\\\/#\\\/schema\\\/person\\\/5d07c69e3efdb8880196d961e851fb86\"},\"headline\":\"FOJAB \u00f6ppnar kontor i Stockholm\",\"datePublished\":\"2013-09-03T11:00:53+00:00\",\"dateModified\":\"2019-04-16T08:58:03+00:00\",\"mainEntityOfPage\":{\"@id\":\"https:\\\/\\\/fojab.se\\\/aktuellt\\\/fojab-oppnar-kontor-i-stockholm\\\/\"},\"wordCount\":171,\"commentCount\":0,\"image\":{\"@id\":\"https:\\\/\\\/fojab.se\\\/aktuellt\\\/fojab-oppnar-kontor-i-stockholm\\\/#primaryimage\"},\"thumbnailUrl\":\"https:\\\/\\\/media1.fojab.se\\\/2019\\\/03\\\/2013-09-03-fojab-oppnar-kontor-i-stockholm.jpg\",\"inLanguage\":\"en-US\",\"potentialAction\":[{\"@type\":\"CommentAction\",\"name\":\"Comment\",\"target\":[\"https:\\\/\\\/fojab.se\\\/aktuellt\\\/fojab-oppnar-kontor-i-stockholm\\\/#respond\"]}]},{\"@type\":\"WebPage\",\"@id\":\"https:\\\/\\\/fojab.se\\\/aktuellt\\\/fojab-oppnar-kontor-i-stockholm\\\/\",\"url\":\"https:\\\/\\\/fojab.se\\\/aktuellt\\\/fojab-oppnar-kontor-i-stockholm\\\/\",\"name\":\"FOJAB \u00f6ppnar kontor i Stockholm | FOJAB\",\"isPartOf\":{\"@id\":\"https:\\\/\\\/fojab.se\\\/#website\"},\"primaryImageOfPage\":{\"@id\":\"https:\\\/\\\/fojab.se\\\/aktuellt\\\/fojab-oppnar-kontor-i-stockholm\\\/#primaryimage\"},\"image\":{\"@id\":\"https:\\\/\\\/fojab.se\\\/aktuellt\\\/fojab-oppnar-kontor-i-stockholm\\\/#primaryimage\"},\"thumbnailUrl\":\"https:\\\/\\\/media1.fojab.se\\\/2019\\\/03\\\/2013-09-03-fojab-oppnar-kontor-i-stockholm.jpg\",\"datePublished\":\"2013-09-03T11:00:53+00:00\",\"dateModified\":\"2019-04-16T08:58:03+00:00\",\"author\":{\"@id\":\"https:\\\/\\\/fojab.se\\\/#\\\/schema\\\/person\\\/5d07c69e3efdb8880196d961e851fb86\"},\"breadcrumb\":{\"@id\":\"https:\\\/\\\/fojab.se\\\/aktuellt\\\/fojab-oppnar-kontor-i-stockholm\\\/#breadcrumb\"},\"inLanguage\":\"en-US\",\"potentialAction\":[{\"@type\":\"ReadAction\",\"target\":[\"https:\\\/\\\/fojab.se\\\/aktuellt\\\/fojab-oppnar-kontor-i-stockholm\\\/\"]}]},{\"@type\":\"ImageObject\",\"inLanguage\":\"en-US\",\"@id\":\"https:\\\/\\\/fojab.se\\\/aktuellt\\\/fojab-oppnar-kontor-i-stockholm\\\/#primaryimage\",\"url\":\"https:\\\/\\\/media1.fojab.se\\\/2019\\\/03\\\/2013-09-03-fojab-oppnar-kontor-i-stockholm.jpg\",\"contentUrl\":\"https:\\\/\\\/media1.fojab.se\\\/2019\\\/03\\\/2013-09-03-fojab-oppnar-kontor-i-stockholm.jpg\",\"width\":1210,\"height\":807},{\"@type\":\"BreadcrumbList\",\"@id\":\"https:\\\/\\\/fojab.se\\\/aktuellt\\\/fojab-oppnar-kontor-i-stockholm\\\/#breadcrumb\",\"itemListElement\":[{\"@type\":\"ListItem\",\"position\":1,\"name\":\"Hem\",\"item\":\"https:\\\/\\\/fojab.se\\\/\"},{\"@type\":\"ListItem\",\"position\":2,\"name\":\"FOJAB \u00f6ppnar kontor i Stockholm\"}]},{\"@type\":\"WebSite\",\"@id\":\"https:\\\/\\\/fojab.se\\\/#website\",\"url\":\"https:\\\/\\\/fojab.se\\\/\",\"name\":\"FOJAB\",\"description\":\"\",\"potentialAction\":[{\"@type\":\"SearchAction\",\"target\":{\"@type\":\"EntryPoint\",\"urlTemplate\":\"https:\\\/\\\/fojab.se\\\/?s={search_term_string}\"},\"query-input\":{\"@type\":\"PropertyValueSpecification\",\"valueRequired\":true,\"valueName\":\"search_term_string\"}}],\"inLanguage\":\"en-US\"},{\"@type\":\"Person\",\"@id\":\"https:\\\/\\\/fojab.se\\\/#\\\/schema\\\/person\\\/5d07c69e3efdb8880196d961e851fb86\",\"name\":\"maximilian\",\"image\":{\"@type\":\"ImageObject\",\"inLanguage\":\"en-US\",\"@id\":\"https:\\\/\\\/secure.gravatar.com\\\/avatar\\\/221a1319eee7f463c0098eb135b71e1f0a2c5dc558b91c929d84e226525981d8?s=96&d=mm&r=g\",\"url\":\"https:\\\/\\\/secure.gravatar.com\\\/avatar\\\/221a1319eee7f463c0098eb135b71e1f0a2c5dc558b91c929d84e226525981d8?s=96&d=mm&r=g\",\"contentUrl\":\"https:\\\/\\\/secure.gravatar.com\\\/avatar\\\/221a1319eee7f463c0098eb135b71e1f0a2c5dc558b91c929d84e226525981d8?s=96&d=mm&r=g\",\"caption\":\"maximilian\"},\"url\":\"https:\\\/\\\/fojab.se\\\/en\\\/aktuellt\\\/author\\\/maximilian\\\/\"}]}<\/script>\n<!-- \/ Yoast SEO plugin. -->","yoast_head_json":{"title":"FOJAB opens office in Stockholm | FOJAB","robots":{"index":"index","follow":"follow","max-snippet":"max-snippet:-1","max-image-preview":"max-image-preview:large","max-video-preview":"max-video-preview:-1"},"canonical":"https:\/\/fojab.se\/en\/topical\/fojab-opens-office-in-stockholm\/","og_locale":"en_US","og_type":"article","og_title":"FOJAB \u00f6ppnar kontor i Stockholm | FOJAB","og_description":"Ett av Sveriges st\u00f6rsta arkitektf\u00f6retag, Malm\u00f6baserade FOJAB arkitekter, \u00f6ppnar nu kontor i Stockholm. Det kommer att ledas av Robert Lavelid och Johan Paju. \u2013 Med v\u00e5ra 100 medarbetare och m\u00e5nga sp\u00e4nnande projekt \u00e4r vi stora p\u00e5 den regionala scenen i s\u00f6dra Sverige. D\u00e4rf\u00f6r k\u00e4nns det som ett naturligt steg f\u00f6r oss med etablering \u00e4ven i [&hellip;]","og_url":"https:\/\/fojab.se\/en\/topical\/fojab-opens-office-in-stockholm\/","og_site_name":"FOJAB","article_published_time":"2013-09-03T11:00:53+00:00","article_modified_time":"2019-04-16T08:58:03+00:00","og_image":[{"width":1210,"height":807,"url":"https:\/\/media1.fojab.se\/2019\/03\/2013-09-03-fojab-oppnar-kontor-i-stockholm.jpg","type":"image\/jpeg"}],"author":"maximilian","twitter_card":"summary_large_image","twitter_misc":{"Written by":"maximilian","Est. reading time":"1 minute"},"schema":{"@context":"https:\/\/schema.org","@graph":[{"@type":"Article","@id":"https:\/\/fojab.se\/aktuellt\/fojab-oppnar-kontor-i-stockholm\/#article","isPartOf":{"@id":"https:\/\/fojab.se\/aktuellt\/fojab-oppnar-kontor-i-stockholm\/"},"author":{"name":"maximilian","@id":"https:\/\/fojab.se\/#\/schema\/person\/5d07c69e3efdb8880196d961e851fb86"},"headline":"FOJAB \u00f6ppnar kontor i Stockholm","datePublished":"2013-09-03T11:00:53+00:00","dateModified":"2019-04-16T08:58:03+00:00","mainEntityOfPage":{"@id":"https:\/\/fojab.se\/aktuellt\/fojab-oppnar-kontor-i-stockholm\/"},"wordCount":171,"commentCount":0,"image":{"@id":"https:\/\/fojab.se\/aktuellt\/fojab-oppnar-kontor-i-stockholm\/#primaryimage"},"thumbnailUrl":"https:\/\/media1.fojab.se\/2019\/03\/2013-09-03-fojab-oppnar-kontor-i-stockholm.jpg","inLanguage":"en-US","potentialAction":[{"@type":"CommentAction","name":"Comment","target":["https:\/\/fojab.se\/aktuellt\/fojab-oppnar-kontor-i-stockholm\/#respond"]}]},{"@type":"WebPage","@id":"https:\/\/fojab.se\/aktuellt\/fojab-oppnar-kontor-i-stockholm\/","url":"https:\/\/fojab.se\/aktuellt\/fojab-oppnar-kontor-i-stockholm\/","name":"FOJAB opens office in Stockholm | FOJAB","isPartOf":{"@id":"https:\/\/fojab.se\/#website"},"primaryImageOfPage":{"@id":"https:\/\/fojab.se\/aktuellt\/fojab-oppnar-kontor-i-stockholm\/#primaryimage"},"image":{"@id":"https:\/\/fojab.se\/aktuellt\/fojab-oppnar-kontor-i-stockholm\/#primaryimage"},"thumbnailUrl":"https:\/\/media1.fojab.se\/2019\/03\/2013-09-03-fojab-oppnar-kontor-i-stockholm.jpg","datePublished":"2013-09-03T11:00:53+00:00","dateModified":"2019-04-16T08:58:03+00:00","author":{"@id":"https:\/\/fojab.se\/#\/schema\/person\/5d07c69e3efdb8880196d961e851fb86"},"breadcrumb":{"@id":"https:\/\/fojab.se\/aktuellt\/fojab-oppnar-kontor-i-stockholm\/#breadcrumb"},"inLanguage":"en-US","potentialAction":[{"@type":"ReadAction","target":["https:\/\/fojab.se\/aktuellt\/fojab-oppnar-kontor-i-stockholm\/"]}]},{"@type":"ImageObject","inLanguage":"en-US","@id":"https:\/\/fojab.se\/aktuellt\/fojab-oppnar-kontor-i-stockholm\/#primaryimage","url":"https:\/\/media1.fojab.se\/2019\/03\/2013-09-03-fojab-oppnar-kontor-i-stockholm.jpg","contentUrl":"https:\/\/media1.fojab.se\/2019\/03\/2013-09-03-fojab-oppnar-kontor-i-stockholm.jpg","width":1210,"height":807},{"@type":"BreadcrumbList","@id":"https:\/\/fojab.se\/aktuellt\/fojab-oppnar-kontor-i-stockholm\/#breadcrumb","itemListElement":[{"@type":"ListItem","position":1,"name":"Hem","item":"https:\/\/fojab.se\/"},{"@type":"ListItem","position":2,"name":"FOJAB \u00f6ppnar kontor i Stockholm"}]},{"@type":"WebSite","@id":"https:\/\/fojab.se\/#website","url":"https:\/\/fojab.se\/","name":"FOJAB","description":"","potentialAction":[{"@type":"SearchAction","target":{"@type":"EntryPoint","urlTemplate":"https:\/\/fojab.se\/?s={search_term_string}"},"query-input":{"@type":"PropertyValueSpecification","valueRequired":true,"valueName":"search_term_string"}}],"inLanguage":"en-US"},{"@type":"Person","@id":"https:\/\/fojab.se\/#\/schema\/person\/5d07c69e3efdb8880196d961e851fb86","name":"Maximilian","image":{"@type":"ImageObject","inLanguage":"en-US","@id":"https:\/\/secure.gravatar.com\/avatar\/221a1319eee7f463c0098eb135b71e1f0a2c5dc558b91c929d84e226525981d8?s=96&d=mm&r=g","url":"https:\/\/secure.gravatar.com\/avatar\/221a1319eee7f463c0098eb135b71e1f0a2c5dc558b91c929d84e226525981d8?s=96&d=mm&r=g","contentUrl":"https:\/\/secure.gravatar.com\/avatar\/221a1319eee7f463c0098eb135b71e1f0a2c5dc558b91c929d84e226525981d8?s=96&d=mm&r=g","caption":"maximilian"},"url":"https:\/\/fojab.se\/en\/aktuellt\/author\/maximilian\/"}]}},"_links":{"self":[{"href":"https:\/\/fojab.se\/en\/wp-json\/wp\/v2\/posts\/2482","targetHints":{"allow":["GET"]}}],"collection":[{"href":"https:\/\/fojab.se\/en\/wp-json\/wp\/v2\/posts"}],"about":[{"href":"https:\/\/fojab.se\/en\/wp-json\/wp\/v2\/types\/post"}],"author":[{"embeddable":true,"href":"https:\/\/fojab.se\/en\/wp-json\/wp\/v2\/users\/1"}],"replies":[{"embeddable":true,"href":"https:\/\/fojab.se\/en\/wp-json\/wp\/v2\/comments?post=2482"}],"version-history":[{"count":1,"href":"https:\/\/fojab.se\/en\/wp-json\/wp\/v2\/posts\/2482\/revisions"}],"predecessor-version":[{"id":2484,"href":"https:\/\/fojab.se\/en\/wp-json\/wp\/v2\/posts\/2482\/revisions\/2484"}],"wp:featuredmedia":[{"embeddable":true,"href":"https:\/\/fojab.se\/en\/wp-json\/wp\/v2\/media\/2483"}],"wp:attachment":[{"href":"https:\/\/fojab.se\/en\/wp-json\/wp\/v2\/media?parent=2482"}],"wp:term":[{"taxonomy":"category","embeddable":true,"href":"https:\/\/fojab.se\/en\/wp-json\/wp\/v2\/categories?post=2482"},{"taxonomy":"post_tag","embeddable":true,"href":"https:\/\/fojab.se\/en\/wp-json\/wp\/v2\/tags?post=2482"}],"curies":[{"name":"wp","href":"https:\/\/api.w.org\/{rel}","templated":true}]}}