{"id":2467,"date":"2013-05-28T12:00:00","date_gmt":"2013-05-28T11:00:00","guid":{"rendered":"https:\/\/fojab.se\/?p=2467"},"modified":"2023-08-23T14:35:42","modified_gmt":"2023-08-23T13:35:42","slug":"new-solar-car-park-inaugurated","status":"publish","type":"post","link":"https:\/\/fojab.se\/en\/topical\/new-solar-car-park-inaugurated\/","title":{"rendered":"New solar car park inaugurated"},"content":{"rendered":"<p><strong>Sunday June 2 saw the opening of Malm\u00f6's first solar car park, where motorists can charge their electric cars using energy from the sun. The inauguration took place in connection with the finish of the Oresund Electric Car Rally, the world's largest electric car rally through two countries. The solar car park is a joint initiative from FOJAB arkitekter, Parkering Malm\u00f6 and the City of Malm\u00f6, and is located at the beach parking lot at Scaniaparken in Malm\u00f6's climate-smart district V\u00e4stra Hamnen.<\/strong><\/p>\n<p>- \"We are pleased to be able to make it easier for Malm\u00f6 residents to make climate-smart choices such as choosing an electric car, thereby contributing to cleaner air and less noise,\" says Anders Eriksson, who is in charge of the project at FOJAB arkitekter:<\/p>\n<p>- For FOJAB arkitekter, sustainable urban development is a matter of course, and with projects like the solar cell parking, we are making a difference together with the City of Malm\u00f6 and Parkering Malm\u00f6.<\/p>\n<p>FOJAB arkitekter also has other commitments in V\u00e4stra Hamnen. Among other things, the company has designed\u00a0<a href=\"https:\/\/fojab.se\/en\/project\/full-rigger\/\">parking garage Fullriggaren<\/a>which has a clear environmental profile with its photovoltaic facade, green wall and birdhouses.<\/p>\n<p><strong>Free charging around the clock<br \/>\n<\/strong>The solar car park, which can accommodate two cars, is a steel structure with south-facing solar panels in transparent glass. Charging will work around the clock and is free of charge, with motorists only paying a parking fee. The power output is estimated at around 2600 kWh\/year, which is enough to drive an electric car for around 2000 miles. A gasoline-powered car emits about two tons of carbon dioxide over the same distance.<strong><br \/>\n<\/strong><br \/>\nThe inauguration took place in connection with the finish of the Oresund Electric Car Rally, the world's largest electric car rally through two countries, with some 60 participating vehicles. Among the participants is famous rally map reader Tina Th\u00f6rner. Inaugural speeches will be given by Mayor Karolina Skog (MP) and Tomas Strandberg, CEO of Parkering Malm\u00f6.<\/p>","protected":false},"excerpt":{"rendered":"<p>S\u00f6ndag 2 juni invigdes Malm\u00f6s f\u00f6rsta solcellsparkering, d\u00e4r bilister kan ladda sin elbil med hj\u00e4lp av energi fr\u00e5n solen. Invigningen skedde i samband med m\u00e5lg\u00e5ngen f\u00f6r Oresund Electric Car Rally, v\u00e4rldens st\u00f6rsta elbilsrally genom tv\u00e5 l\u00e4nder. Solcellsparkeringen \u00e4r ett gemensamt initiativ fr\u00e5n FOJAB arkitekter, Parkering Malm\u00f6 och Malm\u00f6 Stad, och ligger p\u00e5 badplatsparkeringen vid Scaniaparken [&hellip;]<\/p>\n","protected":false},"author":1,"featured_media":2468,"comment_status":"open","ping_status":"open","sticky":false,"template":"","format":"standard","meta":{"_monsterinsights_skip_tracking":false,"_monsterinsights_sitenote_active":false,"_monsterinsights_sitenote_note":"","_monsterinsights_sitenote_category":0,"footnotes":""},"categories":[1],"tags":[],"class_list":["post-2467","post","type-post","status-publish","format-standard","has-post-thumbnail","hentry","category-uncategorized"],"acf":[],"yoast_head":"<!-- This site is optimized with the Yoast SEO plugin v27.5 - https:\/\/yoast.com\/product\/yoast-seo-wordpress\/ -->\n<title>Ny solcellsparkering invigd | FOJAB<\/title>\n<meta name=\"robots\" content=\"index, follow, max-snippet:-1, max-image-preview:large, max-video-preview:-1\" \/>\n<link rel=\"canonical\" href=\"https:\/\/fojab.se\/en\/topical\/new-solar-car-park-inaugurated\/\" \/>\n<meta property=\"og:locale\" content=\"en_US\" \/>\n<meta property=\"og:type\" content=\"article\" \/>\n<meta property=\"og:title\" content=\"Ny solcellsparkering invigd | FOJAB\" \/>\n<meta property=\"og:description\" content=\"S\u00f6ndag 2 juni invigdes Malm\u00f6s f\u00f6rsta solcellsparkering, d\u00e4r bilister kan ladda sin elbil med hj\u00e4lp av energi fr\u00e5n solen. Invigningen skedde i samband med m\u00e5lg\u00e5ngen f\u00f6r Oresund Electric Car Rally, v\u00e4rldens st\u00f6rsta elbilsrally genom tv\u00e5 l\u00e4nder. Solcellsparkeringen \u00e4r ett gemensamt initiativ fr\u00e5n FOJAB arkitekter, Parkering Malm\u00f6 och Malm\u00f6 Stad, och ligger p\u00e5 badplatsparkeringen vid Scaniaparken [&hellip;]\" \/>\n<meta property=\"og:url\" content=\"https:\/\/fojab.se\/en\/topical\/new-solar-car-park-inaugurated\/\" \/>\n<meta property=\"og:site_name\" content=\"FOJAB\" \/>\n<meta property=\"article:published_time\" content=\"2013-05-28T11:00:00+00:00\" \/>\n<meta property=\"article:modified_time\" content=\"2023-08-23T13:35:42+00:00\" \/>\n<meta property=\"og:image\" content=\"https:\/\/media1.fojab.se\/2019\/03\/2013-05-28-ny-solcellsparkering-invigd.jpg\" \/>\n\t<meta property=\"og:image:width\" content=\"1969\" \/>\n\t<meta property=\"og:image:height\" content=\"1423\" \/>\n\t<meta property=\"og:image:type\" content=\"image\/jpeg\" \/>\n<meta name=\"author\" content=\"maximilian\" \/>\n<meta name=\"twitter:card\" content=\"summary_large_image\" \/>\n<meta name=\"twitter:label1\" content=\"Written by\" \/>\n\t<meta name=\"twitter:data1\" content=\"maximilian\" \/>\n\t<meta name=\"twitter:label2\" content=\"Est. reading time\" \/>\n\t<meta name=\"twitter:data2\" content=\"2 minutes\" \/>\n<script type=\"application\/ld+json\" class=\"yoast-schema-graph\">{\"@context\":\"https:\\\/\\\/schema.org\",\"@graph\":[{\"@type\":\"Article\",\"@id\":\"https:\\\/\\\/fojab.se\\\/aktuellt\\\/ny-solcellsparkering-invigd\\\/#article\",\"isPartOf\":{\"@id\":\"https:\\\/\\\/fojab.se\\\/aktuellt\\\/ny-solcellsparkering-invigd\\\/\"},\"author\":{\"name\":\"maximilian\",\"@id\":\"https:\\\/\\\/fojab.se\\\/#\\\/schema\\\/person\\\/5d07c69e3efdb8880196d961e851fb86\"},\"headline\":\"Ny solcellsparkering invigd\",\"datePublished\":\"2013-05-28T11:00:00+00:00\",\"dateModified\":\"2023-08-23T13:35:42+00:00\",\"mainEntityOfPage\":{\"@id\":\"https:\\\/\\\/fojab.se\\\/aktuellt\\\/ny-solcellsparkering-invigd\\\/\"},\"wordCount\":310,\"commentCount\":0,\"image\":{\"@id\":\"https:\\\/\\\/fojab.se\\\/aktuellt\\\/ny-solcellsparkering-invigd\\\/#primaryimage\"},\"thumbnailUrl\":\"https:\\\/\\\/media1.fojab.se\\\/2019\\\/03\\\/2013-05-28-ny-solcellsparkering-invigd.jpg\",\"inLanguage\":\"en-US\",\"potentialAction\":[{\"@type\":\"CommentAction\",\"name\":\"Comment\",\"target\":[\"https:\\\/\\\/fojab.se\\\/aktuellt\\\/ny-solcellsparkering-invigd\\\/#respond\"]}]},{\"@type\":\"WebPage\",\"@id\":\"https:\\\/\\\/fojab.se\\\/aktuellt\\\/ny-solcellsparkering-invigd\\\/\",\"url\":\"https:\\\/\\\/fojab.se\\\/aktuellt\\\/ny-solcellsparkering-invigd\\\/\",\"name\":\"Ny solcellsparkering invigd | FOJAB\",\"isPartOf\":{\"@id\":\"https:\\\/\\\/fojab.se\\\/#website\"},\"primaryImageOfPage\":{\"@id\":\"https:\\\/\\\/fojab.se\\\/aktuellt\\\/ny-solcellsparkering-invigd\\\/#primaryimage\"},\"image\":{\"@id\":\"https:\\\/\\\/fojab.se\\\/aktuellt\\\/ny-solcellsparkering-invigd\\\/#primaryimage\"},\"thumbnailUrl\":\"https:\\\/\\\/media1.fojab.se\\\/2019\\\/03\\\/2013-05-28-ny-solcellsparkering-invigd.jpg\",\"datePublished\":\"2013-05-28T11:00:00+00:00\",\"dateModified\":\"2023-08-23T13:35:42+00:00\",\"author\":{\"@id\":\"https:\\\/\\\/fojab.se\\\/#\\\/schema\\\/person\\\/5d07c69e3efdb8880196d961e851fb86\"},\"breadcrumb\":{\"@id\":\"https:\\\/\\\/fojab.se\\\/aktuellt\\\/ny-solcellsparkering-invigd\\\/#breadcrumb\"},\"inLanguage\":\"en-US\",\"potentialAction\":[{\"@type\":\"ReadAction\",\"target\":[\"https:\\\/\\\/fojab.se\\\/aktuellt\\\/ny-solcellsparkering-invigd\\\/\"]}]},{\"@type\":\"ImageObject\",\"inLanguage\":\"en-US\",\"@id\":\"https:\\\/\\\/fojab.se\\\/aktuellt\\\/ny-solcellsparkering-invigd\\\/#primaryimage\",\"url\":\"https:\\\/\\\/media1.fojab.se\\\/2019\\\/03\\\/2013-05-28-ny-solcellsparkering-invigd.jpg\",\"contentUrl\":\"https:\\\/\\\/media1.fojab.se\\\/2019\\\/03\\\/2013-05-28-ny-solcellsparkering-invigd.jpg\",\"width\":1969,\"height\":1423},{\"@type\":\"BreadcrumbList\",\"@id\":\"https:\\\/\\\/fojab.se\\\/aktuellt\\\/ny-solcellsparkering-invigd\\\/#breadcrumb\",\"itemListElement\":[{\"@type\":\"ListItem\",\"position\":1,\"name\":\"Hem\",\"item\":\"https:\\\/\\\/fojab.se\\\/\"},{\"@type\":\"ListItem\",\"position\":2,\"name\":\"Ny solcellsparkering invigd\"}]},{\"@type\":\"WebSite\",\"@id\":\"https:\\\/\\\/fojab.se\\\/#website\",\"url\":\"https:\\\/\\\/fojab.se\\\/\",\"name\":\"FOJAB\",\"description\":\"\",\"potentialAction\":[{\"@type\":\"SearchAction\",\"target\":{\"@type\":\"EntryPoint\",\"urlTemplate\":\"https:\\\/\\\/fojab.se\\\/?s={search_term_string}\"},\"query-input\":{\"@type\":\"PropertyValueSpecification\",\"valueRequired\":true,\"valueName\":\"search_term_string\"}}],\"inLanguage\":\"en-US\"},{\"@type\":\"Person\",\"@id\":\"https:\\\/\\\/fojab.se\\\/#\\\/schema\\\/person\\\/5d07c69e3efdb8880196d961e851fb86\",\"name\":\"maximilian\",\"image\":{\"@type\":\"ImageObject\",\"inLanguage\":\"en-US\",\"@id\":\"https:\\\/\\\/secure.gravatar.com\\\/avatar\\\/221a1319eee7f463c0098eb135b71e1f0a2c5dc558b91c929d84e226525981d8?s=96&d=mm&r=g\",\"url\":\"https:\\\/\\\/secure.gravatar.com\\\/avatar\\\/221a1319eee7f463c0098eb135b71e1f0a2c5dc558b91c929d84e226525981d8?s=96&d=mm&r=g\",\"contentUrl\":\"https:\\\/\\\/secure.gravatar.com\\\/avatar\\\/221a1319eee7f463c0098eb135b71e1f0a2c5dc558b91c929d84e226525981d8?s=96&d=mm&r=g\",\"caption\":\"maximilian\"},\"url\":\"https:\\\/\\\/fojab.se\\\/en\\\/aktuellt\\\/author\\\/maximilian\\\/\"}]}<\/script>\n<!-- \/ Yoast SEO plugin. -->","yoast_head_json":{"title":"New solar car park inaugurated | FOJAB","robots":{"index":"index","follow":"follow","max-snippet":"max-snippet:-1","max-image-preview":"max-image-preview:large","max-video-preview":"max-video-preview:-1"},"canonical":"https:\/\/fojab.se\/en\/topical\/new-solar-car-park-inaugurated\/","og_locale":"en_US","og_type":"article","og_title":"Ny solcellsparkering invigd | FOJAB","og_description":"S\u00f6ndag 2 juni invigdes Malm\u00f6s f\u00f6rsta solcellsparkering, d\u00e4r bilister kan ladda sin elbil med hj\u00e4lp av energi fr\u00e5n solen. Invigningen skedde i samband med m\u00e5lg\u00e5ngen f\u00f6r Oresund Electric Car Rally, v\u00e4rldens st\u00f6rsta elbilsrally genom tv\u00e5 l\u00e4nder. Solcellsparkeringen \u00e4r ett gemensamt initiativ fr\u00e5n FOJAB arkitekter, Parkering Malm\u00f6 och Malm\u00f6 Stad, och ligger p\u00e5 badplatsparkeringen vid Scaniaparken [&hellip;]","og_url":"https:\/\/fojab.se\/en\/topical\/new-solar-car-park-inaugurated\/","og_site_name":"FOJAB","article_published_time":"2013-05-28T11:00:00+00:00","article_modified_time":"2023-08-23T13:35:42+00:00","og_image":[{"width":1969,"height":1423,"url":"https:\/\/media1.fojab.se\/2019\/03\/2013-05-28-ny-solcellsparkering-invigd.jpg","type":"image\/jpeg"}],"author":"maximilian","twitter_card":"summary_large_image","twitter_misc":{"Written by":"maximilian","Est. reading time":"2 minutes"},"schema":{"@context":"https:\/\/schema.org","@graph":[{"@type":"Article","@id":"https:\/\/fojab.se\/aktuellt\/ny-solcellsparkering-invigd\/#article","isPartOf":{"@id":"https:\/\/fojab.se\/aktuellt\/ny-solcellsparkering-invigd\/"},"author":{"name":"maximilian","@id":"https:\/\/fojab.se\/#\/schema\/person\/5d07c69e3efdb8880196d961e851fb86"},"headline":"Ny solcellsparkering invigd","datePublished":"2013-05-28T11:00:00+00:00","dateModified":"2023-08-23T13:35:42+00:00","mainEntityOfPage":{"@id":"https:\/\/fojab.se\/aktuellt\/ny-solcellsparkering-invigd\/"},"wordCount":310,"commentCount":0,"image":{"@id":"https:\/\/fojab.se\/aktuellt\/ny-solcellsparkering-invigd\/#primaryimage"},"thumbnailUrl":"https:\/\/media1.fojab.se\/2019\/03\/2013-05-28-ny-solcellsparkering-invigd.jpg","inLanguage":"en-US","potentialAction":[{"@type":"CommentAction","name":"Comment","target":["https:\/\/fojab.se\/aktuellt\/ny-solcellsparkering-invigd\/#respond"]}]},{"@type":"WebPage","@id":"https:\/\/fojab.se\/aktuellt\/ny-solcellsparkering-invigd\/","url":"https:\/\/fojab.se\/aktuellt\/ny-solcellsparkering-invigd\/","name":"New solar car park inaugurated | FOJAB","isPartOf":{"@id":"https:\/\/fojab.se\/#website"},"primaryImageOfPage":{"@id":"https:\/\/fojab.se\/aktuellt\/ny-solcellsparkering-invigd\/#primaryimage"},"image":{"@id":"https:\/\/fojab.se\/aktuellt\/ny-solcellsparkering-invigd\/#primaryimage"},"thumbnailUrl":"https:\/\/media1.fojab.se\/2019\/03\/2013-05-28-ny-solcellsparkering-invigd.jpg","datePublished":"2013-05-28T11:00:00+00:00","dateModified":"2023-08-23T13:35:42+00:00","author":{"@id":"https:\/\/fojab.se\/#\/schema\/person\/5d07c69e3efdb8880196d961e851fb86"},"breadcrumb":{"@id":"https:\/\/fojab.se\/aktuellt\/ny-solcellsparkering-invigd\/#breadcrumb"},"inLanguage":"en-US","potentialAction":[{"@type":"ReadAction","target":["https:\/\/fojab.se\/aktuellt\/ny-solcellsparkering-invigd\/"]}]},{"@type":"ImageObject","inLanguage":"en-US","@id":"https:\/\/fojab.se\/aktuellt\/ny-solcellsparkering-invigd\/#primaryimage","url":"https:\/\/media1.fojab.se\/2019\/03\/2013-05-28-ny-solcellsparkering-invigd.jpg","contentUrl":"https:\/\/media1.fojab.se\/2019\/03\/2013-05-28-ny-solcellsparkering-invigd.jpg","width":1969,"height":1423},{"@type":"BreadcrumbList","@id":"https:\/\/fojab.se\/aktuellt\/ny-solcellsparkering-invigd\/#breadcrumb","itemListElement":[{"@type":"ListItem","position":1,"name":"Hem","item":"https:\/\/fojab.se\/"},{"@type":"ListItem","position":2,"name":"Ny solcellsparkering invigd"}]},{"@type":"WebSite","@id":"https:\/\/fojab.se\/#website","url":"https:\/\/fojab.se\/","name":"FOJAB","description":"","potentialAction":[{"@type":"SearchAction","target":{"@type":"EntryPoint","urlTemplate":"https:\/\/fojab.se\/?s={search_term_string}"},"query-input":{"@type":"PropertyValueSpecification","valueRequired":true,"valueName":"search_term_string"}}],"inLanguage":"en-US"},{"@type":"Person","@id":"https:\/\/fojab.se\/#\/schema\/person\/5d07c69e3efdb8880196d961e851fb86","name":"Maximilian","image":{"@type":"ImageObject","inLanguage":"en-US","@id":"https:\/\/secure.gravatar.com\/avatar\/221a1319eee7f463c0098eb135b71e1f0a2c5dc558b91c929d84e226525981d8?s=96&d=mm&r=g","url":"https:\/\/secure.gravatar.com\/avatar\/221a1319eee7f463c0098eb135b71e1f0a2c5dc558b91c929d84e226525981d8?s=96&d=mm&r=g","contentUrl":"https:\/\/secure.gravatar.com\/avatar\/221a1319eee7f463c0098eb135b71e1f0a2c5dc558b91c929d84e226525981d8?s=96&d=mm&r=g","caption":"maximilian"},"url":"https:\/\/fojab.se\/en\/aktuellt\/author\/maximilian\/"}]}},"_links":{"self":[{"href":"https:\/\/fojab.se\/en\/wp-json\/wp\/v2\/posts\/2467","targetHints":{"allow":["GET"]}}],"collection":[{"href":"https:\/\/fojab.se\/en\/wp-json\/wp\/v2\/posts"}],"about":[{"href":"https:\/\/fojab.se\/en\/wp-json\/wp\/v2\/types\/post"}],"author":[{"embeddable":true,"href":"https:\/\/fojab.se\/en\/wp-json\/wp\/v2\/users\/1"}],"replies":[{"embeddable":true,"href":"https:\/\/fojab.se\/en\/wp-json\/wp\/v2\/comments?post=2467"}],"version-history":[{"count":3,"href":"https:\/\/fojab.se\/en\/wp-json\/wp\/v2\/posts\/2467\/revisions"}],"predecessor-version":[{"id":11395,"href":"https:\/\/fojab.se\/en\/wp-json\/wp\/v2\/posts\/2467\/revisions\/11395"}],"wp:featuredmedia":[{"embeddable":true,"href":"https:\/\/fojab.se\/en\/wp-json\/wp\/v2\/media\/2468"}],"wp:attachment":[{"href":"https:\/\/fojab.se\/en\/wp-json\/wp\/v2\/media?parent=2467"}],"wp:term":[{"taxonomy":"category","embeddable":true,"href":"https:\/\/fojab.se\/en\/wp-json\/wp\/v2\/categories?post=2467"},{"taxonomy":"post_tag","embeddable":true,"href":"https:\/\/fojab.se\/en\/wp-json\/wp\/v2\/tags?post=2467"}],"curies":[{"name":"wp","href":"https:\/\/api.w.org\/{rel}","templated":true}]}}