{"id":2458,"date":"2013-03-22T12:00:02","date_gmt":"2013-03-22T11:00:02","guid":{"rendered":"https:\/\/fojab.se\/?p=2458"},"modified":"2019-04-16T09:58:04","modified_gmt":"2019-04-16T08:58:04","slug":"the-park-of-parks-in-the-city-of-parks","status":"publish","type":"post","link":"https:\/\/fojab.se\/en\/topical\/the-park-of-parks-in-the-city-of-parks\/","title":{"rendered":"The park of parks in the city of parks"},"content":{"rendered":"<p><strong>A jubilee in development. Pildammsparken is one of Malm\u00f6's favorite places to play. We jog, feed ducks, go to the theater, get married, do gymnastics and picnic. We have been doing this and much more for almost 100 years. 2014 marks the anniversary of the Baltic Exhibition, which was the very reason for the park's creation.<\/strong><\/p>\n<p>Because of this, the City of Malm\u00f6 has invited FOJAB arkitekter, as one of three offices, to come up with ideas and proposals on how the park can be renewed and developed.<\/p>\n<p>Architect LAR Sara Schlyter, who worked on the proposal, explains:<\/p>\n<p>- The park is basically a classicist structure with long axes and sight lines that form exciting intersections. One of the park's most central such places is next to Margareta's flower street and is currently used as a parking lot.  In our proposal, the parking spaces are moved to a location along the access road. Instead, we create a clearly defined space with water features, magnolia trees, seating walls and a visitor center. Our idea is that it will be experienced as the heart of Pildamm Park. From here you can then move around the main axis of the park on a new footbridge, which leads across the large pond to the water tower.<\/p>\n<p>In contrast to the park's grandiose axes, other places with a more secretive character and surprising experiences are proposed. Sara Schlyter draws a parallel with the Park of Versailles where, if you leave the strict baroque layout, you will find similarly romantic and slightly secluded places.<\/p>\n<p>- For example, the proposal includes a bamboo maze that lands in a tower with a suspension bridge. And a rose pergola that forms a portico to the rose garden from Baltic Road. We also want visitors to have a clearer experience of the water in various ways. Both by getting closer to the pond and through sound and light effects. So our hope is that the anniversary will be the start of a new century of recreation for both Malm\u00f6 residents and visitors.<\/p>","protected":false},"excerpt":{"rendered":"<p>En jubilar i utveckling. Pildammsparken \u00e4r en av malm\u00f6bornas tummelplatser. Vi joggar, matar ankor, g\u00e5r p\u00e5 teater, gifter oss, gympar och picknickar. Det, och mycket annat, har vi snart gjort i 100 \u00e5r. 2014 \u00e4r det dags f\u00f6r jubileum av Baltiska Utst\u00e4llningen, som var sj\u00e4lva ursprunget till att parken anlades. Med anledning av detta har [&hellip;]<\/p>\n","protected":false},"author":1,"featured_media":2459,"comment_status":"open","ping_status":"open","sticky":false,"template":"","format":"standard","meta":{"_monsterinsights_skip_tracking":false,"_monsterinsights_sitenote_active":false,"_monsterinsights_sitenote_note":"","_monsterinsights_sitenote_category":0,"footnotes":""},"categories":[1],"tags":[],"class_list":["post-2458","post","type-post","status-publish","format-standard","has-post-thumbnail","hentry","category-uncategorized"],"acf":[],"yoast_head":"<!-- This site is optimized with the Yoast SEO plugin v27.5 - https:\/\/yoast.com\/product\/yoast-seo-wordpress\/ -->\n<title>Parkernas park i parkernas stad | FOJAB<\/title>\n<meta name=\"robots\" content=\"index, follow, max-snippet:-1, max-image-preview:large, max-video-preview:-1\" \/>\n<link rel=\"canonical\" href=\"https:\/\/fojab.se\/en\/topical\/the-park-of-parks-in-the-city-of-parks\/\" \/>\n<meta property=\"og:locale\" content=\"en_US\" \/>\n<meta property=\"og:type\" content=\"article\" \/>\n<meta property=\"og:title\" content=\"Parkernas park i parkernas stad | FOJAB\" \/>\n<meta property=\"og:description\" content=\"En jubilar i utveckling. Pildammsparken \u00e4r en av malm\u00f6bornas tummelplatser. Vi joggar, matar ankor, g\u00e5r p\u00e5 teater, gifter oss, gympar och picknickar. Det, och mycket annat, har vi snart gjort i 100 \u00e5r. 2014 \u00e4r det dags f\u00f6r jubileum av Baltiska Utst\u00e4llningen, som var sj\u00e4lva ursprunget till att parken anlades. Med anledning av detta har [&hellip;]\" \/>\n<meta property=\"og:url\" content=\"https:\/\/fojab.se\/en\/topical\/the-park-of-parks-in-the-city-of-parks\/\" \/>\n<meta property=\"og:site_name\" content=\"FOJAB\" \/>\n<meta property=\"article:published_time\" content=\"2013-03-22T11:00:02+00:00\" \/>\n<meta property=\"article:modified_time\" content=\"2019-04-16T08:58:04+00:00\" \/>\n<meta property=\"og:image\" content=\"https:\/\/media1.fojab.se\/2019\/03\/2013-03-22-parkernas-park-i-parkernas-stad.jpg\" \/>\n\t<meta property=\"og:image:width\" content=\"1084\" \/>\n\t<meta property=\"og:image:height\" content=\"497\" \/>\n\t<meta property=\"og:image:type\" content=\"image\/jpeg\" \/>\n<meta name=\"author\" content=\"maximilian\" \/>\n<meta name=\"twitter:card\" content=\"summary_large_image\" \/>\n<meta name=\"twitter:label1\" content=\"Written by\" \/>\n\t<meta name=\"twitter:data1\" content=\"maximilian\" \/>\n\t<meta name=\"twitter:label2\" content=\"Est. reading time\" \/>\n\t<meta name=\"twitter:data2\" content=\"2 minutes\" \/>\n<script type=\"application\/ld+json\" class=\"yoast-schema-graph\">{\"@context\":\"https:\\\/\\\/schema.org\",\"@graph\":[{\"@type\":\"Article\",\"@id\":\"https:\\\/\\\/fojab.se\\\/aktuellt\\\/parkernas-park-i-parkernas-stad\\\/#article\",\"isPartOf\":{\"@id\":\"https:\\\/\\\/fojab.se\\\/aktuellt\\\/parkernas-park-i-parkernas-stad\\\/\"},\"author\":{\"name\":\"maximilian\",\"@id\":\"https:\\\/\\\/fojab.se\\\/#\\\/schema\\\/person\\\/5d07c69e3efdb8880196d961e851fb86\"},\"headline\":\"Parkernas park i parkernas stad\",\"datePublished\":\"2013-03-22T11:00:02+00:00\",\"dateModified\":\"2019-04-16T08:58:04+00:00\",\"mainEntityOfPage\":{\"@id\":\"https:\\\/\\\/fojab.se\\\/aktuellt\\\/parkernas-park-i-parkernas-stad\\\/\"},\"wordCount\":347,\"commentCount\":0,\"image\":{\"@id\":\"https:\\\/\\\/fojab.se\\\/aktuellt\\\/parkernas-park-i-parkernas-stad\\\/#primaryimage\"},\"thumbnailUrl\":\"https:\\\/\\\/media1.fojab.se\\\/2019\\\/03\\\/2013-03-22-parkernas-park-i-parkernas-stad.jpg\",\"inLanguage\":\"en-US\",\"potentialAction\":[{\"@type\":\"CommentAction\",\"name\":\"Comment\",\"target\":[\"https:\\\/\\\/fojab.se\\\/aktuellt\\\/parkernas-park-i-parkernas-stad\\\/#respond\"]}]},{\"@type\":\"WebPage\",\"@id\":\"https:\\\/\\\/fojab.se\\\/aktuellt\\\/parkernas-park-i-parkernas-stad\\\/\",\"url\":\"https:\\\/\\\/fojab.se\\\/aktuellt\\\/parkernas-park-i-parkernas-stad\\\/\",\"name\":\"Parkernas park i parkernas stad | FOJAB\",\"isPartOf\":{\"@id\":\"https:\\\/\\\/fojab.se\\\/#website\"},\"primaryImageOfPage\":{\"@id\":\"https:\\\/\\\/fojab.se\\\/aktuellt\\\/parkernas-park-i-parkernas-stad\\\/#primaryimage\"},\"image\":{\"@id\":\"https:\\\/\\\/fojab.se\\\/aktuellt\\\/parkernas-park-i-parkernas-stad\\\/#primaryimage\"},\"thumbnailUrl\":\"https:\\\/\\\/media1.fojab.se\\\/2019\\\/03\\\/2013-03-22-parkernas-park-i-parkernas-stad.jpg\",\"datePublished\":\"2013-03-22T11:00:02+00:00\",\"dateModified\":\"2019-04-16T08:58:04+00:00\",\"author\":{\"@id\":\"https:\\\/\\\/fojab.se\\\/#\\\/schema\\\/person\\\/5d07c69e3efdb8880196d961e851fb86\"},\"breadcrumb\":{\"@id\":\"https:\\\/\\\/fojab.se\\\/aktuellt\\\/parkernas-park-i-parkernas-stad\\\/#breadcrumb\"},\"inLanguage\":\"en-US\",\"potentialAction\":[{\"@type\":\"ReadAction\",\"target\":[\"https:\\\/\\\/fojab.se\\\/aktuellt\\\/parkernas-park-i-parkernas-stad\\\/\"]}]},{\"@type\":\"ImageObject\",\"inLanguage\":\"en-US\",\"@id\":\"https:\\\/\\\/fojab.se\\\/aktuellt\\\/parkernas-park-i-parkernas-stad\\\/#primaryimage\",\"url\":\"https:\\\/\\\/media1.fojab.se\\\/2019\\\/03\\\/2013-03-22-parkernas-park-i-parkernas-stad.jpg\",\"contentUrl\":\"https:\\\/\\\/media1.fojab.se\\\/2019\\\/03\\\/2013-03-22-parkernas-park-i-parkernas-stad.jpg\",\"width\":1084,\"height\":497},{\"@type\":\"BreadcrumbList\",\"@id\":\"https:\\\/\\\/fojab.se\\\/aktuellt\\\/parkernas-park-i-parkernas-stad\\\/#breadcrumb\",\"itemListElement\":[{\"@type\":\"ListItem\",\"position\":1,\"name\":\"Hem\",\"item\":\"https:\\\/\\\/fojab.se\\\/\"},{\"@type\":\"ListItem\",\"position\":2,\"name\":\"Parkernas park i parkernas stad\"}]},{\"@type\":\"WebSite\",\"@id\":\"https:\\\/\\\/fojab.se\\\/#website\",\"url\":\"https:\\\/\\\/fojab.se\\\/\",\"name\":\"FOJAB\",\"description\":\"\",\"potentialAction\":[{\"@type\":\"SearchAction\",\"target\":{\"@type\":\"EntryPoint\",\"urlTemplate\":\"https:\\\/\\\/fojab.se\\\/?s={search_term_string}\"},\"query-input\":{\"@type\":\"PropertyValueSpecification\",\"valueRequired\":true,\"valueName\":\"search_term_string\"}}],\"inLanguage\":\"en-US\"},{\"@type\":\"Person\",\"@id\":\"https:\\\/\\\/fojab.se\\\/#\\\/schema\\\/person\\\/5d07c69e3efdb8880196d961e851fb86\",\"name\":\"maximilian\",\"image\":{\"@type\":\"ImageObject\",\"inLanguage\":\"en-US\",\"@id\":\"https:\\\/\\\/secure.gravatar.com\\\/avatar\\\/221a1319eee7f463c0098eb135b71e1f0a2c5dc558b91c929d84e226525981d8?s=96&d=mm&r=g\",\"url\":\"https:\\\/\\\/secure.gravatar.com\\\/avatar\\\/221a1319eee7f463c0098eb135b71e1f0a2c5dc558b91c929d84e226525981d8?s=96&d=mm&r=g\",\"contentUrl\":\"https:\\\/\\\/secure.gravatar.com\\\/avatar\\\/221a1319eee7f463c0098eb135b71e1f0a2c5dc558b91c929d84e226525981d8?s=96&d=mm&r=g\",\"caption\":\"maximilian\"},\"url\":\"https:\\\/\\\/fojab.se\\\/en\\\/aktuellt\\\/author\\\/maximilian\\\/\"}]}<\/script>\n<!-- \/ Yoast SEO plugin. -->","yoast_head_json":{"title":"The park of parks in the city of parks | FOJAB","robots":{"index":"index","follow":"follow","max-snippet":"max-snippet:-1","max-image-preview":"max-image-preview:large","max-video-preview":"max-video-preview:-1"},"canonical":"https:\/\/fojab.se\/en\/topical\/the-park-of-parks-in-the-city-of-parks\/","og_locale":"en_US","og_type":"article","og_title":"Parkernas park i parkernas stad | FOJAB","og_description":"En jubilar i utveckling. Pildammsparken \u00e4r en av malm\u00f6bornas tummelplatser. Vi joggar, matar ankor, g\u00e5r p\u00e5 teater, gifter oss, gympar och picknickar. Det, och mycket annat, har vi snart gjort i 100 \u00e5r. 2014 \u00e4r det dags f\u00f6r jubileum av Baltiska Utst\u00e4llningen, som var sj\u00e4lva ursprunget till att parken anlades. Med anledning av detta har [&hellip;]","og_url":"https:\/\/fojab.se\/en\/topical\/the-park-of-parks-in-the-city-of-parks\/","og_site_name":"FOJAB","article_published_time":"2013-03-22T11:00:02+00:00","article_modified_time":"2019-04-16T08:58:04+00:00","og_image":[{"width":1084,"height":497,"url":"https:\/\/media1.fojab.se\/2019\/03\/2013-03-22-parkernas-park-i-parkernas-stad.jpg","type":"image\/jpeg"}],"author":"maximilian","twitter_card":"summary_large_image","twitter_misc":{"Written by":"maximilian","Est. reading time":"2 minutes"},"schema":{"@context":"https:\/\/schema.org","@graph":[{"@type":"Article","@id":"https:\/\/fojab.se\/aktuellt\/parkernas-park-i-parkernas-stad\/#article","isPartOf":{"@id":"https:\/\/fojab.se\/aktuellt\/parkernas-park-i-parkernas-stad\/"},"author":{"name":"maximilian","@id":"https:\/\/fojab.se\/#\/schema\/person\/5d07c69e3efdb8880196d961e851fb86"},"headline":"Parkernas park i parkernas stad","datePublished":"2013-03-22T11:00:02+00:00","dateModified":"2019-04-16T08:58:04+00:00","mainEntityOfPage":{"@id":"https:\/\/fojab.se\/aktuellt\/parkernas-park-i-parkernas-stad\/"},"wordCount":347,"commentCount":0,"image":{"@id":"https:\/\/fojab.se\/aktuellt\/parkernas-park-i-parkernas-stad\/#primaryimage"},"thumbnailUrl":"https:\/\/media1.fojab.se\/2019\/03\/2013-03-22-parkernas-park-i-parkernas-stad.jpg","inLanguage":"en-US","potentialAction":[{"@type":"CommentAction","name":"Comment","target":["https:\/\/fojab.se\/aktuellt\/parkernas-park-i-parkernas-stad\/#respond"]}]},{"@type":"WebPage","@id":"https:\/\/fojab.se\/aktuellt\/parkernas-park-i-parkernas-stad\/","url":"https:\/\/fojab.se\/aktuellt\/parkernas-park-i-parkernas-stad\/","name":"The park of parks in the city of parks | FOJAB","isPartOf":{"@id":"https:\/\/fojab.se\/#website"},"primaryImageOfPage":{"@id":"https:\/\/fojab.se\/aktuellt\/parkernas-park-i-parkernas-stad\/#primaryimage"},"image":{"@id":"https:\/\/fojab.se\/aktuellt\/parkernas-park-i-parkernas-stad\/#primaryimage"},"thumbnailUrl":"https:\/\/media1.fojab.se\/2019\/03\/2013-03-22-parkernas-park-i-parkernas-stad.jpg","datePublished":"2013-03-22T11:00:02+00:00","dateModified":"2019-04-16T08:58:04+00:00","author":{"@id":"https:\/\/fojab.se\/#\/schema\/person\/5d07c69e3efdb8880196d961e851fb86"},"breadcrumb":{"@id":"https:\/\/fojab.se\/aktuellt\/parkernas-park-i-parkernas-stad\/#breadcrumb"},"inLanguage":"en-US","potentialAction":[{"@type":"ReadAction","target":["https:\/\/fojab.se\/aktuellt\/parkernas-park-i-parkernas-stad\/"]}]},{"@type":"ImageObject","inLanguage":"en-US","@id":"https:\/\/fojab.se\/aktuellt\/parkernas-park-i-parkernas-stad\/#primaryimage","url":"https:\/\/media1.fojab.se\/2019\/03\/2013-03-22-parkernas-park-i-parkernas-stad.jpg","contentUrl":"https:\/\/media1.fojab.se\/2019\/03\/2013-03-22-parkernas-park-i-parkernas-stad.jpg","width":1084,"height":497},{"@type":"BreadcrumbList","@id":"https:\/\/fojab.se\/aktuellt\/parkernas-park-i-parkernas-stad\/#breadcrumb","itemListElement":[{"@type":"ListItem","position":1,"name":"Hem","item":"https:\/\/fojab.se\/"},{"@type":"ListItem","position":2,"name":"Parkernas park i parkernas stad"}]},{"@type":"WebSite","@id":"https:\/\/fojab.se\/#website","url":"https:\/\/fojab.se\/","name":"FOJAB","description":"","potentialAction":[{"@type":"SearchAction","target":{"@type":"EntryPoint","urlTemplate":"https:\/\/fojab.se\/?s={search_term_string}"},"query-input":{"@type":"PropertyValueSpecification","valueRequired":true,"valueName":"search_term_string"}}],"inLanguage":"en-US"},{"@type":"Person","@id":"https:\/\/fojab.se\/#\/schema\/person\/5d07c69e3efdb8880196d961e851fb86","name":"Maximilian","image":{"@type":"ImageObject","inLanguage":"en-US","@id":"https:\/\/secure.gravatar.com\/avatar\/221a1319eee7f463c0098eb135b71e1f0a2c5dc558b91c929d84e226525981d8?s=96&d=mm&r=g","url":"https:\/\/secure.gravatar.com\/avatar\/221a1319eee7f463c0098eb135b71e1f0a2c5dc558b91c929d84e226525981d8?s=96&d=mm&r=g","contentUrl":"https:\/\/secure.gravatar.com\/avatar\/221a1319eee7f463c0098eb135b71e1f0a2c5dc558b91c929d84e226525981d8?s=96&d=mm&r=g","caption":"maximilian"},"url":"https:\/\/fojab.se\/en\/aktuellt\/author\/maximilian\/"}]}},"_links":{"self":[{"href":"https:\/\/fojab.se\/en\/wp-json\/wp\/v2\/posts\/2458","targetHints":{"allow":["GET"]}}],"collection":[{"href":"https:\/\/fojab.se\/en\/wp-json\/wp\/v2\/posts"}],"about":[{"href":"https:\/\/fojab.se\/en\/wp-json\/wp\/v2\/types\/post"}],"author":[{"embeddable":true,"href":"https:\/\/fojab.se\/en\/wp-json\/wp\/v2\/users\/1"}],"replies":[{"embeddable":true,"href":"https:\/\/fojab.se\/en\/wp-json\/wp\/v2\/comments?post=2458"}],"version-history":[{"count":1,"href":"https:\/\/fojab.se\/en\/wp-json\/wp\/v2\/posts\/2458\/revisions"}],"predecessor-version":[{"id":2460,"href":"https:\/\/fojab.se\/en\/wp-json\/wp\/v2\/posts\/2458\/revisions\/2460"}],"wp:featuredmedia":[{"embeddable":true,"href":"https:\/\/fojab.se\/en\/wp-json\/wp\/v2\/media\/2459"}],"wp:attachment":[{"href":"https:\/\/fojab.se\/en\/wp-json\/wp\/v2\/media?parent=2458"}],"wp:term":[{"taxonomy":"category","embeddable":true,"href":"https:\/\/fojab.se\/en\/wp-json\/wp\/v2\/categories?post=2458"},{"taxonomy":"post_tag","embeddable":true,"href":"https:\/\/fojab.se\/en\/wp-json\/wp\/v2\/tags?post=2458"}],"curies":[{"name":"wp","href":"https:\/\/api.w.org\/{rel}","templated":true}]}}