{"id":2444,"date":"2013-02-20T12:00:54","date_gmt":"2013-02-20T11:00:54","guid":{"rendered":"https:\/\/fojab.se\/?p=2444"},"modified":"2019-04-16T09:58:04","modified_gmt":"2019-04-16T08:58:04","slug":"groundbreaking-ceremony-for-the-national-archives","status":"publish","type":"post","link":"https:\/\/fojab.se\/en\/topical\/groundbreaking-ceremony-for-the-national-archives\/","title":{"rendered":"Groundbreaking for the National Archives"},"content":{"rendered":"<p><strong>The first sod is now being turned for the construction of student housing in the Landsarkivet in Lund. FOJAB arkitekter has, on behalf of Lund Nation, designed student housing with the aim of giving the historic building new life.<\/strong><\/p>\n<p>The Landsarkivet will be home to up to 150 students, making it a welcome addition to the tight housing market in Lund. The project comprises a total of 8,800 square meters of new construction and renovation and consists of four buildings. Two of these were built in 1903. In 1971, the characteristic extension designed by Bernt Nyberg was added. The fourth will be a new five-storey building clad in Corten steel. The homes are planned to be ready for occupancy in the fall semester of 2014.<\/p>\n<p><a href=\"https:\/\/fojab.se\/en\/project\/lunds-nation-landsarkivet\/\">More pictures on FOJAB.se<\/a><\/p>","protected":false},"excerpt":{"rendered":"<p>Nu tas f\u00f6rsta spadtaget f\u00f6r bygget av studentbost\u00e4der i Landsarkivet i Lund. FOJAB arkitekter har, p\u00e5 uppdrag av Lunds nation, ritat studentbost\u00e4der med syftet att ge den anrika byggnaden nytt liv. Landsarkivet kommer bli hem \u00e5t uppemot 150 studenter, och blir d\u00e4rmed ett v\u00e4lkommet tillskott p\u00e5 den pressade bostadsmarknaden i Lund.\u00a0Projektet omfattar totalt 8 800 [&hellip;]<\/p>\n","protected":false},"author":1,"featured_media":2445,"comment_status":"open","ping_status":"open","sticky":false,"template":"","format":"standard","meta":{"_monsterinsights_skip_tracking":false,"_monsterinsights_sitenote_active":false,"_monsterinsights_sitenote_note":"","_monsterinsights_sitenote_category":0,"footnotes":""},"categories":[1],"tags":[],"class_list":["post-2444","post","type-post","status-publish","format-standard","has-post-thumbnail","hentry","category-uncategorized"],"acf":[],"yoast_head":"<!-- This site is optimized with the Yoast SEO plugin v27.5 - https:\/\/yoast.com\/product\/yoast-seo-wordpress\/ -->\n<title>F\u00f6rsta spadtaget f\u00f6r Landsarkivet | FOJAB<\/title>\n<meta name=\"robots\" content=\"index, follow, max-snippet:-1, max-image-preview:large, max-video-preview:-1\" \/>\n<link rel=\"canonical\" href=\"https:\/\/fojab.se\/en\/topical\/groundbreaking-ceremony-for-the-national-archives\/\" \/>\n<meta property=\"og:locale\" content=\"en_US\" \/>\n<meta property=\"og:type\" content=\"article\" \/>\n<meta property=\"og:title\" content=\"F\u00f6rsta spadtaget f\u00f6r Landsarkivet | FOJAB\" \/>\n<meta property=\"og:description\" content=\"Nu tas f\u00f6rsta spadtaget f\u00f6r bygget av studentbost\u00e4der i Landsarkivet i Lund. FOJAB arkitekter har, p\u00e5 uppdrag av Lunds nation, ritat studentbost\u00e4der med syftet att ge den anrika byggnaden nytt liv. Landsarkivet kommer bli hem \u00e5t uppemot 150 studenter, och blir d\u00e4rmed ett v\u00e4lkommet tillskott p\u00e5 den pressade bostadsmarknaden i Lund.\u00a0Projektet omfattar totalt 8 800 [&hellip;]\" \/>\n<meta property=\"og:url\" content=\"https:\/\/fojab.se\/en\/topical\/groundbreaking-ceremony-for-the-national-archives\/\" \/>\n<meta property=\"og:site_name\" content=\"FOJAB\" \/>\n<meta property=\"article:published_time\" content=\"2013-02-20T11:00:54+00:00\" \/>\n<meta property=\"article:modified_time\" content=\"2019-04-16T08:58:04+00:00\" \/>\n<meta property=\"og:image\" content=\"https:\/\/media1.fojab.se\/2019\/03\/2013-02-20-forsta-spadtaget-for-landsarkivet.jpg\" \/>\n\t<meta property=\"og:image:width\" content=\"2000\" \/>\n\t<meta property=\"og:image:height\" content=\"1500\" \/>\n\t<meta property=\"og:image:type\" content=\"image\/jpeg\" \/>\n<meta name=\"author\" content=\"maximilian\" \/>\n<meta name=\"twitter:card\" content=\"summary_large_image\" \/>\n<meta name=\"twitter:label1\" content=\"Written by\" \/>\n\t<meta name=\"twitter:data1\" content=\"maximilian\" \/>\n\t<meta name=\"twitter:label2\" content=\"Est. reading time\" \/>\n\t<meta name=\"twitter:data2\" content=\"1 minute\" \/>\n<script type=\"application\/ld+json\" class=\"yoast-schema-graph\">{\"@context\":\"https:\\\/\\\/schema.org\",\"@graph\":[{\"@type\":\"Article\",\"@id\":\"https:\\\/\\\/fojab.se\\\/aktuellt\\\/forsta-spadtaget-for-landsarkivet\\\/#article\",\"isPartOf\":{\"@id\":\"https:\\\/\\\/fojab.se\\\/aktuellt\\\/forsta-spadtaget-for-landsarkivet\\\/\"},\"author\":{\"name\":\"maximilian\",\"@id\":\"https:\\\/\\\/fojab.se\\\/#\\\/schema\\\/person\\\/5d07c69e3efdb8880196d961e851fb86\"},\"headline\":\"F\u00f6rsta spadtaget f\u00f6r Landsarkivet\",\"datePublished\":\"2013-02-20T11:00:54+00:00\",\"dateModified\":\"2019-04-16T08:58:04+00:00\",\"mainEntityOfPage\":{\"@id\":\"https:\\\/\\\/fojab.se\\\/aktuellt\\\/forsta-spadtaget-for-landsarkivet\\\/\"},\"wordCount\":117,\"commentCount\":0,\"image\":{\"@id\":\"https:\\\/\\\/fojab.se\\\/aktuellt\\\/forsta-spadtaget-for-landsarkivet\\\/#primaryimage\"},\"thumbnailUrl\":\"https:\\\/\\\/media1.fojab.se\\\/2019\\\/03\\\/2013-02-20-forsta-spadtaget-for-landsarkivet.jpg\",\"inLanguage\":\"en-US\",\"potentialAction\":[{\"@type\":\"CommentAction\",\"name\":\"Comment\",\"target\":[\"https:\\\/\\\/fojab.se\\\/aktuellt\\\/forsta-spadtaget-for-landsarkivet\\\/#respond\"]}]},{\"@type\":\"WebPage\",\"@id\":\"https:\\\/\\\/fojab.se\\\/aktuellt\\\/forsta-spadtaget-for-landsarkivet\\\/\",\"url\":\"https:\\\/\\\/fojab.se\\\/aktuellt\\\/forsta-spadtaget-for-landsarkivet\\\/\",\"name\":\"F\u00f6rsta spadtaget f\u00f6r Landsarkivet | FOJAB\",\"isPartOf\":{\"@id\":\"https:\\\/\\\/fojab.se\\\/#website\"},\"primaryImageOfPage\":{\"@id\":\"https:\\\/\\\/fojab.se\\\/aktuellt\\\/forsta-spadtaget-for-landsarkivet\\\/#primaryimage\"},\"image\":{\"@id\":\"https:\\\/\\\/fojab.se\\\/aktuellt\\\/forsta-spadtaget-for-landsarkivet\\\/#primaryimage\"},\"thumbnailUrl\":\"https:\\\/\\\/media1.fojab.se\\\/2019\\\/03\\\/2013-02-20-forsta-spadtaget-for-landsarkivet.jpg\",\"datePublished\":\"2013-02-20T11:00:54+00:00\",\"dateModified\":\"2019-04-16T08:58:04+00:00\",\"author\":{\"@id\":\"https:\\\/\\\/fojab.se\\\/#\\\/schema\\\/person\\\/5d07c69e3efdb8880196d961e851fb86\"},\"breadcrumb\":{\"@id\":\"https:\\\/\\\/fojab.se\\\/aktuellt\\\/forsta-spadtaget-for-landsarkivet\\\/#breadcrumb\"},\"inLanguage\":\"en-US\",\"potentialAction\":[{\"@type\":\"ReadAction\",\"target\":[\"https:\\\/\\\/fojab.se\\\/aktuellt\\\/forsta-spadtaget-for-landsarkivet\\\/\"]}]},{\"@type\":\"ImageObject\",\"inLanguage\":\"en-US\",\"@id\":\"https:\\\/\\\/fojab.se\\\/aktuellt\\\/forsta-spadtaget-for-landsarkivet\\\/#primaryimage\",\"url\":\"https:\\\/\\\/media1.fojab.se\\\/2019\\\/03\\\/2013-02-20-forsta-spadtaget-for-landsarkivet.jpg\",\"contentUrl\":\"https:\\\/\\\/media1.fojab.se\\\/2019\\\/03\\\/2013-02-20-forsta-spadtaget-for-landsarkivet.jpg\",\"width\":2000,\"height\":1500},{\"@type\":\"BreadcrumbList\",\"@id\":\"https:\\\/\\\/fojab.se\\\/aktuellt\\\/forsta-spadtaget-for-landsarkivet\\\/#breadcrumb\",\"itemListElement\":[{\"@type\":\"ListItem\",\"position\":1,\"name\":\"Hem\",\"item\":\"https:\\\/\\\/fojab.se\\\/\"},{\"@type\":\"ListItem\",\"position\":2,\"name\":\"F\u00f6rsta spadtaget f\u00f6r Landsarkivet\"}]},{\"@type\":\"WebSite\",\"@id\":\"https:\\\/\\\/fojab.se\\\/#website\",\"url\":\"https:\\\/\\\/fojab.se\\\/\",\"name\":\"FOJAB\",\"description\":\"\",\"potentialAction\":[{\"@type\":\"SearchAction\",\"target\":{\"@type\":\"EntryPoint\",\"urlTemplate\":\"https:\\\/\\\/fojab.se\\\/?s={search_term_string}\"},\"query-input\":{\"@type\":\"PropertyValueSpecification\",\"valueRequired\":true,\"valueName\":\"search_term_string\"}}],\"inLanguage\":\"en-US\"},{\"@type\":\"Person\",\"@id\":\"https:\\\/\\\/fojab.se\\\/#\\\/schema\\\/person\\\/5d07c69e3efdb8880196d961e851fb86\",\"name\":\"maximilian\",\"image\":{\"@type\":\"ImageObject\",\"inLanguage\":\"en-US\",\"@id\":\"https:\\\/\\\/secure.gravatar.com\\\/avatar\\\/221a1319eee7f463c0098eb135b71e1f0a2c5dc558b91c929d84e226525981d8?s=96&d=mm&r=g\",\"url\":\"https:\\\/\\\/secure.gravatar.com\\\/avatar\\\/221a1319eee7f463c0098eb135b71e1f0a2c5dc558b91c929d84e226525981d8?s=96&d=mm&r=g\",\"contentUrl\":\"https:\\\/\\\/secure.gravatar.com\\\/avatar\\\/221a1319eee7f463c0098eb135b71e1f0a2c5dc558b91c929d84e226525981d8?s=96&d=mm&r=g\",\"caption\":\"maximilian\"},\"url\":\"https:\\\/\\\/fojab.se\\\/en\\\/aktuellt\\\/author\\\/maximilian\\\/\"}]}<\/script>\n<!-- \/ Yoast SEO plugin. -->","yoast_head_json":{"title":"Groundbreaking for the National Archives | FOJAB","robots":{"index":"index","follow":"follow","max-snippet":"max-snippet:-1","max-image-preview":"max-image-preview:large","max-video-preview":"max-video-preview:-1"},"canonical":"https:\/\/fojab.se\/en\/topical\/groundbreaking-ceremony-for-the-national-archives\/","og_locale":"en_US","og_type":"article","og_title":"F\u00f6rsta spadtaget f\u00f6r Landsarkivet | FOJAB","og_description":"Nu tas f\u00f6rsta spadtaget f\u00f6r bygget av studentbost\u00e4der i Landsarkivet i Lund. FOJAB arkitekter har, p\u00e5 uppdrag av Lunds nation, ritat studentbost\u00e4der med syftet att ge den anrika byggnaden nytt liv. Landsarkivet kommer bli hem \u00e5t uppemot 150 studenter, och blir d\u00e4rmed ett v\u00e4lkommet tillskott p\u00e5 den pressade bostadsmarknaden i Lund.\u00a0Projektet omfattar totalt 8 800 [&hellip;]","og_url":"https:\/\/fojab.se\/en\/topical\/groundbreaking-ceremony-for-the-national-archives\/","og_site_name":"FOJAB","article_published_time":"2013-02-20T11:00:54+00:00","article_modified_time":"2019-04-16T08:58:04+00:00","og_image":[{"width":2000,"height":1500,"url":"https:\/\/media1.fojab.se\/2019\/03\/2013-02-20-forsta-spadtaget-for-landsarkivet.jpg","type":"image\/jpeg"}],"author":"maximilian","twitter_card":"summary_large_image","twitter_misc":{"Written by":"maximilian","Est. reading time":"1 minute"},"schema":{"@context":"https:\/\/schema.org","@graph":[{"@type":"Article","@id":"https:\/\/fojab.se\/aktuellt\/forsta-spadtaget-for-landsarkivet\/#article","isPartOf":{"@id":"https:\/\/fojab.se\/aktuellt\/forsta-spadtaget-for-landsarkivet\/"},"author":{"name":"maximilian","@id":"https:\/\/fojab.se\/#\/schema\/person\/5d07c69e3efdb8880196d961e851fb86"},"headline":"F\u00f6rsta spadtaget f\u00f6r Landsarkivet","datePublished":"2013-02-20T11:00:54+00:00","dateModified":"2019-04-16T08:58:04+00:00","mainEntityOfPage":{"@id":"https:\/\/fojab.se\/aktuellt\/forsta-spadtaget-for-landsarkivet\/"},"wordCount":117,"commentCount":0,"image":{"@id":"https:\/\/fojab.se\/aktuellt\/forsta-spadtaget-for-landsarkivet\/#primaryimage"},"thumbnailUrl":"https:\/\/media1.fojab.se\/2019\/03\/2013-02-20-forsta-spadtaget-for-landsarkivet.jpg","inLanguage":"en-US","potentialAction":[{"@type":"CommentAction","name":"Comment","target":["https:\/\/fojab.se\/aktuellt\/forsta-spadtaget-for-landsarkivet\/#respond"]}]},{"@type":"WebPage","@id":"https:\/\/fojab.se\/aktuellt\/forsta-spadtaget-for-landsarkivet\/","url":"https:\/\/fojab.se\/aktuellt\/forsta-spadtaget-for-landsarkivet\/","name":"Groundbreaking for the National Archives | FOJAB","isPartOf":{"@id":"https:\/\/fojab.se\/#website"},"primaryImageOfPage":{"@id":"https:\/\/fojab.se\/aktuellt\/forsta-spadtaget-for-landsarkivet\/#primaryimage"},"image":{"@id":"https:\/\/fojab.se\/aktuellt\/forsta-spadtaget-for-landsarkivet\/#primaryimage"},"thumbnailUrl":"https:\/\/media1.fojab.se\/2019\/03\/2013-02-20-forsta-spadtaget-for-landsarkivet.jpg","datePublished":"2013-02-20T11:00:54+00:00","dateModified":"2019-04-16T08:58:04+00:00","author":{"@id":"https:\/\/fojab.se\/#\/schema\/person\/5d07c69e3efdb8880196d961e851fb86"},"breadcrumb":{"@id":"https:\/\/fojab.se\/aktuellt\/forsta-spadtaget-for-landsarkivet\/#breadcrumb"},"inLanguage":"en-US","potentialAction":[{"@type":"ReadAction","target":["https:\/\/fojab.se\/aktuellt\/forsta-spadtaget-for-landsarkivet\/"]}]},{"@type":"ImageObject","inLanguage":"en-US","@id":"https:\/\/fojab.se\/aktuellt\/forsta-spadtaget-for-landsarkivet\/#primaryimage","url":"https:\/\/media1.fojab.se\/2019\/03\/2013-02-20-forsta-spadtaget-for-landsarkivet.jpg","contentUrl":"https:\/\/media1.fojab.se\/2019\/03\/2013-02-20-forsta-spadtaget-for-landsarkivet.jpg","width":2000,"height":1500},{"@type":"BreadcrumbList","@id":"https:\/\/fojab.se\/aktuellt\/forsta-spadtaget-for-landsarkivet\/#breadcrumb","itemListElement":[{"@type":"ListItem","position":1,"name":"Hem","item":"https:\/\/fojab.se\/"},{"@type":"ListItem","position":2,"name":"F\u00f6rsta spadtaget f\u00f6r Landsarkivet"}]},{"@type":"WebSite","@id":"https:\/\/fojab.se\/#website","url":"https:\/\/fojab.se\/","name":"FOJAB","description":"","potentialAction":[{"@type":"SearchAction","target":{"@type":"EntryPoint","urlTemplate":"https:\/\/fojab.se\/?s={search_term_string}"},"query-input":{"@type":"PropertyValueSpecification","valueRequired":true,"valueName":"search_term_string"}}],"inLanguage":"en-US"},{"@type":"Person","@id":"https:\/\/fojab.se\/#\/schema\/person\/5d07c69e3efdb8880196d961e851fb86","name":"Maximilian","image":{"@type":"ImageObject","inLanguage":"en-US","@id":"https:\/\/secure.gravatar.com\/avatar\/221a1319eee7f463c0098eb135b71e1f0a2c5dc558b91c929d84e226525981d8?s=96&d=mm&r=g","url":"https:\/\/secure.gravatar.com\/avatar\/221a1319eee7f463c0098eb135b71e1f0a2c5dc558b91c929d84e226525981d8?s=96&d=mm&r=g","contentUrl":"https:\/\/secure.gravatar.com\/avatar\/221a1319eee7f463c0098eb135b71e1f0a2c5dc558b91c929d84e226525981d8?s=96&d=mm&r=g","caption":"maximilian"},"url":"https:\/\/fojab.se\/en\/aktuellt\/author\/maximilian\/"}]}},"_links":{"self":[{"href":"https:\/\/fojab.se\/en\/wp-json\/wp\/v2\/posts\/2444","targetHints":{"allow":["GET"]}}],"collection":[{"href":"https:\/\/fojab.se\/en\/wp-json\/wp\/v2\/posts"}],"about":[{"href":"https:\/\/fojab.se\/en\/wp-json\/wp\/v2\/types\/post"}],"author":[{"embeddable":true,"href":"https:\/\/fojab.se\/en\/wp-json\/wp\/v2\/users\/1"}],"replies":[{"embeddable":true,"href":"https:\/\/fojab.se\/en\/wp-json\/wp\/v2\/comments?post=2444"}],"version-history":[{"count":3,"href":"https:\/\/fojab.se\/en\/wp-json\/wp\/v2\/posts\/2444\/revisions"}],"predecessor-version":[{"id":2448,"href":"https:\/\/fojab.se\/en\/wp-json\/wp\/v2\/posts\/2444\/revisions\/2448"}],"wp:featuredmedia":[{"embeddable":true,"href":"https:\/\/fojab.se\/en\/wp-json\/wp\/v2\/media\/2445"}],"wp:attachment":[{"href":"https:\/\/fojab.se\/en\/wp-json\/wp\/v2\/media?parent=2444"}],"wp:term":[{"taxonomy":"category","embeddable":true,"href":"https:\/\/fojab.se\/en\/wp-json\/wp\/v2\/categories?post=2444"},{"taxonomy":"post_tag","embeddable":true,"href":"https:\/\/fojab.se\/en\/wp-json\/wp\/v2\/tags?post=2444"}],"curies":[{"name":"wp","href":"https:\/\/api.w.org\/{rel}","templated":true}]}}