{"id":2415,"date":"2012-10-09T12:00:34","date_gmt":"2012-10-09T11:00:34","guid":{"rendered":"https:\/\/fojab.se\/?p=2415"},"modified":"2019-11-29T11:33:50","modified_gmt":"2019-11-29T10:33:50","slug":"fojab-at-the-architecture-film-festival","status":"publish","type":"post","link":"https:\/\/fojab.se\/en\/topical\/fojab-at-the-architecture-film-festival\/","title":{"rendered":"FOJAB at the Architecture Film Festival"},"content":{"rendered":"<p><strong>Marco Pusterla from FOJAB arkitekter debates current urban development issues in tonight's panel discussion at DocLounge, Mejeriet.<\/strong><\/p>\n<p>The moderator is Klas A. M. Eriksson, independent commentator on urban development issues and other guests on the panel are Per Svensson, journalist, Inga Hall\u00e9n, Director of Urban Development, Lund Municipality and Mats Hultman, Senior Lecturer, Director of Studies, Department of Architecture and Built Environment, Lund University. The panel discussion will be held in connection with the screening of the short film \"The Invisible Helmet\" by Fredrik Gertten and the documentary film \"Urbanized\" by Gary Hustwit. It will start at 19:00.<\/p>","protected":false},"excerpt":{"rendered":"<p>Marco Pusterla fr\u00e5n FOJAB arkitekter debatterar aktuella stadsbyggnadsfr\u00e5gor i kv\u00e4llens panelsamtal p\u00e5 DocLounge, Mejeriet. Moderator \u00e4r Klas A. M. Eriksson, frist\u00e5ende debatt\u00f6r i stadsbyggnadsfr\u00e5gor och \u00f6vriga g\u00e4ster i panelen \u00e4r Per Svensson, journalist, Inga Hall\u00e9n, stadsbyggnadsdirektor Lunds kommun och Mats Hultman, Universitetslektor, studierektor Institutionen f\u00f6r arkitektur och byggd milj\u00f6 Lunds Universitet. Panelsamtalet h\u00e5lls i anslutning [&hellip;]<\/p>\n","protected":false},"author":1,"featured_media":4671,"comment_status":"open","ping_status":"open","sticky":false,"template":"","format":"standard","meta":{"_monsterinsights_skip_tracking":false,"_monsterinsights_sitenote_active":false,"_monsterinsights_sitenote_note":"","_monsterinsights_sitenote_category":0,"footnotes":""},"categories":[1],"tags":[],"class_list":["post-2415","post","type-post","status-publish","format-standard","has-post-thumbnail","hentry","category-uncategorized"],"acf":[],"yoast_head":"<!-- This site is optimized with the Yoast SEO plugin v27.5 - https:\/\/yoast.com\/product\/yoast-seo-wordpress\/ -->\n<title>FOJAB p\u00e5 Arkitekturfilmfestivalen | FOJAB<\/title>\n<meta name=\"robots\" content=\"index, follow, max-snippet:-1, max-image-preview:large, max-video-preview:-1\" \/>\n<link rel=\"canonical\" href=\"https:\/\/fojab.se\/en\/topical\/fojab-at-the-architecture-film-festival\/\" \/>\n<meta property=\"og:locale\" content=\"en_US\" \/>\n<meta property=\"og:type\" content=\"article\" \/>\n<meta property=\"og:title\" content=\"FOJAB p\u00e5 Arkitekturfilmfestivalen | FOJAB\" \/>\n<meta property=\"og:description\" content=\"Marco Pusterla fr\u00e5n FOJAB arkitekter debatterar aktuella stadsbyggnadsfr\u00e5gor i kv\u00e4llens panelsamtal p\u00e5 DocLounge, Mejeriet. Moderator \u00e4r Klas A. M. Eriksson, frist\u00e5ende debatt\u00f6r i stadsbyggnadsfr\u00e5gor och \u00f6vriga g\u00e4ster i panelen \u00e4r Per Svensson, journalist, Inga Hall\u00e9n, stadsbyggnadsdirektor Lunds kommun och Mats Hultman, Universitetslektor, studierektor Institutionen f\u00f6r arkitektur och byggd milj\u00f6 Lunds Universitet. Panelsamtalet h\u00e5lls i anslutning [&hellip;]\" \/>\n<meta property=\"og:url\" content=\"https:\/\/fojab.se\/en\/topical\/fojab-at-the-architecture-film-festival\/\" \/>\n<meta property=\"og:site_name\" content=\"FOJAB\" \/>\n<meta property=\"article:published_time\" content=\"2012-10-09T11:00:34+00:00\" \/>\n<meta property=\"article:modified_time\" content=\"2019-11-29T10:33:50+00:00\" \/>\n<meta property=\"og:image\" content=\"https:\/\/media1.fojab.se\/2012\/10\/mark-i-tony-f.sune-n.-laila-s.-patrick-jpg1-scaled.jpg\" \/>\n\t<meta property=\"og:image:width\" content=\"2560\" \/>\n\t<meta property=\"og:image:height\" content=\"1920\" \/>\n\t<meta property=\"og:image:type\" content=\"image\/jpeg\" \/>\n<meta name=\"author\" content=\"maximilian\" \/>\n<meta name=\"twitter:card\" content=\"summary_large_image\" \/>\n<meta name=\"twitter:label1\" content=\"Written by\" \/>\n\t<meta name=\"twitter:data1\" content=\"maximilian\" \/>\n<script type=\"application\/ld+json\" class=\"yoast-schema-graph\">{\"@context\":\"https:\\\/\\\/schema.org\",\"@graph\":[{\"@type\":\"Article\",\"@id\":\"https:\\\/\\\/fojab.se\\\/aktuellt\\\/fojab-pa-arkitekturfilmfestivalen\\\/#article\",\"isPartOf\":{\"@id\":\"https:\\\/\\\/fojab.se\\\/aktuellt\\\/fojab-pa-arkitekturfilmfestivalen\\\/\"},\"author\":{\"name\":\"maximilian\",\"@id\":\"https:\\\/\\\/fojab.se\\\/#\\\/schema\\\/person\\\/5d07c69e3efdb8880196d961e851fb86\"},\"headline\":\"FOJAB p\u00e5 Arkitekturfilmfestivalen\",\"datePublished\":\"2012-10-09T11:00:34+00:00\",\"dateModified\":\"2019-11-29T10:33:50+00:00\",\"mainEntityOfPage\":{\"@id\":\"https:\\\/\\\/fojab.se\\\/aktuellt\\\/fojab-pa-arkitekturfilmfestivalen\\\/\"},\"wordCount\":89,\"commentCount\":0,\"image\":{\"@id\":\"https:\\\/\\\/fojab.se\\\/aktuellt\\\/fojab-pa-arkitekturfilmfestivalen\\\/#primaryimage\"},\"thumbnailUrl\":\"https:\\\/\\\/media1.fojab.se\\\/2012\\\/10\\\/mark-i-tony-f.sune-n.-laila-s.-patrick-jpg1-scaled.jpg\",\"inLanguage\":\"en-US\",\"potentialAction\":[{\"@type\":\"CommentAction\",\"name\":\"Comment\",\"target\":[\"https:\\\/\\\/fojab.se\\\/aktuellt\\\/fojab-pa-arkitekturfilmfestivalen\\\/#respond\"]}]},{\"@type\":\"WebPage\",\"@id\":\"https:\\\/\\\/fojab.se\\\/aktuellt\\\/fojab-pa-arkitekturfilmfestivalen\\\/\",\"url\":\"https:\\\/\\\/fojab.se\\\/aktuellt\\\/fojab-pa-arkitekturfilmfestivalen\\\/\",\"name\":\"FOJAB p\u00e5 Arkitekturfilmfestivalen | FOJAB\",\"isPartOf\":{\"@id\":\"https:\\\/\\\/fojab.se\\\/#website\"},\"primaryImageOfPage\":{\"@id\":\"https:\\\/\\\/fojab.se\\\/aktuellt\\\/fojab-pa-arkitekturfilmfestivalen\\\/#primaryimage\"},\"image\":{\"@id\":\"https:\\\/\\\/fojab.se\\\/aktuellt\\\/fojab-pa-arkitekturfilmfestivalen\\\/#primaryimage\"},\"thumbnailUrl\":\"https:\\\/\\\/media1.fojab.se\\\/2012\\\/10\\\/mark-i-tony-f.sune-n.-laila-s.-patrick-jpg1-scaled.jpg\",\"datePublished\":\"2012-10-09T11:00:34+00:00\",\"dateModified\":\"2019-11-29T10:33:50+00:00\",\"author\":{\"@id\":\"https:\\\/\\\/fojab.se\\\/#\\\/schema\\\/person\\\/5d07c69e3efdb8880196d961e851fb86\"},\"breadcrumb\":{\"@id\":\"https:\\\/\\\/fojab.se\\\/aktuellt\\\/fojab-pa-arkitekturfilmfestivalen\\\/#breadcrumb\"},\"inLanguage\":\"en-US\",\"potentialAction\":[{\"@type\":\"ReadAction\",\"target\":[\"https:\\\/\\\/fojab.se\\\/aktuellt\\\/fojab-pa-arkitekturfilmfestivalen\\\/\"]}]},{\"@type\":\"ImageObject\",\"inLanguage\":\"en-US\",\"@id\":\"https:\\\/\\\/fojab.se\\\/aktuellt\\\/fojab-pa-arkitekturfilmfestivalen\\\/#primaryimage\",\"url\":\"https:\\\/\\\/media1.fojab.se\\\/2012\\\/10\\\/mark-i-tony-f.sune-n.-laila-s.-patrick-jpg1-scaled.jpg\",\"contentUrl\":\"https:\\\/\\\/media1.fojab.se\\\/2012\\\/10\\\/mark-i-tony-f.sune-n.-laila-s.-patrick-jpg1-scaled.jpg\",\"width\":2560,\"height\":1920},{\"@type\":\"BreadcrumbList\",\"@id\":\"https:\\\/\\\/fojab.se\\\/aktuellt\\\/fojab-pa-arkitekturfilmfestivalen\\\/#breadcrumb\",\"itemListElement\":[{\"@type\":\"ListItem\",\"position\":1,\"name\":\"Hem\",\"item\":\"https:\\\/\\\/fojab.se\\\/\"},{\"@type\":\"ListItem\",\"position\":2,\"name\":\"FOJAB p\u00e5 Arkitekturfilmfestivalen\"}]},{\"@type\":\"WebSite\",\"@id\":\"https:\\\/\\\/fojab.se\\\/#website\",\"url\":\"https:\\\/\\\/fojab.se\\\/\",\"name\":\"FOJAB\",\"description\":\"\",\"potentialAction\":[{\"@type\":\"SearchAction\",\"target\":{\"@type\":\"EntryPoint\",\"urlTemplate\":\"https:\\\/\\\/fojab.se\\\/?s={search_term_string}\"},\"query-input\":{\"@type\":\"PropertyValueSpecification\",\"valueRequired\":true,\"valueName\":\"search_term_string\"}}],\"inLanguage\":\"en-US\"},{\"@type\":\"Person\",\"@id\":\"https:\\\/\\\/fojab.se\\\/#\\\/schema\\\/person\\\/5d07c69e3efdb8880196d961e851fb86\",\"name\":\"maximilian\",\"image\":{\"@type\":\"ImageObject\",\"inLanguage\":\"en-US\",\"@id\":\"https:\\\/\\\/secure.gravatar.com\\\/avatar\\\/221a1319eee7f463c0098eb135b71e1f0a2c5dc558b91c929d84e226525981d8?s=96&d=mm&r=g\",\"url\":\"https:\\\/\\\/secure.gravatar.com\\\/avatar\\\/221a1319eee7f463c0098eb135b71e1f0a2c5dc558b91c929d84e226525981d8?s=96&d=mm&r=g\",\"contentUrl\":\"https:\\\/\\\/secure.gravatar.com\\\/avatar\\\/221a1319eee7f463c0098eb135b71e1f0a2c5dc558b91c929d84e226525981d8?s=96&d=mm&r=g\",\"caption\":\"maximilian\"},\"url\":\"https:\\\/\\\/fojab.se\\\/en\\\/aktuellt\\\/author\\\/maximilian\\\/\"}]}<\/script>\n<!-- \/ Yoast SEO plugin. -->","yoast_head_json":{"title":"FOJAB at the Architecture Film Festival | FOJAB","robots":{"index":"index","follow":"follow","max-snippet":"max-snippet:-1","max-image-preview":"max-image-preview:large","max-video-preview":"max-video-preview:-1"},"canonical":"https:\/\/fojab.se\/en\/topical\/fojab-at-the-architecture-film-festival\/","og_locale":"en_US","og_type":"article","og_title":"FOJAB p\u00e5 Arkitekturfilmfestivalen | FOJAB","og_description":"Marco Pusterla fr\u00e5n FOJAB arkitekter debatterar aktuella stadsbyggnadsfr\u00e5gor i kv\u00e4llens panelsamtal p\u00e5 DocLounge, Mejeriet. Moderator \u00e4r Klas A. M. Eriksson, frist\u00e5ende debatt\u00f6r i stadsbyggnadsfr\u00e5gor och \u00f6vriga g\u00e4ster i panelen \u00e4r Per Svensson, journalist, Inga Hall\u00e9n, stadsbyggnadsdirektor Lunds kommun och Mats Hultman, Universitetslektor, studierektor Institutionen f\u00f6r arkitektur och byggd milj\u00f6 Lunds Universitet. Panelsamtalet h\u00e5lls i anslutning [&hellip;]","og_url":"https:\/\/fojab.se\/en\/topical\/fojab-at-the-architecture-film-festival\/","og_site_name":"FOJAB","article_published_time":"2012-10-09T11:00:34+00:00","article_modified_time":"2019-11-29T10:33:50+00:00","og_image":[{"width":2560,"height":1920,"url":"https:\/\/media1.fojab.se\/2012\/10\/mark-i-tony-f.sune-n.-laila-s.-patrick-jpg1-scaled.jpg","type":"image\/jpeg"}],"author":"maximilian","twitter_card":"summary_large_image","twitter_misc":{"Written by":"maximilian"},"schema":{"@context":"https:\/\/schema.org","@graph":[{"@type":"Article","@id":"https:\/\/fojab.se\/aktuellt\/fojab-pa-arkitekturfilmfestivalen\/#article","isPartOf":{"@id":"https:\/\/fojab.se\/aktuellt\/fojab-pa-arkitekturfilmfestivalen\/"},"author":{"name":"maximilian","@id":"https:\/\/fojab.se\/#\/schema\/person\/5d07c69e3efdb8880196d961e851fb86"},"headline":"FOJAB p\u00e5 Arkitekturfilmfestivalen","datePublished":"2012-10-09T11:00:34+00:00","dateModified":"2019-11-29T10:33:50+00:00","mainEntityOfPage":{"@id":"https:\/\/fojab.se\/aktuellt\/fojab-pa-arkitekturfilmfestivalen\/"},"wordCount":89,"commentCount":0,"image":{"@id":"https:\/\/fojab.se\/aktuellt\/fojab-pa-arkitekturfilmfestivalen\/#primaryimage"},"thumbnailUrl":"https:\/\/media1.fojab.se\/2012\/10\/mark-i-tony-f.sune-n.-laila-s.-patrick-jpg1-scaled.jpg","inLanguage":"en-US","potentialAction":[{"@type":"CommentAction","name":"Comment","target":["https:\/\/fojab.se\/aktuellt\/fojab-pa-arkitekturfilmfestivalen\/#respond"]}]},{"@type":"WebPage","@id":"https:\/\/fojab.se\/aktuellt\/fojab-pa-arkitekturfilmfestivalen\/","url":"https:\/\/fojab.se\/aktuellt\/fojab-pa-arkitekturfilmfestivalen\/","name":"FOJAB at the Architecture Film Festival | FOJAB","isPartOf":{"@id":"https:\/\/fojab.se\/#website"},"primaryImageOfPage":{"@id":"https:\/\/fojab.se\/aktuellt\/fojab-pa-arkitekturfilmfestivalen\/#primaryimage"},"image":{"@id":"https:\/\/fojab.se\/aktuellt\/fojab-pa-arkitekturfilmfestivalen\/#primaryimage"},"thumbnailUrl":"https:\/\/media1.fojab.se\/2012\/10\/mark-i-tony-f.sune-n.-laila-s.-patrick-jpg1-scaled.jpg","datePublished":"2012-10-09T11:00:34+00:00","dateModified":"2019-11-29T10:33:50+00:00","author":{"@id":"https:\/\/fojab.se\/#\/schema\/person\/5d07c69e3efdb8880196d961e851fb86"},"breadcrumb":{"@id":"https:\/\/fojab.se\/aktuellt\/fojab-pa-arkitekturfilmfestivalen\/#breadcrumb"},"inLanguage":"en-US","potentialAction":[{"@type":"ReadAction","target":["https:\/\/fojab.se\/aktuellt\/fojab-pa-arkitekturfilmfestivalen\/"]}]},{"@type":"ImageObject","inLanguage":"en-US","@id":"https:\/\/fojab.se\/aktuellt\/fojab-pa-arkitekturfilmfestivalen\/#primaryimage","url":"https:\/\/media1.fojab.se\/2012\/10\/mark-i-tony-f.sune-n.-laila-s.-patrick-jpg1-scaled.jpg","contentUrl":"https:\/\/media1.fojab.se\/2012\/10\/mark-i-tony-f.sune-n.-laila-s.-patrick-jpg1-scaled.jpg","width":2560,"height":1920},{"@type":"BreadcrumbList","@id":"https:\/\/fojab.se\/aktuellt\/fojab-pa-arkitekturfilmfestivalen\/#breadcrumb","itemListElement":[{"@type":"ListItem","position":1,"name":"Hem","item":"https:\/\/fojab.se\/"},{"@type":"ListItem","position":2,"name":"FOJAB p\u00e5 Arkitekturfilmfestivalen"}]},{"@type":"WebSite","@id":"https:\/\/fojab.se\/#website","url":"https:\/\/fojab.se\/","name":"FOJAB","description":"","potentialAction":[{"@type":"SearchAction","target":{"@type":"EntryPoint","urlTemplate":"https:\/\/fojab.se\/?s={search_term_string}"},"query-input":{"@type":"PropertyValueSpecification","valueRequired":true,"valueName":"search_term_string"}}],"inLanguage":"en-US"},{"@type":"Person","@id":"https:\/\/fojab.se\/#\/schema\/person\/5d07c69e3efdb8880196d961e851fb86","name":"Maximilian","image":{"@type":"ImageObject","inLanguage":"en-US","@id":"https:\/\/secure.gravatar.com\/avatar\/221a1319eee7f463c0098eb135b71e1f0a2c5dc558b91c929d84e226525981d8?s=96&d=mm&r=g","url":"https:\/\/secure.gravatar.com\/avatar\/221a1319eee7f463c0098eb135b71e1f0a2c5dc558b91c929d84e226525981d8?s=96&d=mm&r=g","contentUrl":"https:\/\/secure.gravatar.com\/avatar\/221a1319eee7f463c0098eb135b71e1f0a2c5dc558b91c929d84e226525981d8?s=96&d=mm&r=g","caption":"maximilian"},"url":"https:\/\/fojab.se\/en\/aktuellt\/author\/maximilian\/"}]}},"_links":{"self":[{"href":"https:\/\/fojab.se\/en\/wp-json\/wp\/v2\/posts\/2415","targetHints":{"allow":["GET"]}}],"collection":[{"href":"https:\/\/fojab.se\/en\/wp-json\/wp\/v2\/posts"}],"about":[{"href":"https:\/\/fojab.se\/en\/wp-json\/wp\/v2\/types\/post"}],"author":[{"embeddable":true,"href":"https:\/\/fojab.se\/en\/wp-json\/wp\/v2\/users\/1"}],"replies":[{"embeddable":true,"href":"https:\/\/fojab.se\/en\/wp-json\/wp\/v2\/comments?post=2415"}],"version-history":[{"count":1,"href":"https:\/\/fojab.se\/en\/wp-json\/wp\/v2\/posts\/2415\/revisions"}],"predecessor-version":[{"id":2417,"href":"https:\/\/fojab.se\/en\/wp-json\/wp\/v2\/posts\/2415\/revisions\/2417"}],"wp:featuredmedia":[{"embeddable":true,"href":"https:\/\/fojab.se\/en\/wp-json\/wp\/v2\/media\/4671"}],"wp:attachment":[{"href":"https:\/\/fojab.se\/en\/wp-json\/wp\/v2\/media?parent=2415"}],"wp:term":[{"taxonomy":"category","embeddable":true,"href":"https:\/\/fojab.se\/en\/wp-json\/wp\/v2\/categories?post=2415"},{"taxonomy":"post_tag","embeddable":true,"href":"https:\/\/fojab.se\/en\/wp-json\/wp\/v2\/tags?post=2415"}],"curies":[{"name":"wp","href":"https:\/\/api.w.org\/{rel}","templated":true}]}}