{"id":2377,"date":"2012-03-20T12:00:01","date_gmt":"2012-03-20T11:00:01","guid":{"rendered":"https:\/\/fojab.se\/?p=2377"},"modified":"2021-06-16T13:49:28","modified_gmt":"2021-06-16T12:49:28","slug":"malmos-new-super-silo-is-inaugurated","status":"publish","type":"post","link":"https:\/\/fojab.se\/en\/topical\/malmos-new-super-silo-is-inaugurated\/","title":{"rendered":"Malm\u00f6's new super silo is inaugurated"},"content":{"rendered":"<p><strong>On March 15, Cementa's new silo in Malm\u00f6's northern harbor was inaugurated by Ilmar Reepalu, Chairman of the City Council.<\/strong><\/p>\n<p>FOJAB has designed the new super silo which, with its diameter of 26 m and height of 93 m, is the second tallest building in Malm\u00f6 and one of the largest cement silo facilities in Europe. As Cementa leaves its site in Limhamn, it makes room for new housing, and the people of Limhamn are spared heavy transportation through the community.<\/p>\n<p>- The slip-formed cement tank has been linked to the surface-mounted transportation tower to create a coherent and shimmering white sculptural form. At the top is a lookout room that glows an intense blue at night, turning the silo into a lighthouse that can be seen from afar,\" says architect Greger Dahlstr\u00f6m.<\/p>","protected":false},"excerpt":{"rendered":"<p>Den 15:e mars invigdes Cementas nya silo i Malm\u00f6s norra hamn av kommunstyrelsens ordf\u00f6rande Ilmar Reepalu. FOJAB har utformat den nya supersilon som, med sin diameter p\u00e5 26 m och h\u00f6jd p\u00e5 93 m, \u00e4r Malm\u00f6s n\u00e4st h\u00f6gsta byggnad och en av de st\u00f6rsta cementsilo-anl\u00e4ggningarna i Europa.\u00a0N\u00e4r Cementa nu l\u00e4mnar sitt omr\u00e5de i Limhamn ger [&hellip;]<\/p>\n","protected":false},"author":1,"featured_media":2378,"comment_status":"open","ping_status":"open","sticky":false,"template":"","format":"standard","meta":{"_monsterinsights_skip_tracking":false,"_monsterinsights_sitenote_active":false,"_monsterinsights_sitenote_note":"","_monsterinsights_sitenote_category":0,"footnotes":""},"categories":[1],"tags":[],"class_list":["post-2377","post","type-post","status-publish","format-standard","has-post-thumbnail","hentry","category-uncategorized"],"acf":[],"yoast_head":"<!-- This site is optimized with the Yoast SEO plugin v27.5 - https:\/\/yoast.com\/product\/yoast-seo-wordpress\/ -->\n<title>Malm\u00f6s nya supersilo \u00e4r invigd | FOJAB<\/title>\n<meta name=\"robots\" content=\"index, follow, max-snippet:-1, max-image-preview:large, max-video-preview:-1\" \/>\n<link rel=\"canonical\" href=\"https:\/\/fojab.se\/en\/topical\/malmos-new-super-silo-is-inaugurated\/\" \/>\n<meta property=\"og:locale\" content=\"en_US\" \/>\n<meta property=\"og:type\" content=\"article\" \/>\n<meta property=\"og:title\" content=\"Malm\u00f6s nya supersilo \u00e4r invigd | FOJAB\" \/>\n<meta property=\"og:description\" content=\"Den 15:e mars invigdes Cementas nya silo i Malm\u00f6s norra hamn av kommunstyrelsens ordf\u00f6rande Ilmar Reepalu. FOJAB har utformat den nya supersilon som, med sin diameter p\u00e5 26 m och h\u00f6jd p\u00e5 93 m, \u00e4r Malm\u00f6s n\u00e4st h\u00f6gsta byggnad och en av de st\u00f6rsta cementsilo-anl\u00e4ggningarna i Europa.\u00a0N\u00e4r Cementa nu l\u00e4mnar sitt omr\u00e5de i Limhamn ger [&hellip;]\" \/>\n<meta property=\"og:url\" content=\"https:\/\/fojab.se\/en\/topical\/malmos-new-super-silo-is-inaugurated\/\" \/>\n<meta property=\"og:site_name\" content=\"FOJAB\" \/>\n<meta property=\"article:published_time\" content=\"2012-03-20T11:00:01+00:00\" \/>\n<meta property=\"article:modified_time\" content=\"2021-06-16T12:49:28+00:00\" \/>\n<meta property=\"og:image\" content=\"https:\/\/media1.fojab.se\/2019\/03\/2012-03-20-malmos-nya-supersilo-ar-invigd.jpg\" \/>\n\t<meta property=\"og:image:width\" content=\"800\" \/>\n\t<meta property=\"og:image:height\" content=\"514\" \/>\n\t<meta property=\"og:image:type\" content=\"image\/jpeg\" \/>\n<meta name=\"author\" content=\"maximilian\" \/>\n<meta name=\"twitter:card\" content=\"summary_large_image\" \/>\n<meta name=\"twitter:label1\" content=\"Written by\" \/>\n\t<meta name=\"twitter:data1\" content=\"maximilian\" \/>\n\t<meta name=\"twitter:label2\" content=\"Est. reading time\" \/>\n\t<meta name=\"twitter:data2\" content=\"1 minute\" \/>\n<script type=\"application\/ld+json\" class=\"yoast-schema-graph\">{\"@context\":\"https:\\\/\\\/schema.org\",\"@graph\":[{\"@type\":\"Article\",\"@id\":\"https:\\\/\\\/fojab.se\\\/aktuellt\\\/malmos-nya-supersilo-ar-invigd\\\/#article\",\"isPartOf\":{\"@id\":\"https:\\\/\\\/fojab.se\\\/aktuellt\\\/malmos-nya-supersilo-ar-invigd\\\/\"},\"author\":{\"name\":\"maximilian\",\"@id\":\"https:\\\/\\\/fojab.se\\\/#\\\/schema\\\/person\\\/5d07c69e3efdb8880196d961e851fb86\"},\"headline\":\"Malm\u00f6s nya supersilo \u00e4r invigd\",\"datePublished\":\"2012-03-20T11:00:01+00:00\",\"dateModified\":\"2021-06-16T12:49:28+00:00\",\"mainEntityOfPage\":{\"@id\":\"https:\\\/\\\/fojab.se\\\/aktuellt\\\/malmos-nya-supersilo-ar-invigd\\\/\"},\"wordCount\":136,\"commentCount\":0,\"image\":{\"@id\":\"https:\\\/\\\/fojab.se\\\/aktuellt\\\/malmos-nya-supersilo-ar-invigd\\\/#primaryimage\"},\"thumbnailUrl\":\"https:\\\/\\\/media1.fojab.se\\\/2019\\\/03\\\/2012-03-20-malmos-nya-supersilo-ar-invigd.jpg\",\"inLanguage\":\"en-US\",\"potentialAction\":[{\"@type\":\"CommentAction\",\"name\":\"Comment\",\"target\":[\"https:\\\/\\\/fojab.se\\\/aktuellt\\\/malmos-nya-supersilo-ar-invigd\\\/#respond\"]}]},{\"@type\":\"WebPage\",\"@id\":\"https:\\\/\\\/fojab.se\\\/aktuellt\\\/malmos-nya-supersilo-ar-invigd\\\/\",\"url\":\"https:\\\/\\\/fojab.se\\\/aktuellt\\\/malmos-nya-supersilo-ar-invigd\\\/\",\"name\":\"Malm\u00f6s nya supersilo \u00e4r invigd | FOJAB\",\"isPartOf\":{\"@id\":\"https:\\\/\\\/fojab.se\\\/#website\"},\"primaryImageOfPage\":{\"@id\":\"https:\\\/\\\/fojab.se\\\/aktuellt\\\/malmos-nya-supersilo-ar-invigd\\\/#primaryimage\"},\"image\":{\"@id\":\"https:\\\/\\\/fojab.se\\\/aktuellt\\\/malmos-nya-supersilo-ar-invigd\\\/#primaryimage\"},\"thumbnailUrl\":\"https:\\\/\\\/media1.fojab.se\\\/2019\\\/03\\\/2012-03-20-malmos-nya-supersilo-ar-invigd.jpg\",\"datePublished\":\"2012-03-20T11:00:01+00:00\",\"dateModified\":\"2021-06-16T12:49:28+00:00\",\"author\":{\"@id\":\"https:\\\/\\\/fojab.se\\\/#\\\/schema\\\/person\\\/5d07c69e3efdb8880196d961e851fb86\"},\"breadcrumb\":{\"@id\":\"https:\\\/\\\/fojab.se\\\/aktuellt\\\/malmos-nya-supersilo-ar-invigd\\\/#breadcrumb\"},\"inLanguage\":\"en-US\",\"potentialAction\":[{\"@type\":\"ReadAction\",\"target\":[\"https:\\\/\\\/fojab.se\\\/aktuellt\\\/malmos-nya-supersilo-ar-invigd\\\/\"]}]},{\"@type\":\"ImageObject\",\"inLanguage\":\"en-US\",\"@id\":\"https:\\\/\\\/fojab.se\\\/aktuellt\\\/malmos-nya-supersilo-ar-invigd\\\/#primaryimage\",\"url\":\"https:\\\/\\\/media1.fojab.se\\\/2019\\\/03\\\/2012-03-20-malmos-nya-supersilo-ar-invigd.jpg\",\"contentUrl\":\"https:\\\/\\\/media1.fojab.se\\\/2019\\\/03\\\/2012-03-20-malmos-nya-supersilo-ar-invigd.jpg\",\"width\":800,\"height\":514},{\"@type\":\"BreadcrumbList\",\"@id\":\"https:\\\/\\\/fojab.se\\\/aktuellt\\\/malmos-nya-supersilo-ar-invigd\\\/#breadcrumb\",\"itemListElement\":[{\"@type\":\"ListItem\",\"position\":1,\"name\":\"Hem\",\"item\":\"https:\\\/\\\/fojab.se\\\/\"},{\"@type\":\"ListItem\",\"position\":2,\"name\":\"Malm\u00f6s nya supersilo \u00e4r invigd\"}]},{\"@type\":\"WebSite\",\"@id\":\"https:\\\/\\\/fojab.se\\\/#website\",\"url\":\"https:\\\/\\\/fojab.se\\\/\",\"name\":\"FOJAB\",\"description\":\"\",\"potentialAction\":[{\"@type\":\"SearchAction\",\"target\":{\"@type\":\"EntryPoint\",\"urlTemplate\":\"https:\\\/\\\/fojab.se\\\/?s={search_term_string}\"},\"query-input\":{\"@type\":\"PropertyValueSpecification\",\"valueRequired\":true,\"valueName\":\"search_term_string\"}}],\"inLanguage\":\"en-US\"},{\"@type\":\"Person\",\"@id\":\"https:\\\/\\\/fojab.se\\\/#\\\/schema\\\/person\\\/5d07c69e3efdb8880196d961e851fb86\",\"name\":\"maximilian\",\"image\":{\"@type\":\"ImageObject\",\"inLanguage\":\"en-US\",\"@id\":\"https:\\\/\\\/secure.gravatar.com\\\/avatar\\\/221a1319eee7f463c0098eb135b71e1f0a2c5dc558b91c929d84e226525981d8?s=96&d=mm&r=g\",\"url\":\"https:\\\/\\\/secure.gravatar.com\\\/avatar\\\/221a1319eee7f463c0098eb135b71e1f0a2c5dc558b91c929d84e226525981d8?s=96&d=mm&r=g\",\"contentUrl\":\"https:\\\/\\\/secure.gravatar.com\\\/avatar\\\/221a1319eee7f463c0098eb135b71e1f0a2c5dc558b91c929d84e226525981d8?s=96&d=mm&r=g\",\"caption\":\"maximilian\"},\"url\":\"https:\\\/\\\/fojab.se\\\/en\\\/aktuellt\\\/author\\\/maximilian\\\/\"}]}<\/script>\n<!-- \/ Yoast SEO plugin. -->","yoast_head_json":{"title":"Malm\u00f6's new super silo is inaugurated | FOJAB","robots":{"index":"index","follow":"follow","max-snippet":"max-snippet:-1","max-image-preview":"max-image-preview:large","max-video-preview":"max-video-preview:-1"},"canonical":"https:\/\/fojab.se\/en\/topical\/malmos-new-super-silo-is-inaugurated\/","og_locale":"en_US","og_type":"article","og_title":"Malm\u00f6s nya supersilo \u00e4r invigd | FOJAB","og_description":"Den 15:e mars invigdes Cementas nya silo i Malm\u00f6s norra hamn av kommunstyrelsens ordf\u00f6rande Ilmar Reepalu. FOJAB har utformat den nya supersilon som, med sin diameter p\u00e5 26 m och h\u00f6jd p\u00e5 93 m, \u00e4r Malm\u00f6s n\u00e4st h\u00f6gsta byggnad och en av de st\u00f6rsta cementsilo-anl\u00e4ggningarna i Europa.\u00a0N\u00e4r Cementa nu l\u00e4mnar sitt omr\u00e5de i Limhamn ger [&hellip;]","og_url":"https:\/\/fojab.se\/en\/topical\/malmos-new-super-silo-is-inaugurated\/","og_site_name":"FOJAB","article_published_time":"2012-03-20T11:00:01+00:00","article_modified_time":"2021-06-16T12:49:28+00:00","og_image":[{"width":800,"height":514,"url":"https:\/\/media1.fojab.se\/2019\/03\/2012-03-20-malmos-nya-supersilo-ar-invigd.jpg","type":"image\/jpeg"}],"author":"maximilian","twitter_card":"summary_large_image","twitter_misc":{"Written by":"maximilian","Est. reading time":"1 minute"},"schema":{"@context":"https:\/\/schema.org","@graph":[{"@type":"Article","@id":"https:\/\/fojab.se\/aktuellt\/malmos-nya-supersilo-ar-invigd\/#article","isPartOf":{"@id":"https:\/\/fojab.se\/aktuellt\/malmos-nya-supersilo-ar-invigd\/"},"author":{"name":"maximilian","@id":"https:\/\/fojab.se\/#\/schema\/person\/5d07c69e3efdb8880196d961e851fb86"},"headline":"Malm\u00f6s nya supersilo \u00e4r invigd","datePublished":"2012-03-20T11:00:01+00:00","dateModified":"2021-06-16T12:49:28+00:00","mainEntityOfPage":{"@id":"https:\/\/fojab.se\/aktuellt\/malmos-nya-supersilo-ar-invigd\/"},"wordCount":136,"commentCount":0,"image":{"@id":"https:\/\/fojab.se\/aktuellt\/malmos-nya-supersilo-ar-invigd\/#primaryimage"},"thumbnailUrl":"https:\/\/media1.fojab.se\/2019\/03\/2012-03-20-malmos-nya-supersilo-ar-invigd.jpg","inLanguage":"en-US","potentialAction":[{"@type":"CommentAction","name":"Comment","target":["https:\/\/fojab.se\/aktuellt\/malmos-nya-supersilo-ar-invigd\/#respond"]}]},{"@type":"WebPage","@id":"https:\/\/fojab.se\/aktuellt\/malmos-nya-supersilo-ar-invigd\/","url":"https:\/\/fojab.se\/aktuellt\/malmos-nya-supersilo-ar-invigd\/","name":"Malm\u00f6's new super silo is inaugurated | FOJAB","isPartOf":{"@id":"https:\/\/fojab.se\/#website"},"primaryImageOfPage":{"@id":"https:\/\/fojab.se\/aktuellt\/malmos-nya-supersilo-ar-invigd\/#primaryimage"},"image":{"@id":"https:\/\/fojab.se\/aktuellt\/malmos-nya-supersilo-ar-invigd\/#primaryimage"},"thumbnailUrl":"https:\/\/media1.fojab.se\/2019\/03\/2012-03-20-malmos-nya-supersilo-ar-invigd.jpg","datePublished":"2012-03-20T11:00:01+00:00","dateModified":"2021-06-16T12:49:28+00:00","author":{"@id":"https:\/\/fojab.se\/#\/schema\/person\/5d07c69e3efdb8880196d961e851fb86"},"breadcrumb":{"@id":"https:\/\/fojab.se\/aktuellt\/malmos-nya-supersilo-ar-invigd\/#breadcrumb"},"inLanguage":"en-US","potentialAction":[{"@type":"ReadAction","target":["https:\/\/fojab.se\/aktuellt\/malmos-nya-supersilo-ar-invigd\/"]}]},{"@type":"ImageObject","inLanguage":"en-US","@id":"https:\/\/fojab.se\/aktuellt\/malmos-nya-supersilo-ar-invigd\/#primaryimage","url":"https:\/\/media1.fojab.se\/2019\/03\/2012-03-20-malmos-nya-supersilo-ar-invigd.jpg","contentUrl":"https:\/\/media1.fojab.se\/2019\/03\/2012-03-20-malmos-nya-supersilo-ar-invigd.jpg","width":800,"height":514},{"@type":"BreadcrumbList","@id":"https:\/\/fojab.se\/aktuellt\/malmos-nya-supersilo-ar-invigd\/#breadcrumb","itemListElement":[{"@type":"ListItem","position":1,"name":"Hem","item":"https:\/\/fojab.se\/"},{"@type":"ListItem","position":2,"name":"Malm\u00f6s nya supersilo \u00e4r invigd"}]},{"@type":"WebSite","@id":"https:\/\/fojab.se\/#website","url":"https:\/\/fojab.se\/","name":"FOJAB","description":"","potentialAction":[{"@type":"SearchAction","target":{"@type":"EntryPoint","urlTemplate":"https:\/\/fojab.se\/?s={search_term_string}"},"query-input":{"@type":"PropertyValueSpecification","valueRequired":true,"valueName":"search_term_string"}}],"inLanguage":"en-US"},{"@type":"Person","@id":"https:\/\/fojab.se\/#\/schema\/person\/5d07c69e3efdb8880196d961e851fb86","name":"Maximilian","image":{"@type":"ImageObject","inLanguage":"en-US","@id":"https:\/\/secure.gravatar.com\/avatar\/221a1319eee7f463c0098eb135b71e1f0a2c5dc558b91c929d84e226525981d8?s=96&d=mm&r=g","url":"https:\/\/secure.gravatar.com\/avatar\/221a1319eee7f463c0098eb135b71e1f0a2c5dc558b91c929d84e226525981d8?s=96&d=mm&r=g","contentUrl":"https:\/\/secure.gravatar.com\/avatar\/221a1319eee7f463c0098eb135b71e1f0a2c5dc558b91c929d84e226525981d8?s=96&d=mm&r=g","caption":"maximilian"},"url":"https:\/\/fojab.se\/en\/aktuellt\/author\/maximilian\/"}]}},"_links":{"self":[{"href":"https:\/\/fojab.se\/en\/wp-json\/wp\/v2\/posts\/2377","targetHints":{"allow":["GET"]}}],"collection":[{"href":"https:\/\/fojab.se\/en\/wp-json\/wp\/v2\/posts"}],"about":[{"href":"https:\/\/fojab.se\/en\/wp-json\/wp\/v2\/types\/post"}],"author":[{"embeddable":true,"href":"https:\/\/fojab.se\/en\/wp-json\/wp\/v2\/users\/1"}],"replies":[{"embeddable":true,"href":"https:\/\/fojab.se\/en\/wp-json\/wp\/v2\/comments?post=2377"}],"version-history":[{"count":3,"href":"https:\/\/fojab.se\/en\/wp-json\/wp\/v2\/posts\/2377\/revisions"}],"predecessor-version":[{"id":6716,"href":"https:\/\/fojab.se\/en\/wp-json\/wp\/v2\/posts\/2377\/revisions\/6716"}],"wp:featuredmedia":[{"embeddable":true,"href":"https:\/\/fojab.se\/en\/wp-json\/wp\/v2\/media\/2378"}],"wp:attachment":[{"href":"https:\/\/fojab.se\/en\/wp-json\/wp\/v2\/media?parent=2377"}],"wp:term":[{"taxonomy":"category","embeddable":true,"href":"https:\/\/fojab.se\/en\/wp-json\/wp\/v2\/categories?post=2377"},{"taxonomy":"post_tag","embeddable":true,"href":"https:\/\/fojab.se\/en\/wp-json\/wp\/v2\/tags?post=2377"}],"curies":[{"name":"wp","href":"https:\/\/api.w.org\/{rel}","templated":true}]}}