{"id":2301,"date":"2010-10-18T12:00:36","date_gmt":"2010-10-18T11:00:36","guid":{"rendered":"https:\/\/fojab.se\/?p=2301"},"modified":"2019-04-16T09:58:05","modified_gmt":"2019-04-16T08:58:05","slug":"daniel-nord-becomes-new-ceo-of-fojab","status":"publish","type":"post","link":"https:\/\/fojab.se\/en\/topical\/daniel-nord-becomes-new-ceo-of-fojab\/","title":{"rendered":"Daniel Nord becomes new CEO of FOJAB"},"content":{"rendered":"<p><strong>Daniel Nord, who is currently Deputy CEO of FOJAB AB, will take over as CEO of the company on November 1.<\/strong><\/p>\n<p>Daniel Nord has worked at FOJAB since 1998, both as an architect and in senior positions, and has been a partner since 2006. He will continue the work to develop and strengthen FOJAB's position among the country's leading architectural firms.<\/p>\n<p>- With his leadership skills, Daniel will make an excellent CEO,\" says Anders Alvemo, Chairman of the Board of FOJAB.<\/p>\n<p>- It is a great privilege and challenge to have the opportunity to lead FOJAB. My ambition is to further develop the company together with our talented employees. I feel strongly about the company's core values with good architecture, customer focus and responsibility on humanistic grounds as guiding stars, says Daniel Nord, incoming CEO of FOJAB and continues:<\/p>\n<p>- We will strengthen our core competence and complement it with related areas of knowledge. This means, among other things, that we will grow both organically and through acquisitions.<\/p>\n<p>Daniel Nord succeeds Bj\u00f6rn Wigelius who earlier this year announced to the board that he intends to step down and retire. He has been CEO since 1981 and under his leadership FOJAB has developed into one of southern Sweden's leading architectural firms.<\/p>\n<p>As of November 1, the group's management team will consist of:<br \/>\nDaniel Nord CEO FOJAB (parent company) and FOJAB coordinator, Ulf Kadefors CEO FOJAB arkitekter, Sune Nilsson CEO FOJAB design, Cecilia Pering Deputy CEO FOJAB arkitekter and Mattias Hedberg-Ek Deputy CEO FOJAB coordinator.<\/p>","protected":false},"excerpt":{"rendered":"<p>Daniel Nord, som idag \u00e4r vice VD f\u00f6r FOJAB AB, tilltr\u00e4der som VD f\u00f6r bolaget den 1 november. Daniel Nord har arbetat p\u00e5 FOJAB sedan 1998, b\u00e5de som arkitekt och i ledande befattningar och \u00e4r del\u00e4gare sedan 2006. Han kommer att forts\u00e4tta arbetet med att utveckla och st\u00e4rka FOJAB:s position bland landets ledande arkitektf\u00f6retag. \u2013 [&hellip;]<\/p>\n","protected":false},"author":1,"featured_media":2302,"comment_status":"open","ping_status":"open","sticky":false,"template":"","format":"standard","meta":{"_monsterinsights_skip_tracking":false,"_monsterinsights_sitenote_active":false,"_monsterinsights_sitenote_note":"","_monsterinsights_sitenote_category":0,"footnotes":""},"categories":[1],"tags":[],"class_list":["post-2301","post","type-post","status-publish","format-standard","has-post-thumbnail","hentry","category-uncategorized"],"acf":[],"yoast_head":"<!-- This site is optimized with the Yoast SEO plugin v27.5 - https:\/\/yoast.com\/product\/yoast-seo-wordpress\/ -->\n<title>Daniel Nord blir ny VD f\u00f6r FOJAB | FOJAB<\/title>\n<meta name=\"robots\" content=\"index, follow, max-snippet:-1, max-image-preview:large, max-video-preview:-1\" \/>\n<link rel=\"canonical\" href=\"https:\/\/fojab.se\/en\/topical\/daniel-nord-becomes-new-ceo-of-fojab\/\" \/>\n<meta property=\"og:locale\" content=\"en_US\" \/>\n<meta property=\"og:type\" content=\"article\" \/>\n<meta property=\"og:title\" content=\"Daniel Nord blir ny VD f\u00f6r FOJAB | FOJAB\" \/>\n<meta property=\"og:description\" content=\"Daniel Nord, som idag \u00e4r vice VD f\u00f6r FOJAB AB, tilltr\u00e4der som VD f\u00f6r bolaget den 1 november. Daniel Nord har arbetat p\u00e5 FOJAB sedan 1998, b\u00e5de som arkitekt och i ledande befattningar och \u00e4r del\u00e4gare sedan 2006. Han kommer att forts\u00e4tta arbetet med att utveckla och st\u00e4rka FOJAB:s position bland landets ledande arkitektf\u00f6retag. \u2013 [&hellip;]\" \/>\n<meta property=\"og:url\" content=\"https:\/\/fojab.se\/en\/topical\/daniel-nord-becomes-new-ceo-of-fojab\/\" \/>\n<meta property=\"og:site_name\" content=\"FOJAB\" \/>\n<meta property=\"article:published_time\" content=\"2010-10-18T11:00:36+00:00\" \/>\n<meta property=\"article:modified_time\" content=\"2019-04-16T08:58:05+00:00\" \/>\n<meta property=\"og:image\" content=\"https:\/\/media1.fojab.se\/2019\/03\/2010-10-18-daniel-nord-blir-ny-vd-for-fojab.jpg\" \/>\n\t<meta property=\"og:image:width\" content=\"1582\" \/>\n\t<meta property=\"og:image:height\" content=\"1130\" \/>\n\t<meta property=\"og:image:type\" content=\"image\/jpeg\" \/>\n<meta name=\"author\" content=\"maximilian\" \/>\n<meta name=\"twitter:card\" content=\"summary_large_image\" \/>\n<meta name=\"twitter:label1\" content=\"Written by\" \/>\n\t<meta name=\"twitter:data1\" content=\"maximilian\" \/>\n\t<meta name=\"twitter:label2\" content=\"Est. reading time\" \/>\n\t<meta name=\"twitter:data2\" content=\"1 minute\" \/>\n<script type=\"application\/ld+json\" class=\"yoast-schema-graph\">{\"@context\":\"https:\\\/\\\/schema.org\",\"@graph\":[{\"@type\":\"Article\",\"@id\":\"https:\\\/\\\/fojab.se\\\/aktuellt\\\/daniel-nord-blir-ny-vd-for-fojab\\\/#article\",\"isPartOf\":{\"@id\":\"https:\\\/\\\/fojab.se\\\/aktuellt\\\/daniel-nord-blir-ny-vd-for-fojab\\\/\"},\"author\":{\"name\":\"maximilian\",\"@id\":\"https:\\\/\\\/fojab.se\\\/#\\\/schema\\\/person\\\/5d07c69e3efdb8880196d961e851fb86\"},\"headline\":\"Daniel Nord blir ny VD f\u00f6r FOJAB\",\"datePublished\":\"2010-10-18T11:00:36+00:00\",\"dateModified\":\"2019-04-16T08:58:05+00:00\",\"mainEntityOfPage\":{\"@id\":\"https:\\\/\\\/fojab.se\\\/aktuellt\\\/daniel-nord-blir-ny-vd-for-fojab\\\/\"},\"wordCount\":279,\"commentCount\":0,\"image\":{\"@id\":\"https:\\\/\\\/fojab.se\\\/aktuellt\\\/daniel-nord-blir-ny-vd-for-fojab\\\/#primaryimage\"},\"thumbnailUrl\":\"https:\\\/\\\/media1.fojab.se\\\/2019\\\/03\\\/2010-10-18-daniel-nord-blir-ny-vd-for-fojab.jpg\",\"inLanguage\":\"en-US\",\"potentialAction\":[{\"@type\":\"CommentAction\",\"name\":\"Comment\",\"target\":[\"https:\\\/\\\/fojab.se\\\/aktuellt\\\/daniel-nord-blir-ny-vd-for-fojab\\\/#respond\"]}]},{\"@type\":\"WebPage\",\"@id\":\"https:\\\/\\\/fojab.se\\\/aktuellt\\\/daniel-nord-blir-ny-vd-for-fojab\\\/\",\"url\":\"https:\\\/\\\/fojab.se\\\/aktuellt\\\/daniel-nord-blir-ny-vd-for-fojab\\\/\",\"name\":\"Daniel Nord blir ny VD f\u00f6r FOJAB | FOJAB\",\"isPartOf\":{\"@id\":\"https:\\\/\\\/fojab.se\\\/#website\"},\"primaryImageOfPage\":{\"@id\":\"https:\\\/\\\/fojab.se\\\/aktuellt\\\/daniel-nord-blir-ny-vd-for-fojab\\\/#primaryimage\"},\"image\":{\"@id\":\"https:\\\/\\\/fojab.se\\\/aktuellt\\\/daniel-nord-blir-ny-vd-for-fojab\\\/#primaryimage\"},\"thumbnailUrl\":\"https:\\\/\\\/media1.fojab.se\\\/2019\\\/03\\\/2010-10-18-daniel-nord-blir-ny-vd-for-fojab.jpg\",\"datePublished\":\"2010-10-18T11:00:36+00:00\",\"dateModified\":\"2019-04-16T08:58:05+00:00\",\"author\":{\"@id\":\"https:\\\/\\\/fojab.se\\\/#\\\/schema\\\/person\\\/5d07c69e3efdb8880196d961e851fb86\"},\"breadcrumb\":{\"@id\":\"https:\\\/\\\/fojab.se\\\/aktuellt\\\/daniel-nord-blir-ny-vd-for-fojab\\\/#breadcrumb\"},\"inLanguage\":\"en-US\",\"potentialAction\":[{\"@type\":\"ReadAction\",\"target\":[\"https:\\\/\\\/fojab.se\\\/aktuellt\\\/daniel-nord-blir-ny-vd-for-fojab\\\/\"]}]},{\"@type\":\"ImageObject\",\"inLanguage\":\"en-US\",\"@id\":\"https:\\\/\\\/fojab.se\\\/aktuellt\\\/daniel-nord-blir-ny-vd-for-fojab\\\/#primaryimage\",\"url\":\"https:\\\/\\\/media1.fojab.se\\\/2019\\\/03\\\/2010-10-18-daniel-nord-blir-ny-vd-for-fojab.jpg\",\"contentUrl\":\"https:\\\/\\\/media1.fojab.se\\\/2019\\\/03\\\/2010-10-18-daniel-nord-blir-ny-vd-for-fojab.jpg\",\"width\":1582,\"height\":1130},{\"@type\":\"BreadcrumbList\",\"@id\":\"https:\\\/\\\/fojab.se\\\/aktuellt\\\/daniel-nord-blir-ny-vd-for-fojab\\\/#breadcrumb\",\"itemListElement\":[{\"@type\":\"ListItem\",\"position\":1,\"name\":\"Hem\",\"item\":\"https:\\\/\\\/fojab.se\\\/\"},{\"@type\":\"ListItem\",\"position\":2,\"name\":\"Daniel Nord blir ny VD f\u00f6r FOJAB\"}]},{\"@type\":\"WebSite\",\"@id\":\"https:\\\/\\\/fojab.se\\\/#website\",\"url\":\"https:\\\/\\\/fojab.se\\\/\",\"name\":\"FOJAB\",\"description\":\"\",\"potentialAction\":[{\"@type\":\"SearchAction\",\"target\":{\"@type\":\"EntryPoint\",\"urlTemplate\":\"https:\\\/\\\/fojab.se\\\/?s={search_term_string}\"},\"query-input\":{\"@type\":\"PropertyValueSpecification\",\"valueRequired\":true,\"valueName\":\"search_term_string\"}}],\"inLanguage\":\"en-US\"},{\"@type\":\"Person\",\"@id\":\"https:\\\/\\\/fojab.se\\\/#\\\/schema\\\/person\\\/5d07c69e3efdb8880196d961e851fb86\",\"name\":\"maximilian\",\"image\":{\"@type\":\"ImageObject\",\"inLanguage\":\"en-US\",\"@id\":\"https:\\\/\\\/secure.gravatar.com\\\/avatar\\\/221a1319eee7f463c0098eb135b71e1f0a2c5dc558b91c929d84e226525981d8?s=96&d=mm&r=g\",\"url\":\"https:\\\/\\\/secure.gravatar.com\\\/avatar\\\/221a1319eee7f463c0098eb135b71e1f0a2c5dc558b91c929d84e226525981d8?s=96&d=mm&r=g\",\"contentUrl\":\"https:\\\/\\\/secure.gravatar.com\\\/avatar\\\/221a1319eee7f463c0098eb135b71e1f0a2c5dc558b91c929d84e226525981d8?s=96&d=mm&r=g\",\"caption\":\"maximilian\"},\"url\":\"https:\\\/\\\/fojab.se\\\/en\\\/aktuellt\\\/author\\\/maximilian\\\/\"}]}<\/script>\n<!-- \/ Yoast SEO plugin. -->","yoast_head_json":{"title":"Daniel Nord becomes new CEO of FOJAB | FOJAB","robots":{"index":"index","follow":"follow","max-snippet":"max-snippet:-1","max-image-preview":"max-image-preview:large","max-video-preview":"max-video-preview:-1"},"canonical":"https:\/\/fojab.se\/en\/topical\/daniel-nord-becomes-new-ceo-of-fojab\/","og_locale":"en_US","og_type":"article","og_title":"Daniel Nord blir ny VD f\u00f6r FOJAB | FOJAB","og_description":"Daniel Nord, som idag \u00e4r vice VD f\u00f6r FOJAB AB, tilltr\u00e4der som VD f\u00f6r bolaget den 1 november. Daniel Nord har arbetat p\u00e5 FOJAB sedan 1998, b\u00e5de som arkitekt och i ledande befattningar och \u00e4r del\u00e4gare sedan 2006. Han kommer att forts\u00e4tta arbetet med att utveckla och st\u00e4rka FOJAB:s position bland landets ledande arkitektf\u00f6retag. \u2013 [&hellip;]","og_url":"https:\/\/fojab.se\/en\/topical\/daniel-nord-becomes-new-ceo-of-fojab\/","og_site_name":"FOJAB","article_published_time":"2010-10-18T11:00:36+00:00","article_modified_time":"2019-04-16T08:58:05+00:00","og_image":[{"width":1582,"height":1130,"url":"https:\/\/media1.fojab.se\/2019\/03\/2010-10-18-daniel-nord-blir-ny-vd-for-fojab.jpg","type":"image\/jpeg"}],"author":"maximilian","twitter_card":"summary_large_image","twitter_misc":{"Written by":"maximilian","Est. reading time":"1 minute"},"schema":{"@context":"https:\/\/schema.org","@graph":[{"@type":"Article","@id":"https:\/\/fojab.se\/aktuellt\/daniel-nord-blir-ny-vd-for-fojab\/#article","isPartOf":{"@id":"https:\/\/fojab.se\/aktuellt\/daniel-nord-blir-ny-vd-for-fojab\/"},"author":{"name":"maximilian","@id":"https:\/\/fojab.se\/#\/schema\/person\/5d07c69e3efdb8880196d961e851fb86"},"headline":"Daniel Nord blir ny VD f\u00f6r FOJAB","datePublished":"2010-10-18T11:00:36+00:00","dateModified":"2019-04-16T08:58:05+00:00","mainEntityOfPage":{"@id":"https:\/\/fojab.se\/aktuellt\/daniel-nord-blir-ny-vd-for-fojab\/"},"wordCount":279,"commentCount":0,"image":{"@id":"https:\/\/fojab.se\/aktuellt\/daniel-nord-blir-ny-vd-for-fojab\/#primaryimage"},"thumbnailUrl":"https:\/\/media1.fojab.se\/2019\/03\/2010-10-18-daniel-nord-blir-ny-vd-for-fojab.jpg","inLanguage":"en-US","potentialAction":[{"@type":"CommentAction","name":"Comment","target":["https:\/\/fojab.se\/aktuellt\/daniel-nord-blir-ny-vd-for-fojab\/#respond"]}]},{"@type":"WebPage","@id":"https:\/\/fojab.se\/aktuellt\/daniel-nord-blir-ny-vd-for-fojab\/","url":"https:\/\/fojab.se\/aktuellt\/daniel-nord-blir-ny-vd-for-fojab\/","name":"Daniel Nord becomes new CEO of FOJAB | FOJAB","isPartOf":{"@id":"https:\/\/fojab.se\/#website"},"primaryImageOfPage":{"@id":"https:\/\/fojab.se\/aktuellt\/daniel-nord-blir-ny-vd-for-fojab\/#primaryimage"},"image":{"@id":"https:\/\/fojab.se\/aktuellt\/daniel-nord-blir-ny-vd-for-fojab\/#primaryimage"},"thumbnailUrl":"https:\/\/media1.fojab.se\/2019\/03\/2010-10-18-daniel-nord-blir-ny-vd-for-fojab.jpg","datePublished":"2010-10-18T11:00:36+00:00","dateModified":"2019-04-16T08:58:05+00:00","author":{"@id":"https:\/\/fojab.se\/#\/schema\/person\/5d07c69e3efdb8880196d961e851fb86"},"breadcrumb":{"@id":"https:\/\/fojab.se\/aktuellt\/daniel-nord-blir-ny-vd-for-fojab\/#breadcrumb"},"inLanguage":"en-US","potentialAction":[{"@type":"ReadAction","target":["https:\/\/fojab.se\/aktuellt\/daniel-nord-blir-ny-vd-for-fojab\/"]}]},{"@type":"ImageObject","inLanguage":"en-US","@id":"https:\/\/fojab.se\/aktuellt\/daniel-nord-blir-ny-vd-for-fojab\/#primaryimage","url":"https:\/\/media1.fojab.se\/2019\/03\/2010-10-18-daniel-nord-blir-ny-vd-for-fojab.jpg","contentUrl":"https:\/\/media1.fojab.se\/2019\/03\/2010-10-18-daniel-nord-blir-ny-vd-for-fojab.jpg","width":1582,"height":1130},{"@type":"BreadcrumbList","@id":"https:\/\/fojab.se\/aktuellt\/daniel-nord-blir-ny-vd-for-fojab\/#breadcrumb","itemListElement":[{"@type":"ListItem","position":1,"name":"Hem","item":"https:\/\/fojab.se\/"},{"@type":"ListItem","position":2,"name":"Daniel Nord blir ny VD f\u00f6r FOJAB"}]},{"@type":"WebSite","@id":"https:\/\/fojab.se\/#website","url":"https:\/\/fojab.se\/","name":"FOJAB","description":"","potentialAction":[{"@type":"SearchAction","target":{"@type":"EntryPoint","urlTemplate":"https:\/\/fojab.se\/?s={search_term_string}"},"query-input":{"@type":"PropertyValueSpecification","valueRequired":true,"valueName":"search_term_string"}}],"inLanguage":"en-US"},{"@type":"Person","@id":"https:\/\/fojab.se\/#\/schema\/person\/5d07c69e3efdb8880196d961e851fb86","name":"Maximilian","image":{"@type":"ImageObject","inLanguage":"en-US","@id":"https:\/\/secure.gravatar.com\/avatar\/221a1319eee7f463c0098eb135b71e1f0a2c5dc558b91c929d84e226525981d8?s=96&d=mm&r=g","url":"https:\/\/secure.gravatar.com\/avatar\/221a1319eee7f463c0098eb135b71e1f0a2c5dc558b91c929d84e226525981d8?s=96&d=mm&r=g","contentUrl":"https:\/\/secure.gravatar.com\/avatar\/221a1319eee7f463c0098eb135b71e1f0a2c5dc558b91c929d84e226525981d8?s=96&d=mm&r=g","caption":"maximilian"},"url":"https:\/\/fojab.se\/en\/aktuellt\/author\/maximilian\/"}]}},"_links":{"self":[{"href":"https:\/\/fojab.se\/en\/wp-json\/wp\/v2\/posts\/2301","targetHints":{"allow":["GET"]}}],"collection":[{"href":"https:\/\/fojab.se\/en\/wp-json\/wp\/v2\/posts"}],"about":[{"href":"https:\/\/fojab.se\/en\/wp-json\/wp\/v2\/types\/post"}],"author":[{"embeddable":true,"href":"https:\/\/fojab.se\/en\/wp-json\/wp\/v2\/users\/1"}],"replies":[{"embeddable":true,"href":"https:\/\/fojab.se\/en\/wp-json\/wp\/v2\/comments?post=2301"}],"version-history":[{"count":2,"href":"https:\/\/fojab.se\/en\/wp-json\/wp\/v2\/posts\/2301\/revisions"}],"predecessor-version":[{"id":2339,"href":"https:\/\/fojab.se\/en\/wp-json\/wp\/v2\/posts\/2301\/revisions\/2339"}],"wp:featuredmedia":[{"embeddable":true,"href":"https:\/\/fojab.se\/en\/wp-json\/wp\/v2\/media\/2302"}],"wp:attachment":[{"href":"https:\/\/fojab.se\/en\/wp-json\/wp\/v2\/media?parent=2301"}],"wp:term":[{"taxonomy":"category","embeddable":true,"href":"https:\/\/fojab.se\/en\/wp-json\/wp\/v2\/categories?post=2301"},{"taxonomy":"post_tag","embeddable":true,"href":"https:\/\/fojab.se\/en\/wp-json\/wp\/v2\/tags?post=2301"}],"curies":[{"name":"wp","href":"https:\/\/api.w.org\/{rel}","templated":true}]}}