{"id":2295,"date":"2010-09-08T12:00:38","date_gmt":"2010-09-08T11:00:38","guid":{"rendered":"https:\/\/fojab.se\/?p=2295"},"modified":"2019-04-16T09:58:05","modified_gmt":"2019-04-16T08:58:05","slug":"attractive-and-controversial-city-plot-becomes-new-hub-in-malmo","status":"publish","type":"post","link":"https:\/\/fojab.se\/en\/topical\/attractive-and-controversial-city-plot-becomes-new-hub-in-malmo\/","title":{"rendered":"Attractive and controversial city plot becomes new hub in Malm\u00f6"},"content":{"rendered":"<p><strong>\"We are designing Malm\u00f6's new main entrance - in the middle of the city!\" This is how Pontus Teb\u00e4ck at FOJAB arkitekter describes the project at the City Tunnel's Triangle Station that he and his colleagues are tackling. The office has been commissioned to design the 58,000 square meter building in the Kaninen block.<\/strong><\/p>\n<p>What will greet the traveler above ground in 2013 is a new site with outdoor seating in front of a 12,000 square meter shopping center, 6,000 square meters of office space, 160 homes and 400 underground parking spaces.<\/p>\n<p>Per Aage Nilsson, who is responsible for the design, said:<br \/>\n- It is a large project with a high degree of complexity. Excavation will now begin after the holidays, followed by an intensive period of finalizing the design work in parallel with construction.  The retail elements build on the natural movement through the block, linking the new station site in the south with the Triangle and the pedestrian zone in the north.<\/p>\n<p>The centrally located Kaninen neighborhood has been the subject of debate and varying plans over the years. Everything from the 70's plans for Musikens hus and later Stadsbibliotek to what was actually built in the 80's - the hotel skyscraper and the Triangle shopping center. With NCC as developer and FOJAB as architect, the block is now completed as a strategic new hub in Malm\u00f6. Presentation pictures and in-depth information will be released in October.<\/p>","protected":false},"excerpt":{"rendered":"<p>&#8221;Vi ritar Malm\u00f6s nya huvudentr\u00e9 \u2013 mitt i staden!\u201d S\u00e5 beskriver Pontus Teb\u00e4ck p\u00e5 FOJAB arkitekter projektet vid Citytunnelns Triangelstation som han och kollegorna griper sig an. Kontoret har f\u00e5tt uppdraget att rita den totalt 58.000 kvm stora byggnaden i kvarteret Kaninen. Det som fram\u00e5t 2013 kommer att m\u00f6ta resen\u00e4ren ovan jord \u00e4r en ny [&hellip;]<\/p>\n","protected":false},"author":1,"featured_media":2296,"comment_status":"open","ping_status":"open","sticky":false,"template":"","format":"standard","meta":{"_monsterinsights_skip_tracking":false,"_monsterinsights_sitenote_active":false,"_monsterinsights_sitenote_note":"","_monsterinsights_sitenote_category":0,"footnotes":""},"categories":[1],"tags":[],"class_list":["post-2295","post","type-post","status-publish","format-standard","has-post-thumbnail","hentry","category-uncategorized"],"acf":[],"yoast_head":"<!-- This site is optimized with the Yoast SEO plugin v27.5 - https:\/\/yoast.com\/product\/yoast-seo-wordpress\/ -->\n<title>Attraktiv och omdebatterad citytomt blir nytt nav i Malm\u00f6 | FOJAB<\/title>\n<meta name=\"robots\" content=\"index, follow, max-snippet:-1, max-image-preview:large, max-video-preview:-1\" \/>\n<link rel=\"canonical\" href=\"https:\/\/fojab.se\/en\/topical\/attractive-and-controversial-city-plot-becomes-new-hub-in-malmo\/\" \/>\n<meta property=\"og:locale\" content=\"en_US\" \/>\n<meta property=\"og:type\" content=\"article\" \/>\n<meta property=\"og:title\" content=\"Attraktiv och omdebatterad citytomt blir nytt nav i Malm\u00f6 | FOJAB\" \/>\n<meta property=\"og:description\" content=\"&#8221;Vi ritar Malm\u00f6s nya huvudentr\u00e9 \u2013 mitt i staden!\u201d S\u00e5 beskriver Pontus Teb\u00e4ck p\u00e5 FOJAB arkitekter projektet vid Citytunnelns Triangelstation som han och kollegorna griper sig an. Kontoret har f\u00e5tt uppdraget att rita den totalt 58.000 kvm stora byggnaden i kvarteret Kaninen. Det som fram\u00e5t 2013 kommer att m\u00f6ta resen\u00e4ren ovan jord \u00e4r en ny [&hellip;]\" \/>\n<meta property=\"og:url\" content=\"https:\/\/fojab.se\/en\/topical\/attractive-and-controversial-city-plot-becomes-new-hub-in-malmo\/\" \/>\n<meta property=\"og:site_name\" content=\"FOJAB\" \/>\n<meta property=\"article:published_time\" content=\"2010-09-08T11:00:38+00:00\" \/>\n<meta property=\"article:modified_time\" content=\"2019-04-16T08:58:05+00:00\" \/>\n<meta property=\"og:image\" content=\"https:\/\/media1.fojab.se\/2019\/03\/2010-09-08-attraktiv-och-omdebatterad-citytomt-blir-nytt-nav-i-malmo.jpg\" \/>\n\t<meta property=\"og:image:width\" content=\"1277\" \/>\n\t<meta property=\"og:image:height\" content=\"850\" \/>\n\t<meta property=\"og:image:type\" content=\"image\/jpeg\" \/>\n<meta name=\"author\" content=\"maximilian\" \/>\n<meta name=\"twitter:card\" content=\"summary_large_image\" \/>\n<meta name=\"twitter:label1\" content=\"Written by\" \/>\n\t<meta name=\"twitter:data1\" content=\"maximilian\" \/>\n\t<meta name=\"twitter:label2\" content=\"Est. reading time\" \/>\n\t<meta name=\"twitter:data2\" content=\"1 minute\" \/>\n<script type=\"application\/ld+json\" class=\"yoast-schema-graph\">{\"@context\":\"https:\\\/\\\/schema.org\",\"@graph\":[{\"@type\":\"Article\",\"@id\":\"https:\\\/\\\/fojab.se\\\/aktuellt\\\/attraktiv-och-omdebatterad-citytomt-blir-nytt-nav-i-malmo\\\/#article\",\"isPartOf\":{\"@id\":\"https:\\\/\\\/fojab.se\\\/aktuellt\\\/attraktiv-och-omdebatterad-citytomt-blir-nytt-nav-i-malmo\\\/\"},\"author\":{\"name\":\"maximilian\",\"@id\":\"https:\\\/\\\/fojab.se\\\/#\\\/schema\\\/person\\\/5d07c69e3efdb8880196d961e851fb86\"},\"headline\":\"Attraktiv och omdebatterad citytomt blir nytt nav i Malm\u00f6\",\"datePublished\":\"2010-09-08T11:00:38+00:00\",\"dateModified\":\"2019-04-16T08:58:05+00:00\",\"mainEntityOfPage\":{\"@id\":\"https:\\\/\\\/fojab.se\\\/aktuellt\\\/attraktiv-och-omdebatterad-citytomt-blir-nytt-nav-i-malmo\\\/\"},\"wordCount\":235,\"commentCount\":0,\"image\":{\"@id\":\"https:\\\/\\\/fojab.se\\\/aktuellt\\\/attraktiv-och-omdebatterad-citytomt-blir-nytt-nav-i-malmo\\\/#primaryimage\"},\"thumbnailUrl\":\"https:\\\/\\\/media1.fojab.se\\\/2019\\\/03\\\/2010-09-08-attraktiv-och-omdebatterad-citytomt-blir-nytt-nav-i-malmo.jpg\",\"inLanguage\":\"en-US\",\"potentialAction\":[{\"@type\":\"CommentAction\",\"name\":\"Comment\",\"target\":[\"https:\\\/\\\/fojab.se\\\/aktuellt\\\/attraktiv-och-omdebatterad-citytomt-blir-nytt-nav-i-malmo\\\/#respond\"]}]},{\"@type\":\"WebPage\",\"@id\":\"https:\\\/\\\/fojab.se\\\/aktuellt\\\/attraktiv-och-omdebatterad-citytomt-blir-nytt-nav-i-malmo\\\/\",\"url\":\"https:\\\/\\\/fojab.se\\\/aktuellt\\\/attraktiv-och-omdebatterad-citytomt-blir-nytt-nav-i-malmo\\\/\",\"name\":\"Attraktiv och omdebatterad citytomt blir nytt nav i Malm\u00f6 | FOJAB\",\"isPartOf\":{\"@id\":\"https:\\\/\\\/fojab.se\\\/#website\"},\"primaryImageOfPage\":{\"@id\":\"https:\\\/\\\/fojab.se\\\/aktuellt\\\/attraktiv-och-omdebatterad-citytomt-blir-nytt-nav-i-malmo\\\/#primaryimage\"},\"image\":{\"@id\":\"https:\\\/\\\/fojab.se\\\/aktuellt\\\/attraktiv-och-omdebatterad-citytomt-blir-nytt-nav-i-malmo\\\/#primaryimage\"},\"thumbnailUrl\":\"https:\\\/\\\/media1.fojab.se\\\/2019\\\/03\\\/2010-09-08-attraktiv-och-omdebatterad-citytomt-blir-nytt-nav-i-malmo.jpg\",\"datePublished\":\"2010-09-08T11:00:38+00:00\",\"dateModified\":\"2019-04-16T08:58:05+00:00\",\"author\":{\"@id\":\"https:\\\/\\\/fojab.se\\\/#\\\/schema\\\/person\\\/5d07c69e3efdb8880196d961e851fb86\"},\"breadcrumb\":{\"@id\":\"https:\\\/\\\/fojab.se\\\/aktuellt\\\/attraktiv-och-omdebatterad-citytomt-blir-nytt-nav-i-malmo\\\/#breadcrumb\"},\"inLanguage\":\"en-US\",\"potentialAction\":[{\"@type\":\"ReadAction\",\"target\":[\"https:\\\/\\\/fojab.se\\\/aktuellt\\\/attraktiv-och-omdebatterad-citytomt-blir-nytt-nav-i-malmo\\\/\"]}]},{\"@type\":\"ImageObject\",\"inLanguage\":\"en-US\",\"@id\":\"https:\\\/\\\/fojab.se\\\/aktuellt\\\/attraktiv-och-omdebatterad-citytomt-blir-nytt-nav-i-malmo\\\/#primaryimage\",\"url\":\"https:\\\/\\\/media1.fojab.se\\\/2019\\\/03\\\/2010-09-08-attraktiv-och-omdebatterad-citytomt-blir-nytt-nav-i-malmo.jpg\",\"contentUrl\":\"https:\\\/\\\/media1.fojab.se\\\/2019\\\/03\\\/2010-09-08-attraktiv-och-omdebatterad-citytomt-blir-nytt-nav-i-malmo.jpg\",\"width\":1277,\"height\":850},{\"@type\":\"BreadcrumbList\",\"@id\":\"https:\\\/\\\/fojab.se\\\/aktuellt\\\/attraktiv-och-omdebatterad-citytomt-blir-nytt-nav-i-malmo\\\/#breadcrumb\",\"itemListElement\":[{\"@type\":\"ListItem\",\"position\":1,\"name\":\"Hem\",\"item\":\"https:\\\/\\\/fojab.se\\\/\"},{\"@type\":\"ListItem\",\"position\":2,\"name\":\"Attraktiv och omdebatterad citytomt blir nytt nav i Malm\u00f6\"}]},{\"@type\":\"WebSite\",\"@id\":\"https:\\\/\\\/fojab.se\\\/#website\",\"url\":\"https:\\\/\\\/fojab.se\\\/\",\"name\":\"FOJAB\",\"description\":\"\",\"potentialAction\":[{\"@type\":\"SearchAction\",\"target\":{\"@type\":\"EntryPoint\",\"urlTemplate\":\"https:\\\/\\\/fojab.se\\\/?s={search_term_string}\"},\"query-input\":{\"@type\":\"PropertyValueSpecification\",\"valueRequired\":true,\"valueName\":\"search_term_string\"}}],\"inLanguage\":\"en-US\"},{\"@type\":\"Person\",\"@id\":\"https:\\\/\\\/fojab.se\\\/#\\\/schema\\\/person\\\/5d07c69e3efdb8880196d961e851fb86\",\"name\":\"maximilian\",\"image\":{\"@type\":\"ImageObject\",\"inLanguage\":\"en-US\",\"@id\":\"https:\\\/\\\/secure.gravatar.com\\\/avatar\\\/221a1319eee7f463c0098eb135b71e1f0a2c5dc558b91c929d84e226525981d8?s=96&d=mm&r=g\",\"url\":\"https:\\\/\\\/secure.gravatar.com\\\/avatar\\\/221a1319eee7f463c0098eb135b71e1f0a2c5dc558b91c929d84e226525981d8?s=96&d=mm&r=g\",\"contentUrl\":\"https:\\\/\\\/secure.gravatar.com\\\/avatar\\\/221a1319eee7f463c0098eb135b71e1f0a2c5dc558b91c929d84e226525981d8?s=96&d=mm&r=g\",\"caption\":\"maximilian\"},\"url\":\"https:\\\/\\\/fojab.se\\\/en\\\/aktuellt\\\/author\\\/maximilian\\\/\"}]}<\/script>\n<!-- \/ Yoast SEO plugin. -->","yoast_head_json":{"title":"Attractive and controversial city plot becomes new hub in Malm\u00f6 | FOJAB","robots":{"index":"index","follow":"follow","max-snippet":"max-snippet:-1","max-image-preview":"max-image-preview:large","max-video-preview":"max-video-preview:-1"},"canonical":"https:\/\/fojab.se\/en\/topical\/attractive-and-controversial-city-plot-becomes-new-hub-in-malmo\/","og_locale":"en_US","og_type":"article","og_title":"Attraktiv och omdebatterad citytomt blir nytt nav i Malm\u00f6 | FOJAB","og_description":"&#8221;Vi ritar Malm\u00f6s nya huvudentr\u00e9 \u2013 mitt i staden!\u201d S\u00e5 beskriver Pontus Teb\u00e4ck p\u00e5 FOJAB arkitekter projektet vid Citytunnelns Triangelstation som han och kollegorna griper sig an. Kontoret har f\u00e5tt uppdraget att rita den totalt 58.000 kvm stora byggnaden i kvarteret Kaninen. Det som fram\u00e5t 2013 kommer att m\u00f6ta resen\u00e4ren ovan jord \u00e4r en ny [&hellip;]","og_url":"https:\/\/fojab.se\/en\/topical\/attractive-and-controversial-city-plot-becomes-new-hub-in-malmo\/","og_site_name":"FOJAB","article_published_time":"2010-09-08T11:00:38+00:00","article_modified_time":"2019-04-16T08:58:05+00:00","og_image":[{"width":1277,"height":850,"url":"https:\/\/media1.fojab.se\/2019\/03\/2010-09-08-attraktiv-och-omdebatterad-citytomt-blir-nytt-nav-i-malmo.jpg","type":"image\/jpeg"}],"author":"maximilian","twitter_card":"summary_large_image","twitter_misc":{"Written by":"maximilian","Est. reading time":"1 minute"},"schema":{"@context":"https:\/\/schema.org","@graph":[{"@type":"Article","@id":"https:\/\/fojab.se\/aktuellt\/attraktiv-och-omdebatterad-citytomt-blir-nytt-nav-i-malmo\/#article","isPartOf":{"@id":"https:\/\/fojab.se\/aktuellt\/attraktiv-och-omdebatterad-citytomt-blir-nytt-nav-i-malmo\/"},"author":{"name":"maximilian","@id":"https:\/\/fojab.se\/#\/schema\/person\/5d07c69e3efdb8880196d961e851fb86"},"headline":"Attraktiv och omdebatterad citytomt blir nytt nav i Malm\u00f6","datePublished":"2010-09-08T11:00:38+00:00","dateModified":"2019-04-16T08:58:05+00:00","mainEntityOfPage":{"@id":"https:\/\/fojab.se\/aktuellt\/attraktiv-och-omdebatterad-citytomt-blir-nytt-nav-i-malmo\/"},"wordCount":235,"commentCount":0,"image":{"@id":"https:\/\/fojab.se\/aktuellt\/attraktiv-och-omdebatterad-citytomt-blir-nytt-nav-i-malmo\/#primaryimage"},"thumbnailUrl":"https:\/\/media1.fojab.se\/2019\/03\/2010-09-08-attraktiv-och-omdebatterad-citytomt-blir-nytt-nav-i-malmo.jpg","inLanguage":"en-US","potentialAction":[{"@type":"CommentAction","name":"Comment","target":["https:\/\/fojab.se\/aktuellt\/attraktiv-och-omdebatterad-citytomt-blir-nytt-nav-i-malmo\/#respond"]}]},{"@type":"WebPage","@id":"https:\/\/fojab.se\/aktuellt\/attraktiv-och-omdebatterad-citytomt-blir-nytt-nav-i-malmo\/","url":"https:\/\/fojab.se\/aktuellt\/attraktiv-och-omdebatterad-citytomt-blir-nytt-nav-i-malmo\/","name":"Attractive and controversial city plot becomes new hub in Malm\u00f6 | FOJAB","isPartOf":{"@id":"https:\/\/fojab.se\/#website"},"primaryImageOfPage":{"@id":"https:\/\/fojab.se\/aktuellt\/attraktiv-och-omdebatterad-citytomt-blir-nytt-nav-i-malmo\/#primaryimage"},"image":{"@id":"https:\/\/fojab.se\/aktuellt\/attraktiv-och-omdebatterad-citytomt-blir-nytt-nav-i-malmo\/#primaryimage"},"thumbnailUrl":"https:\/\/media1.fojab.se\/2019\/03\/2010-09-08-attraktiv-och-omdebatterad-citytomt-blir-nytt-nav-i-malmo.jpg","datePublished":"2010-09-08T11:00:38+00:00","dateModified":"2019-04-16T08:58:05+00:00","author":{"@id":"https:\/\/fojab.se\/#\/schema\/person\/5d07c69e3efdb8880196d961e851fb86"},"breadcrumb":{"@id":"https:\/\/fojab.se\/aktuellt\/attraktiv-och-omdebatterad-citytomt-blir-nytt-nav-i-malmo\/#breadcrumb"},"inLanguage":"en-US","potentialAction":[{"@type":"ReadAction","target":["https:\/\/fojab.se\/aktuellt\/attraktiv-och-omdebatterad-citytomt-blir-nytt-nav-i-malmo\/"]}]},{"@type":"ImageObject","inLanguage":"en-US","@id":"https:\/\/fojab.se\/aktuellt\/attraktiv-och-omdebatterad-citytomt-blir-nytt-nav-i-malmo\/#primaryimage","url":"https:\/\/media1.fojab.se\/2019\/03\/2010-09-08-attraktiv-och-omdebatterad-citytomt-blir-nytt-nav-i-malmo.jpg","contentUrl":"https:\/\/media1.fojab.se\/2019\/03\/2010-09-08-attraktiv-och-omdebatterad-citytomt-blir-nytt-nav-i-malmo.jpg","width":1277,"height":850},{"@type":"BreadcrumbList","@id":"https:\/\/fojab.se\/aktuellt\/attraktiv-och-omdebatterad-citytomt-blir-nytt-nav-i-malmo\/#breadcrumb","itemListElement":[{"@type":"ListItem","position":1,"name":"Hem","item":"https:\/\/fojab.se\/"},{"@type":"ListItem","position":2,"name":"Attraktiv och omdebatterad citytomt blir nytt nav i Malm\u00f6"}]},{"@type":"WebSite","@id":"https:\/\/fojab.se\/#website","url":"https:\/\/fojab.se\/","name":"FOJAB","description":"","potentialAction":[{"@type":"SearchAction","target":{"@type":"EntryPoint","urlTemplate":"https:\/\/fojab.se\/?s={search_term_string}"},"query-input":{"@type":"PropertyValueSpecification","valueRequired":true,"valueName":"search_term_string"}}],"inLanguage":"en-US"},{"@type":"Person","@id":"https:\/\/fojab.se\/#\/schema\/person\/5d07c69e3efdb8880196d961e851fb86","name":"Maximilian","image":{"@type":"ImageObject","inLanguage":"en-US","@id":"https:\/\/secure.gravatar.com\/avatar\/221a1319eee7f463c0098eb135b71e1f0a2c5dc558b91c929d84e226525981d8?s=96&d=mm&r=g","url":"https:\/\/secure.gravatar.com\/avatar\/221a1319eee7f463c0098eb135b71e1f0a2c5dc558b91c929d84e226525981d8?s=96&d=mm&r=g","contentUrl":"https:\/\/secure.gravatar.com\/avatar\/221a1319eee7f463c0098eb135b71e1f0a2c5dc558b91c929d84e226525981d8?s=96&d=mm&r=g","caption":"maximilian"},"url":"https:\/\/fojab.se\/en\/aktuellt\/author\/maximilian\/"}]}},"_links":{"self":[{"href":"https:\/\/fojab.se\/en\/wp-json\/wp\/v2\/posts\/2295","targetHints":{"allow":["GET"]}}],"collection":[{"href":"https:\/\/fojab.se\/en\/wp-json\/wp\/v2\/posts"}],"about":[{"href":"https:\/\/fojab.se\/en\/wp-json\/wp\/v2\/types\/post"}],"author":[{"embeddable":true,"href":"https:\/\/fojab.se\/en\/wp-json\/wp\/v2\/users\/1"}],"replies":[{"embeddable":true,"href":"https:\/\/fojab.se\/en\/wp-json\/wp\/v2\/comments?post=2295"}],"version-history":[{"count":2,"href":"https:\/\/fojab.se\/en\/wp-json\/wp\/v2\/posts\/2295\/revisions"}],"predecessor-version":[{"id":2342,"href":"https:\/\/fojab.se\/en\/wp-json\/wp\/v2\/posts\/2295\/revisions\/2342"}],"wp:featuredmedia":[{"embeddable":true,"href":"https:\/\/fojab.se\/en\/wp-json\/wp\/v2\/media\/2296"}],"wp:attachment":[{"href":"https:\/\/fojab.se\/en\/wp-json\/wp\/v2\/media?parent=2295"}],"wp:term":[{"taxonomy":"category","embeddable":true,"href":"https:\/\/fojab.se\/en\/wp-json\/wp\/v2\/categories?post=2295"},{"taxonomy":"post_tag","embeddable":true,"href":"https:\/\/fojab.se\/en\/wp-json\/wp\/v2\/tags?post=2295"}],"curies":[{"name":"wp","href":"https:\/\/api.w.org\/{rel}","templated":true}]}}