{"id":2282,"date":"2010-02-05T12:00:03","date_gmt":"2010-02-05T11:00:03","guid":{"rendered":"https:\/\/fojab.se\/?p=2282"},"modified":"2019-04-16T09:58:05","modified_gmt":"2019-04-16T08:58:05","slug":"first-prize-europan-10-lerum","status":"publish","type":"post","link":"https:\/\/fojab.se\/en\/topical\/first-prize-europan-10-lerum\/","title":{"rendered":"First prize Europan 10 - Lerum"},"content":{"rendered":"<p>Marco Pusterla of FOJAB architects in collaboration with Jes\u00fas Mateo (Zero architects) has won first prize in the Europan competition in Lerum.<\/p>\n<p>(Europan is an international competition for architects under 40).<\/p>\n<p><a href=\"http:\/\/www.europan.se\/\" target=\"_blank\" rel=\"noopener noreferrer\">http:\/\/www.europan.se<\/a><br \/>\n<a href=\"http:\/\/lerum-europan.blogspot.com\/\" target=\"_blank\" rel=\"noopener noreferrer\">http:\/\/lerum-europan.blogspot.com<\/a><\/p>","protected":false},"excerpt":{"rendered":"<p>Marco Pusterla of FOJAB architects in collaboration with Jes\u00fas Mateo (Zero architects) has won first prize in the Europan competition in Lerum. (Europan is an international competition for architects under the age of 40). http:\/\/www.europan.se http:\/\/lerum-europan.blogspot.com<\/p>","protected":false},"author":1,"featured_media":2283,"comment_status":"open","ping_status":"open","sticky":false,"template":"","format":"standard","meta":{"_monsterinsights_skip_tracking":false,"_monsterinsights_sitenote_active":false,"_monsterinsights_sitenote_note":"","_monsterinsights_sitenote_category":0,"footnotes":""},"categories":[1],"tags":[],"class_list":["post-2282","post","type-post","status-publish","format-standard","has-post-thumbnail","hentry","category-uncategorized"],"acf":[],"yoast_head":"<!-- This site is optimized with the Yoast SEO plugin v27.5 - https:\/\/yoast.com\/product\/yoast-seo-wordpress\/ -->\n<title>F\u00f6rsta pris Europan 10 \u2013 Lerum | FOJAB<\/title>\n<meta name=\"robots\" content=\"index, follow, max-snippet:-1, max-image-preview:large, max-video-preview:-1\" \/>\n<link rel=\"canonical\" href=\"https:\/\/fojab.se\/en\/topical\/first-prize-europan-10-lerum\/\" \/>\n<meta property=\"og:locale\" content=\"en_US\" \/>\n<meta property=\"og:type\" content=\"article\" \/>\n<meta property=\"og:title\" content=\"F\u00f6rsta pris Europan 10 \u2013 Lerum | FOJAB\" \/>\n<meta property=\"og:description\" content=\"Marco Pusterla p\u00e5 FOJAB arkitekter i samarbete med Jes\u00fas Mateo (Zero architects) har vunnit f\u00f6rsta pris i Europan t\u00e4vlingen i Lerum. (Europan \u00e4r en internationell t\u00e4vling f\u00f6r arkitekter under 40 \u00e5r). http:\/\/www.europan.se http:\/\/lerum-europan.blogspot.com\" \/>\n<meta property=\"og:url\" content=\"https:\/\/fojab.se\/en\/topical\/first-prize-europan-10-lerum\/\" \/>\n<meta property=\"og:site_name\" content=\"FOJAB\" \/>\n<meta property=\"article:published_time\" content=\"2010-02-05T11:00:03+00:00\" \/>\n<meta property=\"article:modified_time\" content=\"2019-04-16T08:58:05+00:00\" \/>\n<meta property=\"og:image\" content=\"https:\/\/media1.fojab.se\/2019\/03\/2010-02-05-forsta-pris-europan-10-lerum.jpg\" \/>\n\t<meta property=\"og:image:width\" content=\"800\" \/>\n\t<meta property=\"og:image:height\" content=\"616\" \/>\n\t<meta property=\"og:image:type\" content=\"image\/jpeg\" \/>\n<meta name=\"author\" content=\"maximilian\" \/>\n<meta name=\"twitter:card\" content=\"summary_large_image\" \/>\n<meta name=\"twitter:label1\" content=\"Written by\" \/>\n\t<meta name=\"twitter:data1\" content=\"maximilian\" \/>\n<script type=\"application\/ld+json\" class=\"yoast-schema-graph\">{\"@context\":\"https:\\\/\\\/schema.org\",\"@graph\":[{\"@type\":\"Article\",\"@id\":\"https:\\\/\\\/fojab.se\\\/aktuellt\\\/forsta-pris-europan-10-lerum\\\/#article\",\"isPartOf\":{\"@id\":\"https:\\\/\\\/fojab.se\\\/aktuellt\\\/forsta-pris-europan-10-lerum\\\/\"},\"author\":{\"name\":\"maximilian\",\"@id\":\"https:\\\/\\\/fojab.se\\\/#\\\/schema\\\/person\\\/5d07c69e3efdb8880196d961e851fb86\"},\"headline\":\"F\u00f6rsta pris Europan 10 \u2013 Lerum\",\"datePublished\":\"2010-02-05T11:00:03+00:00\",\"dateModified\":\"2019-04-16T08:58:05+00:00\",\"mainEntityOfPage\":{\"@id\":\"https:\\\/\\\/fojab.se\\\/aktuellt\\\/forsta-pris-europan-10-lerum\\\/\"},\"wordCount\":48,\"commentCount\":0,\"image\":{\"@id\":\"https:\\\/\\\/fojab.se\\\/aktuellt\\\/forsta-pris-europan-10-lerum\\\/#primaryimage\"},\"thumbnailUrl\":\"https:\\\/\\\/media1.fojab.se\\\/2019\\\/03\\\/2010-02-05-forsta-pris-europan-10-lerum.jpg\",\"inLanguage\":\"en-US\",\"potentialAction\":[{\"@type\":\"CommentAction\",\"name\":\"Comment\",\"target\":[\"https:\\\/\\\/fojab.se\\\/aktuellt\\\/forsta-pris-europan-10-lerum\\\/#respond\"]}]},{\"@type\":\"WebPage\",\"@id\":\"https:\\\/\\\/fojab.se\\\/aktuellt\\\/forsta-pris-europan-10-lerum\\\/\",\"url\":\"https:\\\/\\\/fojab.se\\\/aktuellt\\\/forsta-pris-europan-10-lerum\\\/\",\"name\":\"F\u00f6rsta pris Europan 10 \u2013 Lerum | FOJAB\",\"isPartOf\":{\"@id\":\"https:\\\/\\\/fojab.se\\\/#website\"},\"primaryImageOfPage\":{\"@id\":\"https:\\\/\\\/fojab.se\\\/aktuellt\\\/forsta-pris-europan-10-lerum\\\/#primaryimage\"},\"image\":{\"@id\":\"https:\\\/\\\/fojab.se\\\/aktuellt\\\/forsta-pris-europan-10-lerum\\\/#primaryimage\"},\"thumbnailUrl\":\"https:\\\/\\\/media1.fojab.se\\\/2019\\\/03\\\/2010-02-05-forsta-pris-europan-10-lerum.jpg\",\"datePublished\":\"2010-02-05T11:00:03+00:00\",\"dateModified\":\"2019-04-16T08:58:05+00:00\",\"author\":{\"@id\":\"https:\\\/\\\/fojab.se\\\/#\\\/schema\\\/person\\\/5d07c69e3efdb8880196d961e851fb86\"},\"breadcrumb\":{\"@id\":\"https:\\\/\\\/fojab.se\\\/aktuellt\\\/forsta-pris-europan-10-lerum\\\/#breadcrumb\"},\"inLanguage\":\"en-US\",\"potentialAction\":[{\"@type\":\"ReadAction\",\"target\":[\"https:\\\/\\\/fojab.se\\\/aktuellt\\\/forsta-pris-europan-10-lerum\\\/\"]}]},{\"@type\":\"ImageObject\",\"inLanguage\":\"en-US\",\"@id\":\"https:\\\/\\\/fojab.se\\\/aktuellt\\\/forsta-pris-europan-10-lerum\\\/#primaryimage\",\"url\":\"https:\\\/\\\/media1.fojab.se\\\/2019\\\/03\\\/2010-02-05-forsta-pris-europan-10-lerum.jpg\",\"contentUrl\":\"https:\\\/\\\/media1.fojab.se\\\/2019\\\/03\\\/2010-02-05-forsta-pris-europan-10-lerum.jpg\",\"width\":800,\"height\":616},{\"@type\":\"BreadcrumbList\",\"@id\":\"https:\\\/\\\/fojab.se\\\/aktuellt\\\/forsta-pris-europan-10-lerum\\\/#breadcrumb\",\"itemListElement\":[{\"@type\":\"ListItem\",\"position\":1,\"name\":\"Hem\",\"item\":\"https:\\\/\\\/fojab.se\\\/\"},{\"@type\":\"ListItem\",\"position\":2,\"name\":\"F\u00f6rsta pris Europan 10 \u2013 Lerum\"}]},{\"@type\":\"WebSite\",\"@id\":\"https:\\\/\\\/fojab.se\\\/#website\",\"url\":\"https:\\\/\\\/fojab.se\\\/\",\"name\":\"FOJAB\",\"description\":\"\",\"potentialAction\":[{\"@type\":\"SearchAction\",\"target\":{\"@type\":\"EntryPoint\",\"urlTemplate\":\"https:\\\/\\\/fojab.se\\\/?s={search_term_string}\"},\"query-input\":{\"@type\":\"PropertyValueSpecification\",\"valueRequired\":true,\"valueName\":\"search_term_string\"}}],\"inLanguage\":\"en-US\"},{\"@type\":\"Person\",\"@id\":\"https:\\\/\\\/fojab.se\\\/#\\\/schema\\\/person\\\/5d07c69e3efdb8880196d961e851fb86\",\"name\":\"maximilian\",\"image\":{\"@type\":\"ImageObject\",\"inLanguage\":\"en-US\",\"@id\":\"https:\\\/\\\/secure.gravatar.com\\\/avatar\\\/221a1319eee7f463c0098eb135b71e1f0a2c5dc558b91c929d84e226525981d8?s=96&d=mm&r=g\",\"url\":\"https:\\\/\\\/secure.gravatar.com\\\/avatar\\\/221a1319eee7f463c0098eb135b71e1f0a2c5dc558b91c929d84e226525981d8?s=96&d=mm&r=g\",\"contentUrl\":\"https:\\\/\\\/secure.gravatar.com\\\/avatar\\\/221a1319eee7f463c0098eb135b71e1f0a2c5dc558b91c929d84e226525981d8?s=96&d=mm&r=g\",\"caption\":\"maximilian\"},\"url\":\"https:\\\/\\\/fojab.se\\\/en\\\/aktuellt\\\/author\\\/maximilian\\\/\"}]}<\/script>\n<!-- \/ Yoast SEO plugin. -->","yoast_head_json":{"title":"First prize Europan 10 - Lerum | FOJAB","robots":{"index":"index","follow":"follow","max-snippet":"max-snippet:-1","max-image-preview":"max-image-preview:large","max-video-preview":"max-video-preview:-1"},"canonical":"https:\/\/fojab.se\/en\/topical\/first-prize-europan-10-lerum\/","og_locale":"en_US","og_type":"article","og_title":"F\u00f6rsta pris Europan 10 \u2013 Lerum | FOJAB","og_description":"Marco Pusterla p\u00e5 FOJAB arkitekter i samarbete med Jes\u00fas Mateo (Zero architects) har vunnit f\u00f6rsta pris i Europan t\u00e4vlingen i Lerum. (Europan \u00e4r en internationell t\u00e4vling f\u00f6r arkitekter under 40 \u00e5r). http:\/\/www.europan.se http:\/\/lerum-europan.blogspot.com","og_url":"https:\/\/fojab.se\/en\/topical\/first-prize-europan-10-lerum\/","og_site_name":"FOJAB","article_published_time":"2010-02-05T11:00:03+00:00","article_modified_time":"2019-04-16T08:58:05+00:00","og_image":[{"width":800,"height":616,"url":"https:\/\/media1.fojab.se\/2019\/03\/2010-02-05-forsta-pris-europan-10-lerum.jpg","type":"image\/jpeg"}],"author":"maximilian","twitter_card":"summary_large_image","twitter_misc":{"Written by":"maximilian"},"schema":{"@context":"https:\/\/schema.org","@graph":[{"@type":"Article","@id":"https:\/\/fojab.se\/aktuellt\/forsta-pris-europan-10-lerum\/#article","isPartOf":{"@id":"https:\/\/fojab.se\/aktuellt\/forsta-pris-europan-10-lerum\/"},"author":{"name":"maximilian","@id":"https:\/\/fojab.se\/#\/schema\/person\/5d07c69e3efdb8880196d961e851fb86"},"headline":"F\u00f6rsta pris Europan 10 \u2013 Lerum","datePublished":"2010-02-05T11:00:03+00:00","dateModified":"2019-04-16T08:58:05+00:00","mainEntityOfPage":{"@id":"https:\/\/fojab.se\/aktuellt\/forsta-pris-europan-10-lerum\/"},"wordCount":48,"commentCount":0,"image":{"@id":"https:\/\/fojab.se\/aktuellt\/forsta-pris-europan-10-lerum\/#primaryimage"},"thumbnailUrl":"https:\/\/media1.fojab.se\/2019\/03\/2010-02-05-forsta-pris-europan-10-lerum.jpg","inLanguage":"en-US","potentialAction":[{"@type":"CommentAction","name":"Comment","target":["https:\/\/fojab.se\/aktuellt\/forsta-pris-europan-10-lerum\/#respond"]}]},{"@type":"WebPage","@id":"https:\/\/fojab.se\/aktuellt\/forsta-pris-europan-10-lerum\/","url":"https:\/\/fojab.se\/aktuellt\/forsta-pris-europan-10-lerum\/","name":"First prize Europan 10 - Lerum | FOJAB","isPartOf":{"@id":"https:\/\/fojab.se\/#website"},"primaryImageOfPage":{"@id":"https:\/\/fojab.se\/aktuellt\/forsta-pris-europan-10-lerum\/#primaryimage"},"image":{"@id":"https:\/\/fojab.se\/aktuellt\/forsta-pris-europan-10-lerum\/#primaryimage"},"thumbnailUrl":"https:\/\/media1.fojab.se\/2019\/03\/2010-02-05-forsta-pris-europan-10-lerum.jpg","datePublished":"2010-02-05T11:00:03+00:00","dateModified":"2019-04-16T08:58:05+00:00","author":{"@id":"https:\/\/fojab.se\/#\/schema\/person\/5d07c69e3efdb8880196d961e851fb86"},"breadcrumb":{"@id":"https:\/\/fojab.se\/aktuellt\/forsta-pris-europan-10-lerum\/#breadcrumb"},"inLanguage":"en-US","potentialAction":[{"@type":"ReadAction","target":["https:\/\/fojab.se\/aktuellt\/forsta-pris-europan-10-lerum\/"]}]},{"@type":"ImageObject","inLanguage":"en-US","@id":"https:\/\/fojab.se\/aktuellt\/forsta-pris-europan-10-lerum\/#primaryimage","url":"https:\/\/media1.fojab.se\/2019\/03\/2010-02-05-forsta-pris-europan-10-lerum.jpg","contentUrl":"https:\/\/media1.fojab.se\/2019\/03\/2010-02-05-forsta-pris-europan-10-lerum.jpg","width":800,"height":616},{"@type":"BreadcrumbList","@id":"https:\/\/fojab.se\/aktuellt\/forsta-pris-europan-10-lerum\/#breadcrumb","itemListElement":[{"@type":"ListItem","position":1,"name":"Hem","item":"https:\/\/fojab.se\/"},{"@type":"ListItem","position":2,"name":"F\u00f6rsta pris Europan 10 \u2013 Lerum"}]},{"@type":"WebSite","@id":"https:\/\/fojab.se\/#website","url":"https:\/\/fojab.se\/","name":"FOJAB","description":"","potentialAction":[{"@type":"SearchAction","target":{"@type":"EntryPoint","urlTemplate":"https:\/\/fojab.se\/?s={search_term_string}"},"query-input":{"@type":"PropertyValueSpecification","valueRequired":true,"valueName":"search_term_string"}}],"inLanguage":"en-US"},{"@type":"Person","@id":"https:\/\/fojab.se\/#\/schema\/person\/5d07c69e3efdb8880196d961e851fb86","name":"Maximilian","image":{"@type":"ImageObject","inLanguage":"en-US","@id":"https:\/\/secure.gravatar.com\/avatar\/221a1319eee7f463c0098eb135b71e1f0a2c5dc558b91c929d84e226525981d8?s=96&d=mm&r=g","url":"https:\/\/secure.gravatar.com\/avatar\/221a1319eee7f463c0098eb135b71e1f0a2c5dc558b91c929d84e226525981d8?s=96&d=mm&r=g","contentUrl":"https:\/\/secure.gravatar.com\/avatar\/221a1319eee7f463c0098eb135b71e1f0a2c5dc558b91c929d84e226525981d8?s=96&d=mm&r=g","caption":"maximilian"},"url":"https:\/\/fojab.se\/en\/aktuellt\/author\/maximilian\/"}]}},"_links":{"self":[{"href":"https:\/\/fojab.se\/en\/wp-json\/wp\/v2\/posts\/2282","targetHints":{"allow":["GET"]}}],"collection":[{"href":"https:\/\/fojab.se\/en\/wp-json\/wp\/v2\/posts"}],"about":[{"href":"https:\/\/fojab.se\/en\/wp-json\/wp\/v2\/types\/post"}],"author":[{"embeddable":true,"href":"https:\/\/fojab.se\/en\/wp-json\/wp\/v2\/users\/1"}],"replies":[{"embeddable":true,"href":"https:\/\/fojab.se\/en\/wp-json\/wp\/v2\/comments?post=2282"}],"version-history":[{"count":1,"href":"https:\/\/fojab.se\/en\/wp-json\/wp\/v2\/posts\/2282\/revisions"}],"predecessor-version":[{"id":2284,"href":"https:\/\/fojab.se\/en\/wp-json\/wp\/v2\/posts\/2282\/revisions\/2284"}],"wp:featuredmedia":[{"embeddable":true,"href":"https:\/\/fojab.se\/en\/wp-json\/wp\/v2\/media\/2283"}],"wp:attachment":[{"href":"https:\/\/fojab.se\/en\/wp-json\/wp\/v2\/media?parent=2282"}],"wp:term":[{"taxonomy":"category","embeddable":true,"href":"https:\/\/fojab.se\/en\/wp-json\/wp\/v2\/categories?post=2282"},{"taxonomy":"post_tag","embeddable":true,"href":"https:\/\/fojab.se\/en\/wp-json\/wp\/v2\/tags?post=2282"}],"curies":[{"name":"wp","href":"https:\/\/api.w.org\/{rel}","templated":true}]}}