{"id":14573,"date":"2025-09-01T14:00:07","date_gmt":"2025-09-01T13:00:07","guid":{"rendered":"https:\/\/fojab.se\/?p=14573"},"modified":"2025-09-01T14:00:07","modified_gmt":"2025-09-01T13:00:07","slug":"erseus-architects-joins-fojab","status":"publish","type":"post","link":"https:\/\/fojab.se\/en\/topical\/erseus-architects-joins-fojab\/","title":{"rendered":"Ers\u00e9us Arkitekter joins FOJAB"},"content":{"rendered":"<p><strong>On September 1, Ers\u00e9us Arkitekter will become part of FOJAB's office in Gothenburg. \"This will be a dream team for our customers in western Sweden,\" say FOJAB's CEO Daniel Nord and Peter Ers\u00e9us, founder of Ers\u00e9us Arkitekter.<\/strong><\/p>\n<p>To best meet the needs of clients, Gothenburg-based Ers\u00e9us Arkitekter has chosen to join FOJAB. The two offices complement each other well and are united in their view of architecture, focus on quality and value creation.<\/p>\n<p>Ers\u00e9us' strong roots in the local market and FOJAB's expertise will be a great asset in the continued development of the joint Gothenburg office. The merger means completely new opportunities to take on assignments in order to contribute to the development of an exciting region with combined creativity, competence and innovative power, increased presence and more resources.<\/p>\n<p>- The fact that Ers\u00e9us chooses to join us at FOJAB feels honorable and will be an important step in strengthening our position and our offer to our clients in western Sweden, says Daniel Nord, CEO of FOJAB.<\/p>\n<p>- We have followed FOJAB's development and identified our great similarities in values, and now we look forward to developing further as part of FOJAB and meeting the future with continued focus on our customers' needs, says Peter Ers\u00e9us, founder of Ers\u00e9us Arkitekter.<\/p>\n<p><em>FOJAB is one of Sweden's leading architectural firms with a total of approximately 170 employees in Malm\u00f6, Stockholm, Gothenburg and Helsingborg. The assignments include architecture at all scales - investigation, planning and design of urban environments, buildings, landscapes and interiors. The company is owned by leading architects. FOJAB has designed rental apartments at Uggleberget in Nya Hov\u00e5s, the Argus cultural center in Falkenberg and the urban development program for the Centralen area in Gothenburg. A current project is housing at Masthuggskajen.<\/em><\/p>\n<p><em>Ers\u00e9us Arkitekter, with offices at Skeppsbron in Gothenburg, employs ten people. The office works with urban development, housing, hotels, offices, public buildings, cultural properties and more. Completed projects include Gothenburg City Library, Hotel Draken, Angered Arena, Kviberg Crematorium and a large number of housing projects. Several projects have won awards for their architecture.<\/em><\/p>\n<p><em><strong>Please contact<\/strong><br \/>\nDaniel Nord tel 0706 87 88 82<\/em><em><br \/>\n<\/em><em>Peter Ers\u00e9us tel 0705 94 45 53<\/em><\/p>","protected":false},"excerpt":{"rendered":"<p>Den 1 september blir Ers\u00e9us Arkitekter en del av FOJABs kontor i G\u00f6teborg. Det h\u00e4r blir ett dream team f\u00f6r v\u00e5ra kunder i V\u00e4stsverige, menar FOJABs vd Daniel Nord och Peter Ers\u00e9us, grundare av Ers\u00e9us Arkitekter. F\u00f6r att kunna m\u00f6ta best\u00e4llarnas behov p\u00e5 b\u00e4sta s\u00e4tt har G\u00f6teborgsbaserade Ers\u00e9us Arkitekter valt att ansluta sig till FOJAB. [&hellip;]<\/p>\n","protected":false},"author":13,"featured_media":14574,"comment_status":"closed","ping_status":"open","sticky":false,"template":"","format":"standard","meta":{"_monsterinsights_skip_tracking":false,"_monsterinsights_sitenote_active":false,"_monsterinsights_sitenote_note":"","_monsterinsights_sitenote_category":0,"footnotes":""},"categories":[1],"tags":[],"class_list":["post-14573","post","type-post","status-publish","format-standard","has-post-thumbnail","hentry","category-uncategorized"],"acf":[],"yoast_head":"<!-- This site is optimized with the Yoast SEO plugin v27.5 - https:\/\/yoast.com\/product\/yoast-seo-wordpress\/ -->\n<title>Ers\u00e9us Arkitekter ansluter sig till FOJAB | FOJAB<\/title>\n<meta name=\"robots\" content=\"index, follow, max-snippet:-1, max-image-preview:large, max-video-preview:-1\" \/>\n<link rel=\"canonical\" href=\"https:\/\/fojab.se\/en\/topical\/erseus-architects-joins-fojab\/\" \/>\n<meta property=\"og:locale\" content=\"en_US\" \/>\n<meta property=\"og:type\" content=\"article\" \/>\n<meta property=\"og:title\" content=\"Ers\u00e9us Arkitekter ansluter sig till FOJAB | FOJAB\" \/>\n<meta property=\"og:description\" content=\"Den 1 september blir Ers\u00e9us Arkitekter en del av FOJABs kontor i G\u00f6teborg. Det h\u00e4r blir ett dream team f\u00f6r v\u00e5ra kunder i V\u00e4stsverige, menar FOJABs vd Daniel Nord och Peter Ers\u00e9us, grundare av Ers\u00e9us Arkitekter. F\u00f6r att kunna m\u00f6ta best\u00e4llarnas behov p\u00e5 b\u00e4sta s\u00e4tt har G\u00f6teborgsbaserade Ers\u00e9us Arkitekter valt att ansluta sig till FOJAB. [&hellip;]\" \/>\n<meta property=\"og:url\" content=\"https:\/\/fojab.se\/en\/topical\/erseus-architects-joins-fojab\/\" \/>\n<meta property=\"og:site_name\" content=\"FOJAB\" \/>\n<meta property=\"article:published_time\" content=\"2025-09-01T13:00:07+00:00\" \/>\n<meta property=\"og:image\" content=\"https:\/\/media1.fojab.se\/2025\/09\/Hotel-Draken_crop-scaled.jpg\" \/>\n\t<meta property=\"og:image:width\" content=\"2560\" \/>\n\t<meta property=\"og:image:height\" content=\"1696\" \/>\n\t<meta property=\"og:image:type\" content=\"image\/jpeg\" \/>\n<meta name=\"author\" content=\"Frida Roijer\" \/>\n<meta name=\"twitter:card\" content=\"summary_large_image\" \/>\n<meta name=\"twitter:label1\" content=\"Written by\" \/>\n\t<meta name=\"twitter:data1\" content=\"Frida Roijer\" \/>\n\t<meta name=\"twitter:label2\" content=\"Est. reading time\" \/>\n\t<meta name=\"twitter:data2\" content=\"2 minutes\" \/>\n<script type=\"application\/ld+json\" class=\"yoast-schema-graph\">{\"@context\":\"https:\\\/\\\/schema.org\",\"@graph\":[{\"@type\":\"Article\",\"@id\":\"https:\\\/\\\/fojab.se\\\/aktuellt\\\/erseus-arkitekter-ansluter-sig-till-fojab\\\/#article\",\"isPartOf\":{\"@id\":\"https:\\\/\\\/fojab.se\\\/aktuellt\\\/erseus-arkitekter-ansluter-sig-till-fojab\\\/\"},\"author\":{\"name\":\"Frida Roijer\",\"@id\":\"https:\\\/\\\/fojab.se\\\/#\\\/schema\\\/person\\\/54707f9ec80683b444c021e58fc3b87b\"},\"headline\":\"Ers\u00e9us Arkitekter ansluter sig till FOJAB\",\"datePublished\":\"2025-09-01T13:00:07+00:00\",\"mainEntityOfPage\":{\"@id\":\"https:\\\/\\\/fojab.se\\\/aktuellt\\\/erseus-arkitekter-ansluter-sig-till-fojab\\\/\"},\"wordCount\":405,\"image\":{\"@id\":\"https:\\\/\\\/fojab.se\\\/aktuellt\\\/erseus-arkitekter-ansluter-sig-till-fojab\\\/#primaryimage\"},\"thumbnailUrl\":\"https:\\\/\\\/media1.fojab.se\\\/2025\\\/09\\\/Hotel-Draken_crop-scaled.jpg\",\"inLanguage\":\"en-US\"},{\"@type\":\"WebPage\",\"@id\":\"https:\\\/\\\/fojab.se\\\/aktuellt\\\/erseus-arkitekter-ansluter-sig-till-fojab\\\/\",\"url\":\"https:\\\/\\\/fojab.se\\\/aktuellt\\\/erseus-arkitekter-ansluter-sig-till-fojab\\\/\",\"name\":\"Ers\u00e9us Arkitekter ansluter sig till FOJAB | FOJAB\",\"isPartOf\":{\"@id\":\"https:\\\/\\\/fojab.se\\\/#website\"},\"primaryImageOfPage\":{\"@id\":\"https:\\\/\\\/fojab.se\\\/aktuellt\\\/erseus-arkitekter-ansluter-sig-till-fojab\\\/#primaryimage\"},\"image\":{\"@id\":\"https:\\\/\\\/fojab.se\\\/aktuellt\\\/erseus-arkitekter-ansluter-sig-till-fojab\\\/#primaryimage\"},\"thumbnailUrl\":\"https:\\\/\\\/media1.fojab.se\\\/2025\\\/09\\\/Hotel-Draken_crop-scaled.jpg\",\"datePublished\":\"2025-09-01T13:00:07+00:00\",\"author\":{\"@id\":\"https:\\\/\\\/fojab.se\\\/#\\\/schema\\\/person\\\/54707f9ec80683b444c021e58fc3b87b\"},\"breadcrumb\":{\"@id\":\"https:\\\/\\\/fojab.se\\\/aktuellt\\\/erseus-arkitekter-ansluter-sig-till-fojab\\\/#breadcrumb\"},\"inLanguage\":\"en-US\",\"potentialAction\":[{\"@type\":\"ReadAction\",\"target\":[\"https:\\\/\\\/fojab.se\\\/aktuellt\\\/erseus-arkitekter-ansluter-sig-till-fojab\\\/\"]}]},{\"@type\":\"ImageObject\",\"inLanguage\":\"en-US\",\"@id\":\"https:\\\/\\\/fojab.se\\\/aktuellt\\\/erseus-arkitekter-ansluter-sig-till-fojab\\\/#primaryimage\",\"url\":\"https:\\\/\\\/media1.fojab.se\\\/2025\\\/09\\\/Hotel-Draken_crop-scaled.jpg\",\"contentUrl\":\"https:\\\/\\\/media1.fojab.se\\\/2025\\\/09\\\/Hotel-Draken_crop-scaled.jpg\",\"width\":2560,\"height\":1696,\"caption\":\"HotelDraken G\u00f6teborg Ers\u00e9us arkitekter\"},{\"@type\":\"BreadcrumbList\",\"@id\":\"https:\\\/\\\/fojab.se\\\/aktuellt\\\/erseus-arkitekter-ansluter-sig-till-fojab\\\/#breadcrumb\",\"itemListElement\":[{\"@type\":\"ListItem\",\"position\":1,\"name\":\"Hem\",\"item\":\"https:\\\/\\\/fojab.se\\\/\"},{\"@type\":\"ListItem\",\"position\":2,\"name\":\"Ers\u00e9us Arkitekter ansluter sig till FOJAB\"}]},{\"@type\":\"WebSite\",\"@id\":\"https:\\\/\\\/fojab.se\\\/#website\",\"url\":\"https:\\\/\\\/fojab.se\\\/\",\"name\":\"FOJAB\",\"description\":\"\",\"potentialAction\":[{\"@type\":\"SearchAction\",\"target\":{\"@type\":\"EntryPoint\",\"urlTemplate\":\"https:\\\/\\\/fojab.se\\\/?s={search_term_string}\"},\"query-input\":{\"@type\":\"PropertyValueSpecification\",\"valueRequired\":true,\"valueName\":\"search_term_string\"}}],\"inLanguage\":\"en-US\"},{\"@type\":\"Person\",\"@id\":\"https:\\\/\\\/fojab.se\\\/#\\\/schema\\\/person\\\/54707f9ec80683b444c021e58fc3b87b\",\"name\":\"Frida Roijer\",\"image\":{\"@type\":\"ImageObject\",\"inLanguage\":\"en-US\",\"@id\":\"https:\\\/\\\/secure.gravatar.com\\\/avatar\\\/73fc92bb137edd2c9c6b8c33107eb69f59aacacfaee9868d7f812a97a93b9d9a?s=96&d=mm&r=g\",\"url\":\"https:\\\/\\\/secure.gravatar.com\\\/avatar\\\/73fc92bb137edd2c9c6b8c33107eb69f59aacacfaee9868d7f812a97a93b9d9a?s=96&d=mm&r=g\",\"contentUrl\":\"https:\\\/\\\/secure.gravatar.com\\\/avatar\\\/73fc92bb137edd2c9c6b8c33107eb69f59aacacfaee9868d7f812a97a93b9d9a?s=96&d=mm&r=g\",\"caption\":\"Frida Roijer\"},\"url\":\"https:\\\/\\\/fojab.se\\\/en\\\/aktuellt\\\/author\\\/frida-roijer\\\/\"}]}<\/script>\n<!-- \/ Yoast SEO plugin. -->","yoast_head_json":{"title":"Ers\u00e9us Arkitekter joins FOJAB | FOJAB","robots":{"index":"index","follow":"follow","max-snippet":"max-snippet:-1","max-image-preview":"max-image-preview:large","max-video-preview":"max-video-preview:-1"},"canonical":"https:\/\/fojab.se\/en\/topical\/erseus-architects-joins-fojab\/","og_locale":"en_US","og_type":"article","og_title":"Ers\u00e9us Arkitekter ansluter sig till FOJAB | FOJAB","og_description":"Den 1 september blir Ers\u00e9us Arkitekter en del av FOJABs kontor i G\u00f6teborg. Det h\u00e4r blir ett dream team f\u00f6r v\u00e5ra kunder i V\u00e4stsverige, menar FOJABs vd Daniel Nord och Peter Ers\u00e9us, grundare av Ers\u00e9us Arkitekter. F\u00f6r att kunna m\u00f6ta best\u00e4llarnas behov p\u00e5 b\u00e4sta s\u00e4tt har G\u00f6teborgsbaserade Ers\u00e9us Arkitekter valt att ansluta sig till FOJAB. [&hellip;]","og_url":"https:\/\/fojab.se\/en\/topical\/erseus-architects-joins-fojab\/","og_site_name":"FOJAB","article_published_time":"2025-09-01T13:00:07+00:00","og_image":[{"width":2560,"height":1696,"url":"https:\/\/media1.fojab.se\/2025\/09\/Hotel-Draken_crop-scaled.jpg","type":"image\/jpeg"}],"author":"Frida Roijer","twitter_card":"summary_large_image","twitter_misc":{"Written by":"Frida Roijer","Est. reading time":"2 minutes"},"schema":{"@context":"https:\/\/schema.org","@graph":[{"@type":"Article","@id":"https:\/\/fojab.se\/aktuellt\/erseus-arkitekter-ansluter-sig-till-fojab\/#article","isPartOf":{"@id":"https:\/\/fojab.se\/aktuellt\/erseus-arkitekter-ansluter-sig-till-fojab\/"},"author":{"name":"Frida Roijer","@id":"https:\/\/fojab.se\/#\/schema\/person\/54707f9ec80683b444c021e58fc3b87b"},"headline":"Ers\u00e9us Arkitekter ansluter sig till FOJAB","datePublished":"2025-09-01T13:00:07+00:00","mainEntityOfPage":{"@id":"https:\/\/fojab.se\/aktuellt\/erseus-arkitekter-ansluter-sig-till-fojab\/"},"wordCount":405,"image":{"@id":"https:\/\/fojab.se\/aktuellt\/erseus-arkitekter-ansluter-sig-till-fojab\/#primaryimage"},"thumbnailUrl":"https:\/\/media1.fojab.se\/2025\/09\/Hotel-Draken_crop-scaled.jpg","inLanguage":"en-US"},{"@type":"WebPage","@id":"https:\/\/fojab.se\/aktuellt\/erseus-arkitekter-ansluter-sig-till-fojab\/","url":"https:\/\/fojab.se\/aktuellt\/erseus-arkitekter-ansluter-sig-till-fojab\/","name":"Ers\u00e9us Arkitekter joins FOJAB | FOJAB","isPartOf":{"@id":"https:\/\/fojab.se\/#website"},"primaryImageOfPage":{"@id":"https:\/\/fojab.se\/aktuellt\/erseus-arkitekter-ansluter-sig-till-fojab\/#primaryimage"},"image":{"@id":"https:\/\/fojab.se\/aktuellt\/erseus-arkitekter-ansluter-sig-till-fojab\/#primaryimage"},"thumbnailUrl":"https:\/\/media1.fojab.se\/2025\/09\/Hotel-Draken_crop-scaled.jpg","datePublished":"2025-09-01T13:00:07+00:00","author":{"@id":"https:\/\/fojab.se\/#\/schema\/person\/54707f9ec80683b444c021e58fc3b87b"},"breadcrumb":{"@id":"https:\/\/fojab.se\/aktuellt\/erseus-arkitekter-ansluter-sig-till-fojab\/#breadcrumb"},"inLanguage":"en-US","potentialAction":[{"@type":"ReadAction","target":["https:\/\/fojab.se\/aktuellt\/erseus-arkitekter-ansluter-sig-till-fojab\/"]}]},{"@type":"ImageObject","inLanguage":"en-US","@id":"https:\/\/fojab.se\/aktuellt\/erseus-arkitekter-ansluter-sig-till-fojab\/#primaryimage","url":"https:\/\/media1.fojab.se\/2025\/09\/Hotel-Draken_crop-scaled.jpg","contentUrl":"https:\/\/media1.fojab.se\/2025\/09\/Hotel-Draken_crop-scaled.jpg","width":2560,"height":1696,"caption":"HotelDraken G\u00f6teborg Ers\u00e9us arkitekter"},{"@type":"BreadcrumbList","@id":"https:\/\/fojab.se\/aktuellt\/erseus-arkitekter-ansluter-sig-till-fojab\/#breadcrumb","itemListElement":[{"@type":"ListItem","position":1,"name":"Hem","item":"https:\/\/fojab.se\/"},{"@type":"ListItem","position":2,"name":"Ers\u00e9us Arkitekter ansluter sig till FOJAB"}]},{"@type":"WebSite","@id":"https:\/\/fojab.se\/#website","url":"https:\/\/fojab.se\/","name":"FOJAB","description":"","potentialAction":[{"@type":"SearchAction","target":{"@type":"EntryPoint","urlTemplate":"https:\/\/fojab.se\/?s={search_term_string}"},"query-input":{"@type":"PropertyValueSpecification","valueRequired":true,"valueName":"search_term_string"}}],"inLanguage":"en-US"},{"@type":"Person","@id":"https:\/\/fojab.se\/#\/schema\/person\/54707f9ec80683b444c021e58fc3b87b","name":"Frida Roijer","image":{"@type":"ImageObject","inLanguage":"en-US","@id":"https:\/\/secure.gravatar.com\/avatar\/73fc92bb137edd2c9c6b8c33107eb69f59aacacfaee9868d7f812a97a93b9d9a?s=96&d=mm&r=g","url":"https:\/\/secure.gravatar.com\/avatar\/73fc92bb137edd2c9c6b8c33107eb69f59aacacfaee9868d7f812a97a93b9d9a?s=96&d=mm&r=g","contentUrl":"https:\/\/secure.gravatar.com\/avatar\/73fc92bb137edd2c9c6b8c33107eb69f59aacacfaee9868d7f812a97a93b9d9a?s=96&d=mm&r=g","caption":"Frida Roijer"},"url":"https:\/\/fojab.se\/en\/aktuellt\/author\/frida-roijer\/"}]}},"_links":{"self":[{"href":"https:\/\/fojab.se\/en\/wp-json\/wp\/v2\/posts\/14573","targetHints":{"allow":["GET"]}}],"collection":[{"href":"https:\/\/fojab.se\/en\/wp-json\/wp\/v2\/posts"}],"about":[{"href":"https:\/\/fojab.se\/en\/wp-json\/wp\/v2\/types\/post"}],"author":[{"embeddable":true,"href":"https:\/\/fojab.se\/en\/wp-json\/wp\/v2\/users\/13"}],"replies":[{"embeddable":true,"href":"https:\/\/fojab.se\/en\/wp-json\/wp\/v2\/comments?post=14573"}],"version-history":[{"count":1,"href":"https:\/\/fojab.se\/en\/wp-json\/wp\/v2\/posts\/14573\/revisions"}],"predecessor-version":[{"id":14575,"href":"https:\/\/fojab.se\/en\/wp-json\/wp\/v2\/posts\/14573\/revisions\/14575"}],"wp:featuredmedia":[{"embeddable":true,"href":"https:\/\/fojab.se\/en\/wp-json\/wp\/v2\/media\/14574"}],"wp:attachment":[{"href":"https:\/\/fojab.se\/en\/wp-json\/wp\/v2\/media?parent=14573"}],"wp:term":[{"taxonomy":"category","embeddable":true,"href":"https:\/\/fojab.se\/en\/wp-json\/wp\/v2\/categories?post=14573"},{"taxonomy":"post_tag","embeddable":true,"href":"https:\/\/fojab.se\/en\/wp-json\/wp\/v2\/tags?post=14573"}],"curies":[{"name":"wp","href":"https:\/\/api.w.org\/{rel}","templated":true}]}}