{"id":13808,"date":"2025-04-04T08:01:36","date_gmt":"2025-04-04T07:01:36","guid":{"rendered":"https:\/\/fojab.se\/?p=13808"},"modified":"2025-04-04T09:27:30","modified_gmt":"2025-04-04T08:27:30","slug":"fojab-moves-into-the-iconic-h55-pavilion","status":"publish","type":"post","link":"https:\/\/fojab.se\/en\/topical\/fojab-moves-into-the-iconic-h55-pavilion\/","title":{"rendered":"FOJAB moves into the iconic H55 Pavilion!"},"content":{"rendered":"<p class=\"04FBrdtext\"><b>The H55 pavilion, designed for the Helsingborg City Fair in 1955, becomes an architectural office. In January 2026, FOJAB's Helsingborg office will move in. <\/b><\/p>\n<p class=\"04FBrdtext\">The H55 pavilion was designed by architect and designer Carl-Axel Acking for the 1955 City Fair. Three copies were built on the Parapeten breakwater in Helsingborg harbor and dismantled after the fair. In 1999 it was time for a new city fair, H99. A copy of the iconic pavilion was built on the pier and has remained standing ever since.<\/p>\n<p class=\"04FBrdtext\">The pavilion is owned by the City of Helsingborg and has been rented out for various types of activities over the years. Among other things, it has been used as a restaurant, party venue and exhibition space. In recent years, however, it has been mostly empty and the city has been looking for a suitable tenant.<\/p>\n<p class=\"04FBrdtext\">- We were asked by the City of Helsingborg if we wanted to move into the H55 pavilion, and of course we couldn't turn down the opportunity. It's a unique building with views in four directions, clearly visible from the city center. It will be a fantastic working environment and a perfect venue for receiving customers and organizing external events, such as our architectural salons,\" says Rebecca Saaby Mehlum, office manager at FOJAB in Helsingborg.<\/p>\n<p class=\"04FBrdtext\">FOJAB has been in Helsingborg for 10 years. The employees work closely with colleagues in the other offices in Malm\u00f6, Stockholm and Gothenburg, but with extra knowledge of the market in northwestern Sk\u00e5ne, parts of Halland and Sm\u00e5land. The new premises will provide better opportunities for the Helsingborg office to grow.<\/p>\n<p class=\"04FBrdtext\">The interior of the pavilion will be adapted by FOJAB to make it a modern, functional and welcoming office for employees, customers and visitors. Preliminary occupancy is the turn of the year 25\/26.<\/p>","protected":false},"excerpt":{"rendered":"<p>H55-paviljongen, ritad till stadsm\u00e4ssan i Helsingborg 1955, blir arkitektkontor. I januari 2026 flyttar FOJABs Helsingborgskontor in. H55-paviljongen ritades av arkitekten och formgivaren Carl-Axel Acking till stadsm\u00e4ssan 1955. Tre exemplar byggdes upp ute p\u00e5 v\u00e5gbrytaren Parapeten i Helsingborgs hamn och monterades ner efter m\u00e4ssan. 1999 var det dags f\u00f6r en ny stadsm\u00e4ssa, H99. En kopia av [&hellip;]<\/p>\n","protected":false},"author":13,"featured_media":13809,"comment_status":"closed","ping_status":"open","sticky":false,"template":"","format":"standard","meta":{"_monsterinsights_skip_tracking":false,"_monsterinsights_sitenote_active":false,"_monsterinsights_sitenote_note":"","_monsterinsights_sitenote_category":0,"footnotes":""},"categories":[1],"tags":[],"class_list":["post-13808","post","type-post","status-publish","format-standard","has-post-thumbnail","hentry","category-uncategorized"],"acf":[],"yoast_head":"<!-- This site is optimized with the Yoast SEO plugin v27.5 - https:\/\/yoast.com\/product\/yoast-seo-wordpress\/ -->\n<title>FOJAB flyttar in i ikoniska H55-paviljongen! | FOJAB<\/title>\n<meta name=\"robots\" content=\"index, follow, max-snippet:-1, max-image-preview:large, max-video-preview:-1\" \/>\n<link rel=\"canonical\" href=\"https:\/\/fojab.se\/en\/topical\/fojab-moves-into-the-iconic-h55-pavilion\/\" \/>\n<meta property=\"og:locale\" content=\"en_US\" \/>\n<meta property=\"og:type\" content=\"article\" \/>\n<meta property=\"og:title\" content=\"FOJAB flyttar in i ikoniska H55-paviljongen! | FOJAB\" \/>\n<meta property=\"og:description\" content=\"H55-paviljongen, ritad till stadsm\u00e4ssan i Helsingborg 1955, blir arkitektkontor. I januari 2026 flyttar FOJABs Helsingborgskontor in. H55-paviljongen ritades av arkitekten och formgivaren Carl-Axel Acking till stadsm\u00e4ssan 1955. Tre exemplar byggdes upp ute p\u00e5 v\u00e5gbrytaren Parapeten i Helsingborgs hamn och monterades ner efter m\u00e4ssan. 1999 var det dags f\u00f6r en ny stadsm\u00e4ssa, H99. En kopia av [&hellip;]\" \/>\n<meta property=\"og:url\" content=\"https:\/\/fojab.se\/en\/topical\/fojab-moves-into-the-iconic-h55-pavilion\/\" \/>\n<meta property=\"og:site_name\" content=\"FOJAB\" \/>\n<meta property=\"article:published_time\" content=\"2025-04-04T07:01:36+00:00\" \/>\n<meta property=\"article:modified_time\" content=\"2025-04-04T08:27:30+00:00\" \/>\n<meta property=\"og:image\" content=\"https:\/\/media1.fojab.se\/2025\/04\/H55-paviljongen_2000.jpg\" \/>\n\t<meta property=\"og:image:width\" content=\"2000\" \/>\n\t<meta property=\"og:image:height\" content=\"1333\" \/>\n\t<meta property=\"og:image:type\" content=\"image\/jpeg\" \/>\n<meta name=\"author\" content=\"Frida Roijer\" \/>\n<meta name=\"twitter:card\" content=\"summary_large_image\" \/>\n<meta name=\"twitter:label1\" content=\"Written by\" \/>\n\t<meta name=\"twitter:data1\" content=\"Frida Roijer\" \/>\n\t<meta name=\"twitter:label2\" content=\"Est. reading time\" \/>\n\t<meta name=\"twitter:data2\" content=\"2 minutes\" \/>\n<script type=\"application\/ld+json\" class=\"yoast-schema-graph\">{\"@context\":\"https:\\\/\\\/schema.org\",\"@graph\":[{\"@type\":\"Article\",\"@id\":\"https:\\\/\\\/fojab.se\\\/aktuellt\\\/fojab-flyttar-in-i-ikoniska-h55-paviljongen\\\/#article\",\"isPartOf\":{\"@id\":\"https:\\\/\\\/fojab.se\\\/aktuellt\\\/fojab-flyttar-in-i-ikoniska-h55-paviljongen\\\/\"},\"author\":{\"name\":\"Frida Roijer\",\"@id\":\"https:\\\/\\\/fojab.se\\\/#\\\/schema\\\/person\\\/54707f9ec80683b444c021e58fc3b87b\"},\"headline\":\"FOJAB flyttar in i ikoniska H55-paviljongen!\",\"datePublished\":\"2025-04-04T07:01:36+00:00\",\"dateModified\":\"2025-04-04T08:27:30+00:00\",\"mainEntityOfPage\":{\"@id\":\"https:\\\/\\\/fojab.se\\\/aktuellt\\\/fojab-flyttar-in-i-ikoniska-h55-paviljongen\\\/\"},\"wordCount\":307,\"image\":{\"@id\":\"https:\\\/\\\/fojab.se\\\/aktuellt\\\/fojab-flyttar-in-i-ikoniska-h55-paviljongen\\\/#primaryimage\"},\"thumbnailUrl\":\"https:\\\/\\\/media1.fojab.se\\\/2025\\\/04\\\/H55-paviljongen_2000.jpg\",\"inLanguage\":\"en-US\"},{\"@type\":\"WebPage\",\"@id\":\"https:\\\/\\\/fojab.se\\\/aktuellt\\\/fojab-flyttar-in-i-ikoniska-h55-paviljongen\\\/\",\"url\":\"https:\\\/\\\/fojab.se\\\/aktuellt\\\/fojab-flyttar-in-i-ikoniska-h55-paviljongen\\\/\",\"name\":\"FOJAB flyttar in i ikoniska H55-paviljongen! | FOJAB\",\"isPartOf\":{\"@id\":\"https:\\\/\\\/fojab.se\\\/#website\"},\"primaryImageOfPage\":{\"@id\":\"https:\\\/\\\/fojab.se\\\/aktuellt\\\/fojab-flyttar-in-i-ikoniska-h55-paviljongen\\\/#primaryimage\"},\"image\":{\"@id\":\"https:\\\/\\\/fojab.se\\\/aktuellt\\\/fojab-flyttar-in-i-ikoniska-h55-paviljongen\\\/#primaryimage\"},\"thumbnailUrl\":\"https:\\\/\\\/media1.fojab.se\\\/2025\\\/04\\\/H55-paviljongen_2000.jpg\",\"datePublished\":\"2025-04-04T07:01:36+00:00\",\"dateModified\":\"2025-04-04T08:27:30+00:00\",\"author\":{\"@id\":\"https:\\\/\\\/fojab.se\\\/#\\\/schema\\\/person\\\/54707f9ec80683b444c021e58fc3b87b\"},\"breadcrumb\":{\"@id\":\"https:\\\/\\\/fojab.se\\\/aktuellt\\\/fojab-flyttar-in-i-ikoniska-h55-paviljongen\\\/#breadcrumb\"},\"inLanguage\":\"en-US\",\"potentialAction\":[{\"@type\":\"ReadAction\",\"target\":[\"https:\\\/\\\/fojab.se\\\/aktuellt\\\/fojab-flyttar-in-i-ikoniska-h55-paviljongen\\\/\"]}]},{\"@type\":\"ImageObject\",\"inLanguage\":\"en-US\",\"@id\":\"https:\\\/\\\/fojab.se\\\/aktuellt\\\/fojab-flyttar-in-i-ikoniska-h55-paviljongen\\\/#primaryimage\",\"url\":\"https:\\\/\\\/media1.fojab.se\\\/2025\\\/04\\\/H55-paviljongen_2000.jpg\",\"contentUrl\":\"https:\\\/\\\/media1.fojab.se\\\/2025\\\/04\\\/H55-paviljongen_2000.jpg\",\"width\":2000,\"height\":1333},{\"@type\":\"BreadcrumbList\",\"@id\":\"https:\\\/\\\/fojab.se\\\/aktuellt\\\/fojab-flyttar-in-i-ikoniska-h55-paviljongen\\\/#breadcrumb\",\"itemListElement\":[{\"@type\":\"ListItem\",\"position\":1,\"name\":\"Hem\",\"item\":\"https:\\\/\\\/fojab.se\\\/\"},{\"@type\":\"ListItem\",\"position\":2,\"name\":\"FOJAB flyttar in i ikoniska H55-paviljongen!\"}]},{\"@type\":\"WebSite\",\"@id\":\"https:\\\/\\\/fojab.se\\\/#website\",\"url\":\"https:\\\/\\\/fojab.se\\\/\",\"name\":\"FOJAB\",\"description\":\"\",\"potentialAction\":[{\"@type\":\"SearchAction\",\"target\":{\"@type\":\"EntryPoint\",\"urlTemplate\":\"https:\\\/\\\/fojab.se\\\/?s={search_term_string}\"},\"query-input\":{\"@type\":\"PropertyValueSpecification\",\"valueRequired\":true,\"valueName\":\"search_term_string\"}}],\"inLanguage\":\"en-US\"},{\"@type\":\"Person\",\"@id\":\"https:\\\/\\\/fojab.se\\\/#\\\/schema\\\/person\\\/54707f9ec80683b444c021e58fc3b87b\",\"name\":\"Frida Roijer\",\"image\":{\"@type\":\"ImageObject\",\"inLanguage\":\"en-US\",\"@id\":\"https:\\\/\\\/secure.gravatar.com\\\/avatar\\\/73fc92bb137edd2c9c6b8c33107eb69f59aacacfaee9868d7f812a97a93b9d9a?s=96&d=mm&r=g\",\"url\":\"https:\\\/\\\/secure.gravatar.com\\\/avatar\\\/73fc92bb137edd2c9c6b8c33107eb69f59aacacfaee9868d7f812a97a93b9d9a?s=96&d=mm&r=g\",\"contentUrl\":\"https:\\\/\\\/secure.gravatar.com\\\/avatar\\\/73fc92bb137edd2c9c6b8c33107eb69f59aacacfaee9868d7f812a97a93b9d9a?s=96&d=mm&r=g\",\"caption\":\"Frida Roijer\"},\"url\":\"https:\\\/\\\/fojab.se\\\/en\\\/aktuellt\\\/author\\\/frida-roijer\\\/\"}]}<\/script>\n<!-- \/ Yoast SEO plugin. -->","yoast_head_json":{"title":"FOJAB moves into the iconic H55 Pavilion! | FOJAB","robots":{"index":"index","follow":"follow","max-snippet":"max-snippet:-1","max-image-preview":"max-image-preview:large","max-video-preview":"max-video-preview:-1"},"canonical":"https:\/\/fojab.se\/en\/topical\/fojab-moves-into-the-iconic-h55-pavilion\/","og_locale":"en_US","og_type":"article","og_title":"FOJAB flyttar in i ikoniska H55-paviljongen! | FOJAB","og_description":"H55-paviljongen, ritad till stadsm\u00e4ssan i Helsingborg 1955, blir arkitektkontor. I januari 2026 flyttar FOJABs Helsingborgskontor in. H55-paviljongen ritades av arkitekten och formgivaren Carl-Axel Acking till stadsm\u00e4ssan 1955. Tre exemplar byggdes upp ute p\u00e5 v\u00e5gbrytaren Parapeten i Helsingborgs hamn och monterades ner efter m\u00e4ssan. 1999 var det dags f\u00f6r en ny stadsm\u00e4ssa, H99. En kopia av [&hellip;]","og_url":"https:\/\/fojab.se\/en\/topical\/fojab-moves-into-the-iconic-h55-pavilion\/","og_site_name":"FOJAB","article_published_time":"2025-04-04T07:01:36+00:00","article_modified_time":"2025-04-04T08:27:30+00:00","og_image":[{"width":2000,"height":1333,"url":"https:\/\/media1.fojab.se\/2025\/04\/H55-paviljongen_2000.jpg","type":"image\/jpeg"}],"author":"Frida Roijer","twitter_card":"summary_large_image","twitter_misc":{"Written by":"Frida Roijer","Est. reading time":"2 minutes"},"schema":{"@context":"https:\/\/schema.org","@graph":[{"@type":"Article","@id":"https:\/\/fojab.se\/aktuellt\/fojab-flyttar-in-i-ikoniska-h55-paviljongen\/#article","isPartOf":{"@id":"https:\/\/fojab.se\/aktuellt\/fojab-flyttar-in-i-ikoniska-h55-paviljongen\/"},"author":{"name":"Frida Roijer","@id":"https:\/\/fojab.se\/#\/schema\/person\/54707f9ec80683b444c021e58fc3b87b"},"headline":"FOJAB flyttar in i ikoniska H55-paviljongen!","datePublished":"2025-04-04T07:01:36+00:00","dateModified":"2025-04-04T08:27:30+00:00","mainEntityOfPage":{"@id":"https:\/\/fojab.se\/aktuellt\/fojab-flyttar-in-i-ikoniska-h55-paviljongen\/"},"wordCount":307,"image":{"@id":"https:\/\/fojab.se\/aktuellt\/fojab-flyttar-in-i-ikoniska-h55-paviljongen\/#primaryimage"},"thumbnailUrl":"https:\/\/media1.fojab.se\/2025\/04\/H55-paviljongen_2000.jpg","inLanguage":"en-US"},{"@type":"WebPage","@id":"https:\/\/fojab.se\/aktuellt\/fojab-flyttar-in-i-ikoniska-h55-paviljongen\/","url":"https:\/\/fojab.se\/aktuellt\/fojab-flyttar-in-i-ikoniska-h55-paviljongen\/","name":"FOJAB moves into the iconic H55 Pavilion! | FOJAB","isPartOf":{"@id":"https:\/\/fojab.se\/#website"},"primaryImageOfPage":{"@id":"https:\/\/fojab.se\/aktuellt\/fojab-flyttar-in-i-ikoniska-h55-paviljongen\/#primaryimage"},"image":{"@id":"https:\/\/fojab.se\/aktuellt\/fojab-flyttar-in-i-ikoniska-h55-paviljongen\/#primaryimage"},"thumbnailUrl":"https:\/\/media1.fojab.se\/2025\/04\/H55-paviljongen_2000.jpg","datePublished":"2025-04-04T07:01:36+00:00","dateModified":"2025-04-04T08:27:30+00:00","author":{"@id":"https:\/\/fojab.se\/#\/schema\/person\/54707f9ec80683b444c021e58fc3b87b"},"breadcrumb":{"@id":"https:\/\/fojab.se\/aktuellt\/fojab-flyttar-in-i-ikoniska-h55-paviljongen\/#breadcrumb"},"inLanguage":"en-US","potentialAction":[{"@type":"ReadAction","target":["https:\/\/fojab.se\/aktuellt\/fojab-flyttar-in-i-ikoniska-h55-paviljongen\/"]}]},{"@type":"ImageObject","inLanguage":"en-US","@id":"https:\/\/fojab.se\/aktuellt\/fojab-flyttar-in-i-ikoniska-h55-paviljongen\/#primaryimage","url":"https:\/\/media1.fojab.se\/2025\/04\/H55-paviljongen_2000.jpg","contentUrl":"https:\/\/media1.fojab.se\/2025\/04\/H55-paviljongen_2000.jpg","width":2000,"height":1333},{"@type":"BreadcrumbList","@id":"https:\/\/fojab.se\/aktuellt\/fojab-flyttar-in-i-ikoniska-h55-paviljongen\/#breadcrumb","itemListElement":[{"@type":"ListItem","position":1,"name":"Hem","item":"https:\/\/fojab.se\/"},{"@type":"ListItem","position":2,"name":"FOJAB flyttar in i ikoniska H55-paviljongen!"}]},{"@type":"WebSite","@id":"https:\/\/fojab.se\/#website","url":"https:\/\/fojab.se\/","name":"FOJAB","description":"","potentialAction":[{"@type":"SearchAction","target":{"@type":"EntryPoint","urlTemplate":"https:\/\/fojab.se\/?s={search_term_string}"},"query-input":{"@type":"PropertyValueSpecification","valueRequired":true,"valueName":"search_term_string"}}],"inLanguage":"en-US"},{"@type":"Person","@id":"https:\/\/fojab.se\/#\/schema\/person\/54707f9ec80683b444c021e58fc3b87b","name":"Frida Roijer","image":{"@type":"ImageObject","inLanguage":"en-US","@id":"https:\/\/secure.gravatar.com\/avatar\/73fc92bb137edd2c9c6b8c33107eb69f59aacacfaee9868d7f812a97a93b9d9a?s=96&d=mm&r=g","url":"https:\/\/secure.gravatar.com\/avatar\/73fc92bb137edd2c9c6b8c33107eb69f59aacacfaee9868d7f812a97a93b9d9a?s=96&d=mm&r=g","contentUrl":"https:\/\/secure.gravatar.com\/avatar\/73fc92bb137edd2c9c6b8c33107eb69f59aacacfaee9868d7f812a97a93b9d9a?s=96&d=mm&r=g","caption":"Frida Roijer"},"url":"https:\/\/fojab.se\/en\/aktuellt\/author\/frida-roijer\/"}]}},"_links":{"self":[{"href":"https:\/\/fojab.se\/en\/wp-json\/wp\/v2\/posts\/13808","targetHints":{"allow":["GET"]}}],"collection":[{"href":"https:\/\/fojab.se\/en\/wp-json\/wp\/v2\/posts"}],"about":[{"href":"https:\/\/fojab.se\/en\/wp-json\/wp\/v2\/types\/post"}],"author":[{"embeddable":true,"href":"https:\/\/fojab.se\/en\/wp-json\/wp\/v2\/users\/13"}],"replies":[{"embeddable":true,"href":"https:\/\/fojab.se\/en\/wp-json\/wp\/v2\/comments?post=13808"}],"version-history":[{"count":5,"href":"https:\/\/fojab.se\/en\/wp-json\/wp\/v2\/posts\/13808\/revisions"}],"predecessor-version":[{"id":13818,"href":"https:\/\/fojab.se\/en\/wp-json\/wp\/v2\/posts\/13808\/revisions\/13818"}],"wp:featuredmedia":[{"embeddable":true,"href":"https:\/\/fojab.se\/en\/wp-json\/wp\/v2\/media\/13809"}],"wp:attachment":[{"href":"https:\/\/fojab.se\/en\/wp-json\/wp\/v2\/media?parent=13808"}],"wp:term":[{"taxonomy":"category","embeddable":true,"href":"https:\/\/fojab.se\/en\/wp-json\/wp\/v2\/categories?post=13808"},{"taxonomy":"post_tag","embeddable":true,"href":"https:\/\/fojab.se\/en\/wp-json\/wp\/v2\/tags?post=13808"}],"curies":[{"name":"wp","href":"https:\/\/api.w.org\/{rel}","templated":true}]}}