{"id":13555,"date":"2025-01-22T09:28:29","date_gmt":"2025-01-22T08:28:29","guid":{"rendered":"https:\/\/fojab.se\/?p=13555"},"modified":"2025-02-28T10:32:11","modified_gmt":"2025-02-28T09:32:11","slug":"anna-karin-eklund-new-chairman-of-the-board-of-fojab","status":"publish","type":"post","link":"https:\/\/fojab.se\/en\/topical\/anna-karin-eklund-new-chairman-of-the-board-of-fojab\/","title":{"rendered":"Anna-Karin Eklund new Chairman of the Board of FOJAB"},"content":{"rendered":"<p><b>FOJAB's owners have elected Anna-Karin Eklund as new Chairman of the Board. The Board has also been strengthened with a new external member, Agneta Rinman. <\/b><\/p>\n<p>FOJAB is one of Sweden's leading architectural firms with a total of around 160 employees in Malm\u00f6, Stockholm, Gothenburg and Helsingborg. The assignments include architecture at all scales - investigation, planning and design of urban environments, buildings, landscapes and interiors. The company is owned by the leading architects.<\/p>\n<p>At the last shareholders' meeting, Anna-Karin Eklund was elected as the new Chairman of the Board. She succeeds Ulf Pettersson who is leaving the Board after 14 years. Ulf will continue to act as financial advisor to the owner, board, CEO and management team to ensure stability and skills transfer.<\/p>\n<p>Anna-Karin Eklund has 30 years of experience in the real estate industry and currently works in her own business with project management and consulting in urban development projects. She has been a member of FOJAB's board since 2014.<\/p>\n<p>At the meeting, Agneta Rinman was also elected to the Board as an external member. Agneta has more than 30 years of experience in business development, strategy and leadership. She was previously active in the consulting industry and is currently CEO of KTH Executive School.<\/p>\n<p>- For FOJAB, the external perspective is very important, we see that it strengthens us as a company. Anna-Karin Eklund and Agneta Rinman are two qualified people who will contribute valuable input and energy to the board work - and challenge us. I would like to thank Ulf for all the years together, because FOJAB has managed to maintain its stable position in a troubled market. Now I look forward to a continued good cooperation with the board with Anna-Karin as chairman, and to take on new challenges together,\" says CEO Daniel Nord.<\/p>","protected":false},"excerpt":{"rendered":"<p>FOJABs \u00e4gare har valt Anna-Karin Eklund till ny styrelseordf\u00f6rande. Styrelsen har \u00e4ven f\u00f6rst\u00e4rkts med en ny extern ledamot, Agneta Rinman. FOJAB \u00e4r ett av Sveriges ledande arkitektkontor med totalt cirka 160 medarbetare i Malm\u00f6, Stockholm, G\u00f6teborg och Helsingborg. Uppdragen omfattar arkitektur i alla skalor \u2013 utredning, planering och projektering av stadsmilj\u00f6er, byggnader, landskap och inredning. [&hellip;]<\/p>\n","protected":false},"author":13,"featured_media":13558,"comment_status":"closed","ping_status":"open","sticky":false,"template":"","format":"standard","meta":{"_monsterinsights_skip_tracking":false,"_monsterinsights_sitenote_active":false,"_monsterinsights_sitenote_note":"","_monsterinsights_sitenote_category":0,"footnotes":""},"categories":[1],"tags":[],"class_list":["post-13555","post","type-post","status-publish","format-standard","has-post-thumbnail","hentry","category-uncategorized"],"acf":[],"yoast_head":"<!-- This site is optimized with the Yoast SEO plugin v27.5 - https:\/\/yoast.com\/product\/yoast-seo-wordpress\/ -->\n<title>Anna-Karin Eklund ny styrelseordf\u00f6rande i FOJAB | FOJAB<\/title>\n<meta name=\"robots\" content=\"index, follow, max-snippet:-1, max-image-preview:large, max-video-preview:-1\" \/>\n<link rel=\"canonical\" href=\"https:\/\/fojab.se\/en\/topical\/anna-karin-eklund-new-chairman-of-the-board-of-fojab\/\" \/>\n<meta property=\"og:locale\" content=\"en_US\" \/>\n<meta property=\"og:type\" content=\"article\" \/>\n<meta property=\"og:title\" content=\"Anna-Karin Eklund ny styrelseordf\u00f6rande i FOJAB | FOJAB\" \/>\n<meta property=\"og:description\" content=\"FOJABs \u00e4gare har valt Anna-Karin Eklund till ny styrelseordf\u00f6rande. Styrelsen har \u00e4ven f\u00f6rst\u00e4rkts med en ny extern ledamot, Agneta Rinman. FOJAB \u00e4r ett av Sveriges ledande arkitektkontor med totalt cirka 160 medarbetare i Malm\u00f6, Stockholm, G\u00f6teborg och Helsingborg. Uppdragen omfattar arkitektur i alla skalor \u2013 utredning, planering och projektering av stadsmilj\u00f6er, byggnader, landskap och inredning. [&hellip;]\" \/>\n<meta property=\"og:url\" content=\"https:\/\/fojab.se\/en\/topical\/anna-karin-eklund-new-chairman-of-the-board-of-fojab\/\" \/>\n<meta property=\"og:site_name\" content=\"FOJAB\" \/>\n<meta property=\"article:published_time\" content=\"2025-01-22T08:28:29+00:00\" \/>\n<meta property=\"article:modified_time\" content=\"2025-02-28T09:32:11+00:00\" \/>\n<meta property=\"og:image\" content=\"https:\/\/media1.fojab.se\/2025\/01\/Anna-Karin-Eklund-sv-1.jpg\" \/>\n\t<meta property=\"og:image:width\" content=\"487\" \/>\n\t<meta property=\"og:image:height\" content=\"325\" \/>\n\t<meta property=\"og:image:type\" content=\"image\/jpeg\" \/>\n<meta name=\"author\" content=\"Frida Roijer\" \/>\n<meta name=\"twitter:card\" content=\"summary_large_image\" \/>\n<meta name=\"twitter:label1\" content=\"Written by\" \/>\n\t<meta name=\"twitter:data1\" content=\"Frida Roijer\" \/>\n\t<meta name=\"twitter:label2\" content=\"Est. reading time\" \/>\n\t<meta name=\"twitter:data2\" content=\"2 minutes\" \/>\n<script type=\"application\/ld+json\" class=\"yoast-schema-graph\">{\"@context\":\"https:\\\/\\\/schema.org\",\"@graph\":[{\"@type\":\"Article\",\"@id\":\"https:\\\/\\\/fojab.se\\\/aktuellt\\\/anna-karin-eklund-ny-styrelseordforande-i-fojab\\\/#article\",\"isPartOf\":{\"@id\":\"https:\\\/\\\/fojab.se\\\/aktuellt\\\/anna-karin-eklund-ny-styrelseordforande-i-fojab\\\/\"},\"author\":{\"name\":\"Frida Roijer\",\"@id\":\"https:\\\/\\\/fojab.se\\\/#\\\/schema\\\/person\\\/54707f9ec80683b444c021e58fc3b87b\"},\"headline\":\"Anna-Karin Eklund ny styrelseordf\u00f6rande i FOJAB\",\"datePublished\":\"2025-01-22T08:28:29+00:00\",\"dateModified\":\"2025-02-28T09:32:11+00:00\",\"mainEntityOfPage\":{\"@id\":\"https:\\\/\\\/fojab.se\\\/aktuellt\\\/anna-karin-eklund-ny-styrelseordforande-i-fojab\\\/\"},\"wordCount\":284,\"image\":{\"@id\":\"https:\\\/\\\/fojab.se\\\/aktuellt\\\/anna-karin-eklund-ny-styrelseordforande-i-fojab\\\/#primaryimage\"},\"thumbnailUrl\":\"https:\\\/\\\/media1.fojab.se\\\/2025\\\/01\\\/Anna-Karin-Eklund-sv-1.jpg\",\"inLanguage\":\"en-US\"},{\"@type\":\"WebPage\",\"@id\":\"https:\\\/\\\/fojab.se\\\/aktuellt\\\/anna-karin-eklund-ny-styrelseordforande-i-fojab\\\/\",\"url\":\"https:\\\/\\\/fojab.se\\\/aktuellt\\\/anna-karin-eklund-ny-styrelseordforande-i-fojab\\\/\",\"name\":\"Anna-Karin Eklund ny styrelseordf\u00f6rande i FOJAB | FOJAB\",\"isPartOf\":{\"@id\":\"https:\\\/\\\/fojab.se\\\/#website\"},\"primaryImageOfPage\":{\"@id\":\"https:\\\/\\\/fojab.se\\\/aktuellt\\\/anna-karin-eklund-ny-styrelseordforande-i-fojab\\\/#primaryimage\"},\"image\":{\"@id\":\"https:\\\/\\\/fojab.se\\\/aktuellt\\\/anna-karin-eklund-ny-styrelseordforande-i-fojab\\\/#primaryimage\"},\"thumbnailUrl\":\"https:\\\/\\\/media1.fojab.se\\\/2025\\\/01\\\/Anna-Karin-Eklund-sv-1.jpg\",\"datePublished\":\"2025-01-22T08:28:29+00:00\",\"dateModified\":\"2025-02-28T09:32:11+00:00\",\"author\":{\"@id\":\"https:\\\/\\\/fojab.se\\\/#\\\/schema\\\/person\\\/54707f9ec80683b444c021e58fc3b87b\"},\"breadcrumb\":{\"@id\":\"https:\\\/\\\/fojab.se\\\/aktuellt\\\/anna-karin-eklund-ny-styrelseordforande-i-fojab\\\/#breadcrumb\"},\"inLanguage\":\"en-US\",\"potentialAction\":[{\"@type\":\"ReadAction\",\"target\":[\"https:\\\/\\\/fojab.se\\\/aktuellt\\\/anna-karin-eklund-ny-styrelseordforande-i-fojab\\\/\"]}]},{\"@type\":\"ImageObject\",\"inLanguage\":\"en-US\",\"@id\":\"https:\\\/\\\/fojab.se\\\/aktuellt\\\/anna-karin-eklund-ny-styrelseordforande-i-fojab\\\/#primaryimage\",\"url\":\"https:\\\/\\\/media1.fojab.se\\\/2025\\\/01\\\/Anna-Karin-Eklund-sv-1.jpg\",\"contentUrl\":\"https:\\\/\\\/media1.fojab.se\\\/2025\\\/01\\\/Anna-Karin-Eklund-sv-1.jpg\",\"width\":487,\"height\":325},{\"@type\":\"BreadcrumbList\",\"@id\":\"https:\\\/\\\/fojab.se\\\/aktuellt\\\/anna-karin-eklund-ny-styrelseordforande-i-fojab\\\/#breadcrumb\",\"itemListElement\":[{\"@type\":\"ListItem\",\"position\":1,\"name\":\"Hem\",\"item\":\"https:\\\/\\\/fojab.se\\\/\"},{\"@type\":\"ListItem\",\"position\":2,\"name\":\"Anna-Karin Eklund ny styrelseordf\u00f6rande i FOJAB\"}]},{\"@type\":\"WebSite\",\"@id\":\"https:\\\/\\\/fojab.se\\\/#website\",\"url\":\"https:\\\/\\\/fojab.se\\\/\",\"name\":\"FOJAB\",\"description\":\"\",\"potentialAction\":[{\"@type\":\"SearchAction\",\"target\":{\"@type\":\"EntryPoint\",\"urlTemplate\":\"https:\\\/\\\/fojab.se\\\/?s={search_term_string}\"},\"query-input\":{\"@type\":\"PropertyValueSpecification\",\"valueRequired\":true,\"valueName\":\"search_term_string\"}}],\"inLanguage\":\"en-US\"},{\"@type\":\"Person\",\"@id\":\"https:\\\/\\\/fojab.se\\\/#\\\/schema\\\/person\\\/54707f9ec80683b444c021e58fc3b87b\",\"name\":\"Frida Roijer\",\"image\":{\"@type\":\"ImageObject\",\"inLanguage\":\"en-US\",\"@id\":\"https:\\\/\\\/secure.gravatar.com\\\/avatar\\\/73fc92bb137edd2c9c6b8c33107eb69f59aacacfaee9868d7f812a97a93b9d9a?s=96&d=mm&r=g\",\"url\":\"https:\\\/\\\/secure.gravatar.com\\\/avatar\\\/73fc92bb137edd2c9c6b8c33107eb69f59aacacfaee9868d7f812a97a93b9d9a?s=96&d=mm&r=g\",\"contentUrl\":\"https:\\\/\\\/secure.gravatar.com\\\/avatar\\\/73fc92bb137edd2c9c6b8c33107eb69f59aacacfaee9868d7f812a97a93b9d9a?s=96&d=mm&r=g\",\"caption\":\"Frida Roijer\"},\"url\":\"https:\\\/\\\/fojab.se\\\/en\\\/aktuellt\\\/author\\\/frida-roijer\\\/\"}]}<\/script>\n<!-- \/ Yoast SEO plugin. -->","yoast_head_json":{"title":"Anna-Karin Eklund new Chairman of the Board of FOJAB | FOJAB","robots":{"index":"index","follow":"follow","max-snippet":"max-snippet:-1","max-image-preview":"max-image-preview:large","max-video-preview":"max-video-preview:-1"},"canonical":"https:\/\/fojab.se\/en\/topical\/anna-karin-eklund-new-chairman-of-the-board-of-fojab\/","og_locale":"en_US","og_type":"article","og_title":"Anna-Karin Eklund ny styrelseordf\u00f6rande i FOJAB | FOJAB","og_description":"FOJABs \u00e4gare har valt Anna-Karin Eklund till ny styrelseordf\u00f6rande. Styrelsen har \u00e4ven f\u00f6rst\u00e4rkts med en ny extern ledamot, Agneta Rinman. FOJAB \u00e4r ett av Sveriges ledande arkitektkontor med totalt cirka 160 medarbetare i Malm\u00f6, Stockholm, G\u00f6teborg och Helsingborg. Uppdragen omfattar arkitektur i alla skalor \u2013 utredning, planering och projektering av stadsmilj\u00f6er, byggnader, landskap och inredning. [&hellip;]","og_url":"https:\/\/fojab.se\/en\/topical\/anna-karin-eklund-new-chairman-of-the-board-of-fojab\/","og_site_name":"FOJAB","article_published_time":"2025-01-22T08:28:29+00:00","article_modified_time":"2025-02-28T09:32:11+00:00","og_image":[{"width":487,"height":325,"url":"https:\/\/media1.fojab.se\/2025\/01\/Anna-Karin-Eklund-sv-1.jpg","type":"image\/jpeg"}],"author":"Frida Roijer","twitter_card":"summary_large_image","twitter_misc":{"Written by":"Frida Roijer","Est. reading time":"2 minutes"},"schema":{"@context":"https:\/\/schema.org","@graph":[{"@type":"Article","@id":"https:\/\/fojab.se\/aktuellt\/anna-karin-eklund-ny-styrelseordforande-i-fojab\/#article","isPartOf":{"@id":"https:\/\/fojab.se\/aktuellt\/anna-karin-eklund-ny-styrelseordforande-i-fojab\/"},"author":{"name":"Frida Roijer","@id":"https:\/\/fojab.se\/#\/schema\/person\/54707f9ec80683b444c021e58fc3b87b"},"headline":"Anna-Karin Eklund ny styrelseordf\u00f6rande i FOJAB","datePublished":"2025-01-22T08:28:29+00:00","dateModified":"2025-02-28T09:32:11+00:00","mainEntityOfPage":{"@id":"https:\/\/fojab.se\/aktuellt\/anna-karin-eklund-ny-styrelseordforande-i-fojab\/"},"wordCount":284,"image":{"@id":"https:\/\/fojab.se\/aktuellt\/anna-karin-eklund-ny-styrelseordforande-i-fojab\/#primaryimage"},"thumbnailUrl":"https:\/\/media1.fojab.se\/2025\/01\/Anna-Karin-Eklund-sv-1.jpg","inLanguage":"en-US"},{"@type":"WebPage","@id":"https:\/\/fojab.se\/aktuellt\/anna-karin-eklund-ny-styrelseordforande-i-fojab\/","url":"https:\/\/fojab.se\/aktuellt\/anna-karin-eklund-ny-styrelseordforande-i-fojab\/","name":"Anna-Karin Eklund new Chairman of the Board of FOJAB | FOJAB","isPartOf":{"@id":"https:\/\/fojab.se\/#website"},"primaryImageOfPage":{"@id":"https:\/\/fojab.se\/aktuellt\/anna-karin-eklund-ny-styrelseordforande-i-fojab\/#primaryimage"},"image":{"@id":"https:\/\/fojab.se\/aktuellt\/anna-karin-eklund-ny-styrelseordforande-i-fojab\/#primaryimage"},"thumbnailUrl":"https:\/\/media1.fojab.se\/2025\/01\/Anna-Karin-Eklund-sv-1.jpg","datePublished":"2025-01-22T08:28:29+00:00","dateModified":"2025-02-28T09:32:11+00:00","author":{"@id":"https:\/\/fojab.se\/#\/schema\/person\/54707f9ec80683b444c021e58fc3b87b"},"breadcrumb":{"@id":"https:\/\/fojab.se\/aktuellt\/anna-karin-eklund-ny-styrelseordforande-i-fojab\/#breadcrumb"},"inLanguage":"en-US","potentialAction":[{"@type":"ReadAction","target":["https:\/\/fojab.se\/aktuellt\/anna-karin-eklund-ny-styrelseordforande-i-fojab\/"]}]},{"@type":"ImageObject","inLanguage":"en-US","@id":"https:\/\/fojab.se\/aktuellt\/anna-karin-eklund-ny-styrelseordforande-i-fojab\/#primaryimage","url":"https:\/\/media1.fojab.se\/2025\/01\/Anna-Karin-Eklund-sv-1.jpg","contentUrl":"https:\/\/media1.fojab.se\/2025\/01\/Anna-Karin-Eklund-sv-1.jpg","width":487,"height":325},{"@type":"BreadcrumbList","@id":"https:\/\/fojab.se\/aktuellt\/anna-karin-eklund-ny-styrelseordforande-i-fojab\/#breadcrumb","itemListElement":[{"@type":"ListItem","position":1,"name":"Hem","item":"https:\/\/fojab.se\/"},{"@type":"ListItem","position":2,"name":"Anna-Karin Eklund ny styrelseordf\u00f6rande i FOJAB"}]},{"@type":"WebSite","@id":"https:\/\/fojab.se\/#website","url":"https:\/\/fojab.se\/","name":"FOJAB","description":"","potentialAction":[{"@type":"SearchAction","target":{"@type":"EntryPoint","urlTemplate":"https:\/\/fojab.se\/?s={search_term_string}"},"query-input":{"@type":"PropertyValueSpecification","valueRequired":true,"valueName":"search_term_string"}}],"inLanguage":"en-US"},{"@type":"Person","@id":"https:\/\/fojab.se\/#\/schema\/person\/54707f9ec80683b444c021e58fc3b87b","name":"Frida Roijer","image":{"@type":"ImageObject","inLanguage":"en-US","@id":"https:\/\/secure.gravatar.com\/avatar\/73fc92bb137edd2c9c6b8c33107eb69f59aacacfaee9868d7f812a97a93b9d9a?s=96&d=mm&r=g","url":"https:\/\/secure.gravatar.com\/avatar\/73fc92bb137edd2c9c6b8c33107eb69f59aacacfaee9868d7f812a97a93b9d9a?s=96&d=mm&r=g","contentUrl":"https:\/\/secure.gravatar.com\/avatar\/73fc92bb137edd2c9c6b8c33107eb69f59aacacfaee9868d7f812a97a93b9d9a?s=96&d=mm&r=g","caption":"Frida Roijer"},"url":"https:\/\/fojab.se\/en\/aktuellt\/author\/frida-roijer\/"}]}},"_links":{"self":[{"href":"https:\/\/fojab.se\/en\/wp-json\/wp\/v2\/posts\/13555","targetHints":{"allow":["GET"]}}],"collection":[{"href":"https:\/\/fojab.se\/en\/wp-json\/wp\/v2\/posts"}],"about":[{"href":"https:\/\/fojab.se\/en\/wp-json\/wp\/v2\/types\/post"}],"author":[{"embeddable":true,"href":"https:\/\/fojab.se\/en\/wp-json\/wp\/v2\/users\/13"}],"replies":[{"embeddable":true,"href":"https:\/\/fojab.se\/en\/wp-json\/wp\/v2\/comments?post=13555"}],"version-history":[{"count":4,"href":"https:\/\/fojab.se\/en\/wp-json\/wp\/v2\/posts\/13555\/revisions"}],"predecessor-version":[{"id":13671,"href":"https:\/\/fojab.se\/en\/wp-json\/wp\/v2\/posts\/13555\/revisions\/13671"}],"wp:featuredmedia":[{"embeddable":true,"href":"https:\/\/fojab.se\/en\/wp-json\/wp\/v2\/media\/13558"}],"wp:attachment":[{"href":"https:\/\/fojab.se\/en\/wp-json\/wp\/v2\/media?parent=13555"}],"wp:term":[{"taxonomy":"category","embeddable":true,"href":"https:\/\/fojab.se\/en\/wp-json\/wp\/v2\/categories?post=13555"},{"taxonomy":"post_tag","embeddable":true,"href":"https:\/\/fojab.se\/en\/wp-json\/wp\/v2\/tags?post=13555"}],"curies":[{"name":"wp","href":"https:\/\/api.w.org\/{rel}","templated":true}]}}