{"id":10053,"date":"2023-01-26T08:53:56","date_gmt":"2023-01-26T07:53:56","guid":{"rendered":"https:\/\/fojab.se\/?p=10053"},"modified":"2023-02-01T11:14:18","modified_gmt":"2023-02-01T10:14:18","slug":"has-allowed-the-needs-of-patients-and-relatives-to-be-addressed","status":"publish","type":"post","link":"https:\/\/fojab.se\/en\/topical\/has-allowed-the-needs-of-patients-and-relatives-to-be-addressed\/","title":{"rendered":"Addressing the needs of patients and families"},"content":{"rendered":"<p class=\"04FBrdtext\"><b>The palliative care ward at Lasarettet in Motala will be rebuilt to best meet the needs of the organization, patients and relatives. FOJAB is behind the design.<\/b><\/p>\n<p class=\"04FBrdtext\">The reconstruction of Motala Lasarett's palliative care department is one of several assignments that FOJAB has for Region \u00d6sterg\u00f6tland within the framework agreement. In February, the construction document design starts.<\/p>\n<p class=\"04FBrdtext\">This is a major reconstruction and modernization of the ward. The major difference for patients will be that the multi-patient rooms will be converted into single-patient rooms.<\/p>\n<p class=\"04FBrdtext\">- Palliative care is special because the patient does not recover. We work a lot on making the rooms comfortable and cozy with the help of lighting, colors, views and art,\" says Johanna Raflund Tobisson, responsible architect at FOJAB.<\/p>\n<p class=\"04FBrdtext\">- At the same time, we must always think in a longer perspective when renovating, building and extending, so that the solutions are general and other activities can move in after only minor adjustments. As architects, we have an important role to play here, to create spaces with a high degree of generality and flexibility without them becoming bare, boring and technology-heavy. It requires knowledge and finesse.<\/p>\n<p class=\"04FBrdtext\">The needs of relatives are also given greater attention in Motala's new palliative care unit. Overnight accommodation for relatives is an important part of the care given to patients at the end of their lives.<\/p>\n<p class=\"04FBrdtext\">- By creating this area in the single patient rooms, loved ones can be present and make the last time worthwhile. 'We also create small seating niches in the corridor where relatives can withdraw and leave the patient for a short time but still be close by,' says Johanna Raflund Tobisson.<\/p>\n<p class=\"04FBrdtext\">FOJAB has developed the new floor plan in close dialogue with the business, so that the premises are maximally effective and can support the care in the best possible way. The rebuilt ward is expected to be opened in 2024.<\/p>","protected":false},"excerpt":{"rendered":"<p>Den palliativa v\u00e5rdavdelningen p\u00e5 Lasarettet i Motala ska byggas om f\u00f6r att p\u00e5 b\u00e4sta s\u00e4tt uppfylla verksamhetens, patienternas och de anh\u00f6rigas behov. FOJAB st\u00e5r bakom gestaltningen. Ombyggnaden av Motala lasaretts palliativa v\u00e5rdavdelning \u00e4r ett av flera uppdrag som FOJAB har f\u00f6r Region \u00d6sterg\u00f6tland inom ramavtalet. I februari startar bygghandlingsprojekteringen. Det \u00e4r en genomgripande ombyggnation och [&hellip;]<\/p>\n","protected":false},"author":13,"featured_media":10055,"comment_status":"closed","ping_status":"open","sticky":false,"template":"","format":"standard","meta":{"_monsterinsights_skip_tracking":false,"_monsterinsights_sitenote_active":false,"_monsterinsights_sitenote_note":"","_monsterinsights_sitenote_category":0,"footnotes":""},"categories":[1],"tags":[],"class_list":["post-10053","post","type-post","status-publish","format-standard","has-post-thumbnail","hentry","category-uncategorized"],"acf":[],"yoast_head":"<!-- This site is optimized with the Yoast SEO plugin v27.5 - https:\/\/yoast.com\/product\/yoast-seo-wordpress\/ -->\n<title>H\u00e4r f\u00e5r patienters och anh\u00f6rigas behov ta plats | FOJAB<\/title>\n<meta name=\"robots\" content=\"index, follow, max-snippet:-1, max-image-preview:large, max-video-preview:-1\" \/>\n<link rel=\"canonical\" href=\"https:\/\/fojab.se\/en\/topical\/has-allowed-the-needs-of-patients-and-relatives-to-be-addressed\/\" \/>\n<meta property=\"og:locale\" content=\"en_US\" \/>\n<meta property=\"og:type\" content=\"article\" \/>\n<meta property=\"og:title\" content=\"H\u00e4r f\u00e5r patienters och anh\u00f6rigas behov ta plats | FOJAB\" \/>\n<meta property=\"og:description\" content=\"Den palliativa v\u00e5rdavdelningen p\u00e5 Lasarettet i Motala ska byggas om f\u00f6r att p\u00e5 b\u00e4sta s\u00e4tt uppfylla verksamhetens, patienternas och de anh\u00f6rigas behov. FOJAB st\u00e5r bakom gestaltningen. Ombyggnaden av Motala lasaretts palliativa v\u00e5rdavdelning \u00e4r ett av flera uppdrag som FOJAB har f\u00f6r Region \u00d6sterg\u00f6tland inom ramavtalet. I februari startar bygghandlingsprojekteringen. Det \u00e4r en genomgripande ombyggnation och [&hellip;]\" \/>\n<meta property=\"og:url\" content=\"https:\/\/fojab.se\/en\/topical\/has-allowed-the-needs-of-patients-and-relatives-to-be-addressed\/\" \/>\n<meta property=\"og:site_name\" content=\"FOJAB\" \/>\n<meta property=\"article:published_time\" content=\"2023-01-26T07:53:56+00:00\" \/>\n<meta property=\"article:modified_time\" content=\"2023-02-01T10:14:18+00:00\" \/>\n<meta property=\"og:image\" content=\"https:\/\/media1.fojab.se\/2023\/01\/Motala-palliativ-avd_FOJAB-scaled.jpg\" \/>\n\t<meta property=\"og:image:width\" content=\"2000\" \/>\n\t<meta property=\"og:image:height\" content=\"1414\" \/>\n\t<meta property=\"og:image:type\" content=\"image\/jpeg\" \/>\n<meta name=\"author\" content=\"Frida Roijer\" \/>\n<meta name=\"twitter:card\" content=\"summary_large_image\" \/>\n<meta name=\"twitter:label1\" content=\"Written by\" \/>\n\t<meta name=\"twitter:data1\" content=\"Frida Roijer\" \/>\n\t<meta name=\"twitter:label2\" content=\"Est. reading time\" \/>\n\t<meta name=\"twitter:data2\" content=\"2 minutes\" \/>\n<script type=\"application\/ld+json\" class=\"yoast-schema-graph\">{\"@context\":\"https:\\\/\\\/schema.org\",\"@graph\":[{\"@type\":\"Article\",\"@id\":\"https:\\\/\\\/fojab.se\\\/aktuellt\\\/har-far-patienters-och-anhorigas-behov-ta-plats\\\/#article\",\"isPartOf\":{\"@id\":\"https:\\\/\\\/fojab.se\\\/aktuellt\\\/har-far-patienters-och-anhorigas-behov-ta-plats\\\/\"},\"author\":{\"name\":\"Frida Roijer\",\"@id\":\"https:\\\/\\\/fojab.se\\\/#\\\/schema\\\/person\\\/54707f9ec80683b444c021e58fc3b87b\"},\"headline\":\"H\u00e4r f\u00e5r patienters och anh\u00f6rigas behov ta plats\",\"datePublished\":\"2023-01-26T07:53:56+00:00\",\"dateModified\":\"2023-02-01T10:14:18+00:00\",\"mainEntityOfPage\":{\"@id\":\"https:\\\/\\\/fojab.se\\\/aktuellt\\\/har-far-patienters-och-anhorigas-behov-ta-plats\\\/\"},\"wordCount\":353,\"image\":{\"@id\":\"https:\\\/\\\/fojab.se\\\/aktuellt\\\/har-far-patienters-och-anhorigas-behov-ta-plats\\\/#primaryimage\"},\"thumbnailUrl\":\"https:\\\/\\\/media1.fojab.se\\\/2023\\\/01\\\/Motala-palliativ-avd_FOJAB-scaled.jpg\",\"inLanguage\":\"en-US\"},{\"@type\":\"WebPage\",\"@id\":\"https:\\\/\\\/fojab.se\\\/aktuellt\\\/har-far-patienters-och-anhorigas-behov-ta-plats\\\/\",\"url\":\"https:\\\/\\\/fojab.se\\\/aktuellt\\\/har-far-patienters-och-anhorigas-behov-ta-plats\\\/\",\"name\":\"H\u00e4r f\u00e5r patienters och anh\u00f6rigas behov ta plats | FOJAB\",\"isPartOf\":{\"@id\":\"https:\\\/\\\/fojab.se\\\/#website\"},\"primaryImageOfPage\":{\"@id\":\"https:\\\/\\\/fojab.se\\\/aktuellt\\\/har-far-patienters-och-anhorigas-behov-ta-plats\\\/#primaryimage\"},\"image\":{\"@id\":\"https:\\\/\\\/fojab.se\\\/aktuellt\\\/har-far-patienters-och-anhorigas-behov-ta-plats\\\/#primaryimage\"},\"thumbnailUrl\":\"https:\\\/\\\/media1.fojab.se\\\/2023\\\/01\\\/Motala-palliativ-avd_FOJAB-scaled.jpg\",\"datePublished\":\"2023-01-26T07:53:56+00:00\",\"dateModified\":\"2023-02-01T10:14:18+00:00\",\"author\":{\"@id\":\"https:\\\/\\\/fojab.se\\\/#\\\/schema\\\/person\\\/54707f9ec80683b444c021e58fc3b87b\"},\"breadcrumb\":{\"@id\":\"https:\\\/\\\/fojab.se\\\/aktuellt\\\/har-far-patienters-och-anhorigas-behov-ta-plats\\\/#breadcrumb\"},\"inLanguage\":\"en-US\",\"potentialAction\":[{\"@type\":\"ReadAction\",\"target\":[\"https:\\\/\\\/fojab.se\\\/aktuellt\\\/har-far-patienters-och-anhorigas-behov-ta-plats\\\/\"]}]},{\"@type\":\"ImageObject\",\"inLanguage\":\"en-US\",\"@id\":\"https:\\\/\\\/fojab.se\\\/aktuellt\\\/har-far-patienters-och-anhorigas-behov-ta-plats\\\/#primaryimage\",\"url\":\"https:\\\/\\\/media1.fojab.se\\\/2023\\\/01\\\/Motala-palliativ-avd_FOJAB-scaled.jpg\",\"contentUrl\":\"https:\\\/\\\/media1.fojab.se\\\/2023\\\/01\\\/Motala-palliativ-avd_FOJAB-scaled.jpg\",\"width\":2000,\"height\":1414},{\"@type\":\"BreadcrumbList\",\"@id\":\"https:\\\/\\\/fojab.se\\\/aktuellt\\\/har-far-patienters-och-anhorigas-behov-ta-plats\\\/#breadcrumb\",\"itemListElement\":[{\"@type\":\"ListItem\",\"position\":1,\"name\":\"Hem\",\"item\":\"https:\\\/\\\/fojab.se\\\/\"},{\"@type\":\"ListItem\",\"position\":2,\"name\":\"H\u00e4r f\u00e5r patienters och anh\u00f6rigas behov ta plats\"}]},{\"@type\":\"WebSite\",\"@id\":\"https:\\\/\\\/fojab.se\\\/#website\",\"url\":\"https:\\\/\\\/fojab.se\\\/\",\"name\":\"FOJAB\",\"description\":\"\",\"potentialAction\":[{\"@type\":\"SearchAction\",\"target\":{\"@type\":\"EntryPoint\",\"urlTemplate\":\"https:\\\/\\\/fojab.se\\\/?s={search_term_string}\"},\"query-input\":{\"@type\":\"PropertyValueSpecification\",\"valueRequired\":true,\"valueName\":\"search_term_string\"}}],\"inLanguage\":\"en-US\"},{\"@type\":\"Person\",\"@id\":\"https:\\\/\\\/fojab.se\\\/#\\\/schema\\\/person\\\/54707f9ec80683b444c021e58fc3b87b\",\"name\":\"Frida Roijer\",\"image\":{\"@type\":\"ImageObject\",\"inLanguage\":\"en-US\",\"@id\":\"https:\\\/\\\/secure.gravatar.com\\\/avatar\\\/73fc92bb137edd2c9c6b8c33107eb69f59aacacfaee9868d7f812a97a93b9d9a?s=96&d=mm&r=g\",\"url\":\"https:\\\/\\\/secure.gravatar.com\\\/avatar\\\/73fc92bb137edd2c9c6b8c33107eb69f59aacacfaee9868d7f812a97a93b9d9a?s=96&d=mm&r=g\",\"contentUrl\":\"https:\\\/\\\/secure.gravatar.com\\\/avatar\\\/73fc92bb137edd2c9c6b8c33107eb69f59aacacfaee9868d7f812a97a93b9d9a?s=96&d=mm&r=g\",\"caption\":\"Frida Roijer\"},\"url\":\"https:\\\/\\\/fojab.se\\\/en\\\/aktuellt\\\/author\\\/frida-roijer\\\/\"}]}<\/script>\n<!-- \/ Yoast SEO plugin. -->","yoast_head_json":{"title":"Addressing the needs of patients and families | FOJAB","robots":{"index":"index","follow":"follow","max-snippet":"max-snippet:-1","max-image-preview":"max-image-preview:large","max-video-preview":"max-video-preview:-1"},"canonical":"https:\/\/fojab.se\/en\/topical\/has-allowed-the-needs-of-patients-and-relatives-to-be-addressed\/","og_locale":"en_US","og_type":"article","og_title":"H\u00e4r f\u00e5r patienters och anh\u00f6rigas behov ta plats | FOJAB","og_description":"Den palliativa v\u00e5rdavdelningen p\u00e5 Lasarettet i Motala ska byggas om f\u00f6r att p\u00e5 b\u00e4sta s\u00e4tt uppfylla verksamhetens, patienternas och de anh\u00f6rigas behov. FOJAB st\u00e5r bakom gestaltningen. Ombyggnaden av Motala lasaretts palliativa v\u00e5rdavdelning \u00e4r ett av flera uppdrag som FOJAB har f\u00f6r Region \u00d6sterg\u00f6tland inom ramavtalet. I februari startar bygghandlingsprojekteringen. Det \u00e4r en genomgripande ombyggnation och [&hellip;]","og_url":"https:\/\/fojab.se\/en\/topical\/has-allowed-the-needs-of-patients-and-relatives-to-be-addressed\/","og_site_name":"FOJAB","article_published_time":"2023-01-26T07:53:56+00:00","article_modified_time":"2023-02-01T10:14:18+00:00","og_image":[{"width":2000,"height":1414,"url":"https:\/\/media1.fojab.se\/2023\/01\/Motala-palliativ-avd_FOJAB-scaled.jpg","type":"image\/jpeg"}],"author":"Frida Roijer","twitter_card":"summary_large_image","twitter_misc":{"Written by":"Frida Roijer","Est. reading time":"2 minutes"},"schema":{"@context":"https:\/\/schema.org","@graph":[{"@type":"Article","@id":"https:\/\/fojab.se\/aktuellt\/har-far-patienters-och-anhorigas-behov-ta-plats\/#article","isPartOf":{"@id":"https:\/\/fojab.se\/aktuellt\/har-far-patienters-och-anhorigas-behov-ta-plats\/"},"author":{"name":"Frida Roijer","@id":"https:\/\/fojab.se\/#\/schema\/person\/54707f9ec80683b444c021e58fc3b87b"},"headline":"H\u00e4r f\u00e5r patienters och anh\u00f6rigas behov ta plats","datePublished":"2023-01-26T07:53:56+00:00","dateModified":"2023-02-01T10:14:18+00:00","mainEntityOfPage":{"@id":"https:\/\/fojab.se\/aktuellt\/har-far-patienters-och-anhorigas-behov-ta-plats\/"},"wordCount":353,"image":{"@id":"https:\/\/fojab.se\/aktuellt\/har-far-patienters-och-anhorigas-behov-ta-plats\/#primaryimage"},"thumbnailUrl":"https:\/\/media1.fojab.se\/2023\/01\/Motala-palliativ-avd_FOJAB-scaled.jpg","inLanguage":"en-US"},{"@type":"WebPage","@id":"https:\/\/fojab.se\/aktuellt\/har-far-patienters-och-anhorigas-behov-ta-plats\/","url":"https:\/\/fojab.se\/aktuellt\/har-far-patienters-och-anhorigas-behov-ta-plats\/","name":"Addressing the needs of patients and families | FOJAB","isPartOf":{"@id":"https:\/\/fojab.se\/#website"},"primaryImageOfPage":{"@id":"https:\/\/fojab.se\/aktuellt\/har-far-patienters-och-anhorigas-behov-ta-plats\/#primaryimage"},"image":{"@id":"https:\/\/fojab.se\/aktuellt\/har-far-patienters-och-anhorigas-behov-ta-plats\/#primaryimage"},"thumbnailUrl":"https:\/\/media1.fojab.se\/2023\/01\/Motala-palliativ-avd_FOJAB-scaled.jpg","datePublished":"2023-01-26T07:53:56+00:00","dateModified":"2023-02-01T10:14:18+00:00","author":{"@id":"https:\/\/fojab.se\/#\/schema\/person\/54707f9ec80683b444c021e58fc3b87b"},"breadcrumb":{"@id":"https:\/\/fojab.se\/aktuellt\/har-far-patienters-och-anhorigas-behov-ta-plats\/#breadcrumb"},"inLanguage":"en-US","potentialAction":[{"@type":"ReadAction","target":["https:\/\/fojab.se\/aktuellt\/har-far-patienters-och-anhorigas-behov-ta-plats\/"]}]},{"@type":"ImageObject","inLanguage":"en-US","@id":"https:\/\/fojab.se\/aktuellt\/har-far-patienters-och-anhorigas-behov-ta-plats\/#primaryimage","url":"https:\/\/media1.fojab.se\/2023\/01\/Motala-palliativ-avd_FOJAB-scaled.jpg","contentUrl":"https:\/\/media1.fojab.se\/2023\/01\/Motala-palliativ-avd_FOJAB-scaled.jpg","width":2000,"height":1414},{"@type":"BreadcrumbList","@id":"https:\/\/fojab.se\/aktuellt\/har-far-patienters-och-anhorigas-behov-ta-plats\/#breadcrumb","itemListElement":[{"@type":"ListItem","position":1,"name":"Hem","item":"https:\/\/fojab.se\/"},{"@type":"ListItem","position":2,"name":"H\u00e4r f\u00e5r patienters och anh\u00f6rigas behov ta plats"}]},{"@type":"WebSite","@id":"https:\/\/fojab.se\/#website","url":"https:\/\/fojab.se\/","name":"FOJAB","description":"","potentialAction":[{"@type":"SearchAction","target":{"@type":"EntryPoint","urlTemplate":"https:\/\/fojab.se\/?s={search_term_string}"},"query-input":{"@type":"PropertyValueSpecification","valueRequired":true,"valueName":"search_term_string"}}],"inLanguage":"en-US"},{"@type":"Person","@id":"https:\/\/fojab.se\/#\/schema\/person\/54707f9ec80683b444c021e58fc3b87b","name":"Frida Roijer","image":{"@type":"ImageObject","inLanguage":"en-US","@id":"https:\/\/secure.gravatar.com\/avatar\/73fc92bb137edd2c9c6b8c33107eb69f59aacacfaee9868d7f812a97a93b9d9a?s=96&d=mm&r=g","url":"https:\/\/secure.gravatar.com\/avatar\/73fc92bb137edd2c9c6b8c33107eb69f59aacacfaee9868d7f812a97a93b9d9a?s=96&d=mm&r=g","contentUrl":"https:\/\/secure.gravatar.com\/avatar\/73fc92bb137edd2c9c6b8c33107eb69f59aacacfaee9868d7f812a97a93b9d9a?s=96&d=mm&r=g","caption":"Frida Roijer"},"url":"https:\/\/fojab.se\/en\/aktuellt\/author\/frida-roijer\/"}]}},"_links":{"self":[{"href":"https:\/\/fojab.se\/en\/wp-json\/wp\/v2\/posts\/10053","targetHints":{"allow":["GET"]}}],"collection":[{"href":"https:\/\/fojab.se\/en\/wp-json\/wp\/v2\/posts"}],"about":[{"href":"https:\/\/fojab.se\/en\/wp-json\/wp\/v2\/types\/post"}],"author":[{"embeddable":true,"href":"https:\/\/fojab.se\/en\/wp-json\/wp\/v2\/users\/13"}],"replies":[{"embeddable":true,"href":"https:\/\/fojab.se\/en\/wp-json\/wp\/v2\/comments?post=10053"}],"version-history":[{"count":8,"href":"https:\/\/fojab.se\/en\/wp-json\/wp\/v2\/posts\/10053\/revisions"}],"predecessor-version":[{"id":10203,"href":"https:\/\/fojab.se\/en\/wp-json\/wp\/v2\/posts\/10053\/revisions\/10203"}],"wp:featuredmedia":[{"embeddable":true,"href":"https:\/\/fojab.se\/en\/wp-json\/wp\/v2\/media\/10055"}],"wp:attachment":[{"href":"https:\/\/fojab.se\/en\/wp-json\/wp\/v2\/media?parent=10053"}],"wp:term":[{"taxonomy":"category","embeddable":true,"href":"https:\/\/fojab.se\/en\/wp-json\/wp\/v2\/categories?post=10053"},{"taxonomy":"post_tag","embeddable":true,"href":"https:\/\/fojab.se\/en\/wp-json\/wp\/v2\/tags?post=10053"}],"curies":[{"name":"wp","href":"https:\/\/api.w.org\/{rel}","templated":true}]}}